{"id":900,"date":"2023-04-28T16:20:22","date_gmt":"2023-04-28T16:20:22","guid":{"rendered":"https:\/\/cdacv.es\/?p=900"},"modified":"2023-04-28T16:20:22","modified_gmt":"2023-04-28T16:20:22","slug":"el-consejo-del-audiovisual-de-la-comunidad-valenciana-liderara-el-trabajo-sobre-representacion-de-genero-en-la-plataforma-iberoamericana-de-reguladores-del-audiovisual-prai","status":"publish","type":"post","link":"https:\/\/cdacv.es\/es\/el-consejo-del-audiovisual-de-la-comunidad-valenciana-liderara-el-trabajo-sobre-representacion-de-genero-en-la-plataforma-iberoamericana-de-reguladores-del-audiovisual-prai\/","title":{"rendered":"El Consejo del Audiovisual de la Comunidad Valenciana liderar\u00e1 el trabajo sobre representaci\u00f3n de g\u00e9nero en la plataforma iberoamericana de reguladores del audiovisual (PRAI)"},"content":{"rendered":"<p><a href=\"https:\/\/cdacv.es\/es\/cacv-participa-en-el-plan-estrategico-de-la-prai\/\" target=\"_blank\" rel=\"noopener\"><strong>El Consejo del Audiovisual de la Comunidad Valenciana se ha incorporado recientemente a la plataforma Iberoamericana de reguladores del sector audiovisual -PRAI-<\/strong><\/a> y ha asumido la responsabilidad de liderar el trabajo sobre representaci\u00f3n de g\u00e9nero y eliminaci\u00f3n de la discriminaci\u00f3n sexual al audiovisual en esta plataforma internacional. La PRAI re\u00fane a las entidades reguladoras de Argentina, Chile, Espa\u00f1a, Per\u00fa, Portugal, Ecuador, M\u00e9xico, Colombia y Brasil, adem\u00e1s de Costa Rica y Marruecos en calidad de miembros observadores. Espa\u00f1a est\u00e1, adem\u00e1s, representada por los consejos audiovisuales de Catalu\u00f1a (que ocupa actualmente la presidencia de la PRAI), Andaluc\u00eda y Comunidad Valenciana.<\/p>\n<p><strong>El Consejo Audiovisual de la Comunidad Valenciana ha asumido el liderazgo del grupo de trabajo sobre representaci\u00f3n de g\u00e9nero con la coordinaci\u00f3n de la consejera, periodista y especialista en Igualdad, Anna Gimeno.<\/strong><\/p>\n<p>Uno de los objetivos de la PRAI es generar recursos y acuerdos en los que los organismos reguladores del sector audiovisual puedan basar la toma de decisiones, entre ellas las de car\u00e1cter normativo, que afectan al sector en la regi\u00f3n iberoamericana. En este sentido, el liderazgo del grupo de representaci\u00f3n de g\u00e9nero implicar\u00e1 la apertura de un canal de colaboraci\u00f3n con organizaciones especiales al combatir la discriminaci\u00f3n y plataformas reguladoras de Europa y otros \u00e1mbitos geogr\u00e1ficos para generar una base de experiencias y exigencias comunes para desarrollar sistemas de regulaci\u00f3n y legislaci\u00f3n coherentes con el objetivo de eliminaci\u00f3n de la desigualdad sexual, la reproducci\u00f3n de estereotipos y otros contenidos discriminatorios por raz\u00f3n de sexo al audiovisual en el marco internacional.<\/p>\n<p>En esta l\u00ednea se ha aprobado un plan de trabajo que tiene por objetivo, entre otros, impulsar acciones que permitan combatir la discriminaci\u00f3n sexual, la presencia desigual de las mujeres en pantalla y la representaci\u00f3n estereotipada de g\u00e9nero en el \u00e1mbito audiovisual, as\u00ed como incorporar la perspectiva feminista en las iniciativas de alfabetizaci\u00f3n medi\u00e1tica y audiovisual que desarrolla esta plataforma tanto en el \u00e1mbito iberoamericano como en colaboraci\u00f3n con organismos internacionales como la Unesco y plataformas de reguladores otras \u00e1reas geogr\u00e1ficas, con el objetivo de empujar una ciudadan\u00eda m\u00e1s consciente, cr\u00edtica y exigente con los contenidos audiovisuales.<\/p>\n<p>Uno de los proyectos m\u00e1s inmediatos es <strong>impulsar una fuente de recursos sobre mujeres expertas en el \u00e1rea iberoamericana<\/strong>, en las m\u00e1s diversas disciplinas, para proporcionar nuevas fuentes informativas a los medios de comunicaci\u00f3n y favorecer el incremento de la presencia de mujeres expertas en los contenidos audiovisuales informativos y de opini\u00f3n internacionales.<\/p>\n<p>El plan de trabajo incluye tambi\u00e9n la necesidad de reformular las estrategias para conseguir un compromiso m\u00e1s firme y un rol m\u00e1s activo de los medios en relaci\u00f3n a la eliminaci\u00f3n de la discriminaci\u00f3n, que no descanse en el voluntarismo de profesionales del sector, sino que implique la acci\u00f3n decidida de empresas y corporaciones y avance a posicionar a la PRAI como un agente internacional relevante en la construcci\u00f3n de un audiovisual libre de discriminaci\u00f3n sexual.<\/p>\n<p>El Consejo Audiovisual de la Comunidad Valenciana, adem\u00e1s, participa a los grupos de trabajo de la PRAI dedicados a <strong>\u201cAlfabetizaci\u00f3n medi\u00e1tica\u201d<\/strong>, <strong>\u201cInformaci\u00f3n falsa, campa\u00f1as de desinformaci\u00f3n y fake news\u201d<\/strong> y <strong>\u201cPluralismo a los medios y servicios audiovisuales\u201d.<\/strong><\/p>\n<p>&nbsp;<\/p>\n<p>&nbsp;<\/p>\n<p>&nbsp;<\/p>\n<p>&nbsp;<\/p>\n<p>&nbsp;<\/p>\n","protected":false},"excerpt":{"rendered":"<p>El Consejo del Audiovisual de la Comunidad Valenciana se ha incorporado recientemente a la plataforma Iberoamericana de reguladores del sector audiovisual -PRAI- y ha asumido la responsabilidad de liderar el&#8230;<\/p>\n","protected":false},"author":1,"featured_media":783,"comment_status":"closed","ping_status":"open","sticky":false,"template":"","format":"standard","meta":{"footnotes":""},"categories":[15],"tags":[],"class_list":["post-900","post","type-post","status-publish","format-standard","has-post-thumbnail","category-noticias"],"yoast_head":"<!-- This site is optimized with the Yoast SEO plugin v20.1 - https:\/\/yoast.com\/wordpress\/plugins\/seo\/ -->\n<title>El Consejo del Audiovisual de la Comunidad Valenciana liderar\u00e1 el trabajo sobre representaci\u00f3n de g\u00e9nero en la plataforma iberoamericana de reguladores del audiovisual (PRAI) - Consell De L\u2019Audiovisual De La Comunitat Valenciana<\/title>\n<meta name=\"robots\" content=\"index, follow, max-snippet:-1, max-image-preview:large, max-video-preview:-1\" \/>\n<link rel=\"canonical\" href=\"https:\/\/cdacv.es\/es\/el-consejo-del-audiovisual-de-la-comunidad-valenciana-liderara-el-trabajo-sobre-representacion-de-genero-en-la-plataforma-iberoamericana-de-reguladores-del-audiovisual-prai\/\" \/>\n<meta property=\"og:locale\" content=\"es_ES\" \/>\n<meta property=\"og:type\" content=\"article\" \/>\n<meta property=\"og:title\" content=\"El Consejo del Audiovisual de la Comunidad Valenciana liderar\u00e1 el trabajo sobre representaci\u00f3n de g\u00e9nero en la plataforma iberoamericana de reguladores del audiovisual (PRAI) - Consell De L\u2019Audiovisual De La Comunitat Valenciana\" \/>\n<meta property=\"og:description\" content=\"El Consejo del Audiovisual de la Comunidad Valenciana se ha incorporado recientemente a la plataforma Iberoamericana de reguladores del sector audiovisual -PRAI- y ha asumido la responsabilidad de liderar el...\" \/>\n<meta property=\"og:url\" content=\"https:\/\/cdacv.es\/es\/el-consejo-del-audiovisual-de-la-comunidad-valenciana-liderara-el-trabajo-sobre-representacion-de-genero-en-la-plataforma-iberoamericana-de-reguladores-del-audiovisual-prai\/\" \/>\n<meta property=\"og:site_name\" content=\"Consell De L\u2019Audiovisual De La Comunitat Valenciana\" \/>\n<meta property=\"article:published_time\" content=\"2023-04-28T16:20:22+00:00\" \/>\n<meta property=\"og:image\" content=\"https:\/\/cdacv.es\/wp-content\/uploads\/2023\/03\/logo-prai.png\" \/>\n\t<meta property=\"og:image:width\" content=\"725\" \/>\n\t<meta property=\"og:image:height\" content=\"363\" \/>\n\t<meta property=\"og:image:type\" content=\"image\/png\" \/>\n<meta name=\"author\" content=\"AdminNexora\" \/>\n<meta name=\"twitter:card\" content=\"summary_large_image\" \/>\n<meta name=\"twitter:label1\" content=\"Escrito por\" \/>\n\t<meta name=\"twitter:data1\" content=\"AdminNexora\" \/>\n\t<meta name=\"twitter:label2\" content=\"Tiempo de lectura\" \/>\n\t<meta name=\"twitter:data2\" content=\"3 minutos\" \/>\n<script type=\"application\/ld+json\" class=\"yoast-schema-graph\">{\"@context\":\"https:\/\/schema.org\",\"@graph\":[{\"@type\":\"Article\",\"@id\":\"https:\/\/cdacv.es\/es\/el-consejo-del-audiovisual-de-la-comunidad-valenciana-liderara-el-trabajo-sobre-representacion-de-genero-en-la-plataforma-iberoamericana-de-reguladores-del-audiovisual-prai\/#article\",\"isPartOf\":{\"@id\":\"https:\/\/cdacv.es\/es\/el-consejo-del-audiovisual-de-la-comunidad-valenciana-liderara-el-trabajo-sobre-representacion-de-genero-en-la-plataforma-iberoamericana-de-reguladores-del-audiovisual-prai\/\"},\"author\":{\"name\":\"AdminNexora\",\"@id\":\"https:\/\/cdacv.es\/#\/schema\/person\/2fe6d2110f66d6021bc485b6eb33b046\"},\"headline\":\"El Consejo del Audiovisual de la Comunidad Valenciana liderar\u00e1 el trabajo sobre representaci\u00f3n de g\u00e9nero en la plataforma iberoamericana de reguladores del audiovisual (PRAI)\",\"datePublished\":\"2023-04-28T16:20:22+00:00\",\"dateModified\":\"2023-04-28T16:20:22+00:00\",\"mainEntityOfPage\":{\"@id\":\"https:\/\/cdacv.es\/es\/el-consejo-del-audiovisual-de-la-comunidad-valenciana-liderara-el-trabajo-sobre-representacion-de-genero-en-la-plataforma-iberoamericana-de-reguladores-del-audiovisual-prai\/\"},\"wordCount\":601,\"publisher\":{\"@id\":\"https:\/\/cdacv.es\/#organization\"},\"articleSection\":[\"Noticias\"],\"inLanguage\":\"es\"},{\"@type\":\"WebPage\",\"@id\":\"https:\/\/cdacv.es\/es\/el-consejo-del-audiovisual-de-la-comunidad-valenciana-liderara-el-trabajo-sobre-representacion-de-genero-en-la-plataforma-iberoamericana-de-reguladores-del-audiovisual-prai\/\",\"url\":\"https:\/\/cdacv.es\/es\/el-consejo-del-audiovisual-de-la-comunidad-valenciana-liderara-el-trabajo-sobre-representacion-de-genero-en-la-plataforma-iberoamericana-de-reguladores-del-audiovisual-prai\/\",\"name\":\"El Consejo del Audiovisual de la Comunidad Valenciana liderar\u00e1 el trabajo sobre representaci\u00f3n de g\u00e9nero en la plataforma iberoamericana de reguladores del audiovisual (PRAI) - Consell De L\u2019Audiovisual De La Comunitat Valenciana\",\"isPartOf\":{\"@id\":\"https:\/\/cdacv.es\/#website\"},\"datePublished\":\"2023-04-28T16:20:22+00:00\",\"dateModified\":\"2023-04-28T16:20:22+00:00\",\"breadcrumb\":{\"@id\":\"https:\/\/cdacv.es\/es\/el-consejo-del-audiovisual-de-la-comunidad-valenciana-liderara-el-trabajo-sobre-representacion-de-genero-en-la-plataforma-iberoamericana-de-reguladores-del-audiovisual-prai\/#breadcrumb\"},\"inLanguage\":\"es\",\"potentialAction\":[{\"@type\":\"ReadAction\",\"target\":[\"https:\/\/cdacv.es\/es\/el-consejo-del-audiovisual-de-la-comunidad-valenciana-liderara-el-trabajo-sobre-representacion-de-genero-en-la-plataforma-iberoamericana-de-reguladores-del-audiovisual-prai\/\"]}]},{\"@type\":\"BreadcrumbList\",\"@id\":\"https:\/\/cdacv.es\/es\/el-consejo-del-audiovisual-de-la-comunidad-valenciana-liderara-el-trabajo-sobre-representacion-de-genero-en-la-plataforma-iberoamericana-de-reguladores-del-audiovisual-prai\/#breadcrumb\",\"itemListElement\":[{\"@type\":\"ListItem\",\"position\":1,\"name\":\"Home\",\"item\":\"https:\/\/cdacv.es\/es\/\"},{\"@type\":\"ListItem\",\"position\":2,\"name\":\"El Consejo del Audiovisual de la Comunidad Valenciana liderar\u00e1 el trabajo sobre representaci\u00f3n de g\u00e9nero en la plataforma iberoamericana de reguladores del audiovisual (PRAI)\"}]},{\"@type\":\"WebSite\",\"@id\":\"https:\/\/cdacv.es\/#website\",\"url\":\"https:\/\/cdacv.es\/\",\"name\":\"Consell De L\u2019Audiovisual De La Comunitat Valenciana\",\"description\":\"\u00c9s l\u2019autoritat audiovisual independent encarregada de vetlar pel respecte dels drets, llibertats i valors constitucionals i estatutaris en l\u2019\u00e0mbit dels mitjans audiovisuals a la Comunitat Valenciana\",\"publisher\":{\"@id\":\"https:\/\/cdacv.es\/#organization\"},\"potentialAction\":[{\"@type\":\"SearchAction\",\"target\":{\"@type\":\"EntryPoint\",\"urlTemplate\":\"https:\/\/cdacv.es\/?s={search_term_string}\"},\"query-input\":\"required name=search_term_string\"}],\"inLanguage\":\"es\"},{\"@type\":\"Organization\",\"@id\":\"https:\/\/cdacv.es\/#organization\",\"name\":\"Consell De L\u2019Audiovisual De La Comunitat Valenciana\",\"url\":\"https:\/\/cdacv.es\/\",\"logo\":{\"@type\":\"ImageObject\",\"inLanguage\":\"es\",\"@id\":\"https:\/\/cdacv.es\/#\/schema\/logo\/image\/\",\"url\":\"https:\/\/cdacv.es\/wp-content\/uploads\/2023\/02\/fav.png\",\"contentUrl\":\"https:\/\/cdacv.es\/wp-content\/uploads\/2023\/02\/fav.png\",\"width\":300,\"height\":300,\"caption\":\"Consell De L\u2019Audiovisual De La Comunitat Valenciana\"},\"image\":{\"@id\":\"https:\/\/cdacv.es\/#\/schema\/logo\/image\/\"}},{\"@type\":\"Person\",\"@id\":\"https:\/\/cdacv.es\/#\/schema\/person\/2fe6d2110f66d6021bc485b6eb33b046\",\"name\":\"AdminNexora\",\"image\":{\"@type\":\"ImageObject\",\"inLanguage\":\"es\",\"@id\":\"https:\/\/cdacv.es\/#\/schema\/person\/image\/\",\"url\":\"https:\/\/secure.gravatar.com\/avatar\/1dc9274a96bed2cdf016317fc52f0df0b0b46b9297a4d6eec4cc4035611cf5b1?s=96&d=mm&r=g\",\"contentUrl\":\"https:\/\/secure.gravatar.com\/avatar\/1dc9274a96bed2cdf016317fc52f0df0b0b46b9297a4d6eec4cc4035611cf5b1?s=96&d=mm&r=g\",\"caption\":\"AdminNexora\"},\"url\":\"https:\/\/cdacv.es\/es\/author\/adminnexora\/\"}]}<\/script>\n<!-- \/ Yoast SEO plugin. -->","yoast_head_json":{"title":"El Consejo del Audiovisual de la Comunidad Valenciana liderar\u00e1 el trabajo sobre representaci\u00f3n de g\u00e9nero en la plataforma iberoamericana de reguladores del audiovisual (PRAI) - Consell De L\u2019Audiovisual De La Comunitat Valenciana","robots":{"index":"index","follow":"follow","max-snippet":"max-snippet:-1","max-image-preview":"max-image-preview:large","max-video-preview":"max-video-preview:-1"},"canonical":"https:\/\/cdacv.es\/es\/el-consejo-del-audiovisual-de-la-comunidad-valenciana-liderara-el-trabajo-sobre-representacion-de-genero-en-la-plataforma-iberoamericana-de-reguladores-del-audiovisual-prai\/","og_locale":"es_ES","og_type":"article","og_title":"El Consejo del Audiovisual de la Comunidad Valenciana liderar\u00e1 el trabajo sobre representaci\u00f3n de g\u00e9nero en la plataforma iberoamericana de reguladores del audiovisual (PRAI) - Consell De L\u2019Audiovisual De La Comunitat Valenciana","og_description":"El Consejo del Audiovisual de la Comunidad Valenciana se ha incorporado recientemente a la plataforma Iberoamericana de reguladores del sector audiovisual -PRAI- y ha asumido la responsabilidad de liderar el...","og_url":"https:\/\/cdacv.es\/es\/el-consejo-del-audiovisual-de-la-comunidad-valenciana-liderara-el-trabajo-sobre-representacion-de-genero-en-la-plataforma-iberoamericana-de-reguladores-del-audiovisual-prai\/","og_site_name":"Consell De L\u2019Audiovisual De La Comunitat Valenciana","article_published_time":"2023-04-28T16:20:22+00:00","og_image":[{"width":725,"height":363,"url":"https:\/\/cdacv.es\/wp-content\/uploads\/2023\/03\/logo-prai.png","type":"image\/png"}],"author":"AdminNexora","twitter_card":"summary_large_image","twitter_misc":{"Escrito por":"AdminNexora","Tiempo de lectura":"3 minutos"},"schema":{"@context":"https:\/\/schema.org","@graph":[{"@type":"Article","@id":"https:\/\/cdacv.es\/es\/el-consejo-del-audiovisual-de-la-comunidad-valenciana-liderara-el-trabajo-sobre-representacion-de-genero-en-la-plataforma-iberoamericana-de-reguladores-del-audiovisual-prai\/#article","isPartOf":{"@id":"https:\/\/cdacv.es\/es\/el-consejo-del-audiovisual-de-la-comunidad-valenciana-liderara-el-trabajo-sobre-representacion-de-genero-en-la-plataforma-iberoamericana-de-reguladores-del-audiovisual-prai\/"},"author":{"name":"AdminNexora","@id":"https:\/\/cdacv.es\/#\/schema\/person\/2fe6d2110f66d6021bc485b6eb33b046"},"headline":"El Consejo del Audiovisual de la Comunidad Valenciana liderar\u00e1 el trabajo sobre representaci\u00f3n de g\u00e9nero en la plataforma iberoamericana de reguladores del audiovisual (PRAI)","datePublished":"2023-04-28T16:20:22+00:00","dateModified":"2023-04-28T16:20:22+00:00","mainEntityOfPage":{"@id":"https:\/\/cdacv.es\/es\/el-consejo-del-audiovisual-de-la-comunidad-valenciana-liderara-el-trabajo-sobre-representacion-de-genero-en-la-plataforma-iberoamericana-de-reguladores-del-audiovisual-prai\/"},"wordCount":601,"publisher":{"@id":"https:\/\/cdacv.es\/#organization"},"articleSection":["Noticias"],"inLanguage":"es"},{"@type":"WebPage","@id":"https:\/\/cdacv.es\/es\/el-consejo-del-audiovisual-de-la-comunidad-valenciana-liderara-el-trabajo-sobre-representacion-de-genero-en-la-plataforma-iberoamericana-de-reguladores-del-audiovisual-prai\/","url":"https:\/\/cdacv.es\/es\/el-consejo-del-audiovisual-de-la-comunidad-valenciana-liderara-el-trabajo-sobre-representacion-de-genero-en-la-plataforma-iberoamericana-de-reguladores-del-audiovisual-prai\/","name":"El Consejo del Audiovisual de la Comunidad Valenciana liderar\u00e1 el trabajo sobre representaci\u00f3n de g\u00e9nero en la plataforma iberoamericana de reguladores del audiovisual (PRAI) - Consell De L\u2019Audiovisual De La Comunitat Valenciana","isPartOf":{"@id":"https:\/\/cdacv.es\/#website"},"datePublished":"2023-04-28T16:20:22+00:00","dateModified":"2023-04-28T16:20:22+00:00","breadcrumb":{"@id":"https:\/\/cdacv.es\/es\/el-consejo-del-audiovisual-de-la-comunidad-valenciana-liderara-el-trabajo-sobre-representacion-de-genero-en-la-plataforma-iberoamericana-de-reguladores-del-audiovisual-prai\/#breadcrumb"},"inLanguage":"es","potentialAction":[{"@type":"ReadAction","target":["https:\/\/cdacv.es\/es\/el-consejo-del-audiovisual-de-la-comunidad-valenciana-liderara-el-trabajo-sobre-representacion-de-genero-en-la-plataforma-iberoamericana-de-reguladores-del-audiovisual-prai\/"]}]},{"@type":"BreadcrumbList","@id":"https:\/\/cdacv.es\/es\/el-consejo-del-audiovisual-de-la-comunidad-valenciana-liderara-el-trabajo-sobre-representacion-de-genero-en-la-plataforma-iberoamericana-de-reguladores-del-audiovisual-prai\/#breadcrumb","itemListElement":[{"@type":"ListItem","position":1,"name":"Home","item":"https:\/\/cdacv.es\/es\/"},{"@type":"ListItem","position":2,"name":"El Consejo del Audiovisual de la Comunidad Valenciana liderar\u00e1 el trabajo sobre representaci\u00f3n de g\u00e9nero en la plataforma iberoamericana de reguladores del audiovisual (PRAI)"}]},{"@type":"WebSite","@id":"https:\/\/cdacv.es\/#website","url":"https:\/\/cdacv.es\/","name":"Consell De L\u2019Audiovisual De La Comunitat Valenciana","description":"\u00c9s l\u2019autoritat audiovisual independent encarregada de vetlar pel respecte dels drets, llibertats i valors constitucionals i estatutaris en l\u2019\u00e0mbit dels mitjans audiovisuals a la Comunitat Valenciana","publisher":{"@id":"https:\/\/cdacv.es\/#organization"},"potentialAction":[{"@type":"SearchAction","target":{"@type":"EntryPoint","urlTemplate":"https:\/\/cdacv.es\/?s={search_term_string}"},"query-input":"required name=search_term_string"}],"inLanguage":"es"},{"@type":"Organization","@id":"https:\/\/cdacv.es\/#organization","name":"Consell De L\u2019Audiovisual De La Comunitat Valenciana","url":"https:\/\/cdacv.es\/","logo":{"@type":"ImageObject","inLanguage":"es","@id":"https:\/\/cdacv.es\/#\/schema\/logo\/image\/","url":"https:\/\/cdacv.es\/wp-content\/uploads\/2023\/02\/fav.png","contentUrl":"https:\/\/cdacv.es\/wp-content\/uploads\/2023\/02\/fav.png","width":300,"height":300,"caption":"Consell De L\u2019Audiovisual De La Comunitat Valenciana"},"image":{"@id":"https:\/\/cdacv.es\/#\/schema\/logo\/image\/"}},{"@type":"Person","@id":"https:\/\/cdacv.es\/#\/schema\/person\/2fe6d2110f66d6021bc485b6eb33b046","name":"AdminNexora","image":{"@type":"ImageObject","inLanguage":"es","@id":"https:\/\/cdacv.es\/#\/schema\/person\/image\/","url":"https:\/\/secure.gravatar.com\/avatar\/1dc9274a96bed2cdf016317fc52f0df0b0b46b9297a4d6eec4cc4035611cf5b1?s=96&d=mm&r=g","contentUrl":"https:\/\/secure.gravatar.com\/avatar\/1dc9274a96bed2cdf016317fc52f0df0b0b46b9297a4d6eec4cc4035611cf5b1?s=96&d=mm&r=g","caption":"AdminNexora"},"url":"https:\/\/cdacv.es\/es\/author\/adminnexora\/"}]}},"_links":{"self":[{"href":"https:\/\/cdacv.es\/es\/wp-json\/wp\/v2\/posts\/900","targetHints":{"allow":["GET"]}}],"collection":[{"href":"https:\/\/cdacv.es\/es\/wp-json\/wp\/v2\/posts"}],"about":[{"href":"https:\/\/cdacv.es\/es\/wp-json\/wp\/v2\/types\/post"}],"author":[{"embeddable":true,"href":"https:\/\/cdacv.es\/es\/wp-json\/wp\/v2\/users\/1"}],"replies":[{"embeddable":true,"href":"https:\/\/cdacv.es\/es\/wp-json\/wp\/v2\/comments?post=900"}],"version-history":[{"count":1,"href":"https:\/\/cdacv.es\/es\/wp-json\/wp\/v2\/posts\/900\/revisions"}],"predecessor-version":[{"id":901,"href":"https:\/\/cdacv.es\/es\/wp-json\/wp\/v2\/posts\/900\/revisions\/901"}],"wp:featuredmedia":[{"embeddable":true,"href":"https:\/\/cdacv.es\/es\/wp-json\/wp\/v2\/media\/783"}],"wp:attachment":[{"href":"https:\/\/cdacv.es\/es\/wp-json\/wp\/v2\/media?parent=900"}],"wp:term":[{"taxonomy":"category","embeddable":true,"href":"https:\/\/cdacv.es\/es\/wp-json\/wp\/v2\/categories?post=900"},{"taxonomy":"post_tag","embeddable":true,"href":"https:\/\/cdacv.es\/es\/wp-json\/wp\/v2\/tags?post=900"}],"curies":[{"name":"wp","href":"https:\/\/api.w.org\/{rel}","templated":true}]}}