{"id":755,"date":"2023-03-29T13:59:44","date_gmt":"2023-03-29T13:59:44","guid":{"rendered":"https:\/\/cdacv.es\/?p=755"},"modified":"2023-03-29T13:59:44","modified_gmt":"2023-03-29T13:59:44","slug":"cacv-participa-en-la-jornada-unesco-prai-sobre-ami-iberoamerica","status":"publish","type":"post","link":"https:\/\/cdacv.es\/es\/cacv-participa-en-la-jornada-unesco-prai-sobre-ami-iberoamerica\/","title":{"rendered":"El CACV participa en la Jornada UNESCO-PRAI sobre la situaci\u00f3n, perspectivas y retos de futuro de la alfabetizaci\u00f3n medi\u00e1tica e informacional en Iberoam\u00e9rica"},"content":{"rendered":"<p>El 30 de marzo, a las 16:00, se celebra en Barcelona la Jornada abierta <strong>UNESCO-PRAI<\/strong> sobre la situaci\u00f3n, perspectivas y retos de futuro de la <strong>alfabetizaci\u00f3n medi\u00e1tica e informacional en Iberoam\u00e9rica<\/strong>. Desde CACV participaremos a trav\u00e9s de Videoconferencia.<\/p>\n<p class=\"p2\">La <strong>alfabetizaci\u00f3n medi\u00e1tica e informacional<\/strong> (AMI) se ha convertido en una herramienta recurrente para potenciar, fomentar y fortalecer las competencias, conocimientos y capacidades de comprensi\u00f3n que permiten a la ciudadan\u00eda utilizar con eficacia y seguridad los medios. En este sentido, y con el objetivo de poder a acceder a la informaci\u00f3n y utilizar, analizar de forma cr\u00edtica y crear contenidos medi\u00e1ticos de modo responsable y seguro, la ciudadan\u00eda debe poseer suficientes capacidades en AMI para poder conseguirlo.<\/p>\n<p class=\"p2\">La jornada abierta tiene por objeto presentar una perspectiva de la situaci\u00f3n de la AMI, as\u00ed como sus retos y perspectivas de futuro, en el marco iberoamericano. Para ello, cuenta con panelistas vinculadas y vinculados a la UNESCO, la PRAI y la academia.<\/p>\n<p>Este es el programa de la Jornada:<\/p>\n<p class=\"p1\"><b>16:00 h Bienvenida a la jornada <\/b><\/p>\n<p class=\"p1\">\u2022 Sr. <b>Xevi Xirgo Teixidor<\/b>, Presidente de la Plataforma de Reguladores del Sector Audiovisual de Iberoam\u00e9rica (PRAI) y Presidente del Consejo del Audiovisual de Catalu\u00f1a (CAC).<\/p>\n<p class=\"p1\"><b>16:10 h Panel <\/b><\/p>\n<p class=\"p1\">Moderaci\u00f3n: <b>M\u00f2nica Duran Ruiz<\/b>, Secretaria Ejecutiva PRAI<\/p>\n<p class=\"p1\">\u2022 <b>Dr. Guillermo Orozco G\u00f3mez<\/b>, Investigador Nacional Em\u00e9rito y Profesor Titular del Departamento de Estudios de la Comunicaci\u00f3n Social, UDG. Coordinador del Programa C\u00e1tedra UNESCO, UDG<\/p>\n<p class=\"p1\"><b>Dr. Jose Manuel Corona Rodr\u00edguez<\/b>, Investigador Nacional. Profesor de Comunicaci\u00f3n, Co-Coordinador del Programa C\u00e1tedra UNESCO, UDG.<\/p>\n<p class=\"p1\">\u201cDe la dispersi\u00f3n conceptual a la generalidad de las pol\u00edticas: el complejo camino de la alfabetizaci\u00f3n medi\u00e1tica en Am\u00e9rica Latina\u201d<\/p>\n<p class=\"p1\">\u2022 <b>Dra. Marta Montagut<\/b>, Profesora contratada doctor en la URV y Vicepresidenta de la asociaci\u00f3n <i>Learn to Check <\/i>\u201cIniciativas para la educaci\u00f3n medi\u00e1tica en la pen\u00ednsula Ib\u00e9rica: hacia una articulaci\u00f3n coherente\u00bb<\/p>\n<p class=\"p1\">\u2022 <b>Sra. Rosa M. Gonz\u00e1lez<\/b>, Asesora regional de Comunicaci\u00f3n e Informaci\u00f3n de la UNESCO para Am\u00e9rica Latina y Caribe \u201cEl programa AMI de la UNESCO en Am\u00e9rica Latina\u201d<\/p>\n<p class=\"p1\">\u2022 <b>Sr. Alexandre Le Voci Sayad<\/b>, Copresidente del Comit\u00e9 Directivo Internacional de la Alianza Mundial para las Asociaciones sobre Alfabetizaci\u00f3n Medi\u00e1tica e Informacional (UNESCO MIL ALLIANCE) \u201cEducaci\u00f3n medi\u00e1tica en el mundo: perspectivas y desaf\u00edos\u201d<\/p>\n<p class=\"p1\">\u2022 <b>Sra. Miriam Larco<\/b>, Secretaria t\u00e9cnica del Consejo Consultivo de Radio y Televisi\u00f3n de Per\u00fa, miembro del grupo de trabajo PRAI en AMI<\/p>\n<p class=\"p1\"><b>Sra. Mariela Baladr\u00f3n<\/b>, Asesora del Directorio, Ente Nacional de Comunicaciones de Argentina, miembro del grupo de trabajo PRAI en AMI<\/p>\n<p class=\"p1\">\u201cAlfabetizaci\u00f3n Medi\u00e1tica e Informacional: el camino recorrido y retos de futuro desde la PRAI\u201d<\/p>\n<p>Finalmente se abrir\u00e1 un espacio de debate sobre el presente y futuro de la AMI.<\/p>\n","protected":false},"excerpt":{"rendered":"<p>El 30 de marzo, a las 16:00, se celebra en Barcelona la Jornada abierta UNESCO-PRAI sobre la situaci\u00f3n, perspectivas y retos de futuro de la alfabetizaci\u00f3n medi\u00e1tica e informacional en&#8230;<\/p>\n","protected":false},"author":1,"featured_media":758,"comment_status":"closed","ping_status":"open","sticky":false,"template":"","format":"standard","meta":{"footnotes":""},"categories":[15],"tags":[],"class_list":["post-755","post","type-post","status-publish","format-standard","has-post-thumbnail","category-noticias"],"yoast_head":"<!-- This site is optimized with the Yoast SEO plugin v20.1 - https:\/\/yoast.com\/wordpress\/plugins\/seo\/ -->\n<title>CACV participa en una Jornada UNESCO-PRAI sobre la AMI<\/title>\n<meta name=\"description\" content=\"La alfabetizaci\u00f3n medi\u00e1tica e informacional (AMI) se ha convertido en una herramienta recurrente para potenciar, fomentar y fortalecer las competencias, conocimientos y capacidades de comprensi\u00f3n que permiten a la ciudadan\u00eda utilizar con eficacia y seguridad los medios\" \/>\n<meta name=\"robots\" content=\"index, follow, max-snippet:-1, max-image-preview:large, max-video-preview:-1\" \/>\n<link rel=\"canonical\" href=\"https:\/\/cdacv.es\/es\/cacv-participa-en-la-jornada-unesco-prai-sobre-ami-iberoamerica\/\" \/>\n<meta property=\"og:locale\" content=\"es_ES\" \/>\n<meta property=\"og:type\" content=\"article\" \/>\n<meta property=\"og:title\" content=\"CACV participa en una Jornada UNESCO-PRAI sobre la AMI\" \/>\n<meta property=\"og:description\" content=\"La alfabetizaci\u00f3n medi\u00e1tica e informacional (AMI) se ha convertido en una herramienta recurrente para potenciar, fomentar y fortalecer las competencias, conocimientos y capacidades de comprensi\u00f3n que permiten a la ciudadan\u00eda utilizar con eficacia y seguridad los medios\" \/>\n<meta property=\"og:url\" content=\"https:\/\/cdacv.es\/es\/cacv-participa-en-la-jornada-unesco-prai-sobre-ami-iberoamerica\/\" \/>\n<meta property=\"og:site_name\" content=\"Consell De L\u2019Audiovisual De La Comunitat Valenciana\" \/>\n<meta property=\"article:published_time\" content=\"2023-03-29T13:59:44+00:00\" \/>\n<meta property=\"og:image\" content=\"https:\/\/cdacv.es\/wp-content\/uploads\/2023\/03\/TARGETO-PRAI-UNESCO-MARC.jpg\" \/>\n\t<meta property=\"og:image:width\" content=\"1119\" \/>\n\t<meta property=\"og:image:height\" content=\"790\" \/>\n\t<meta property=\"og:image:type\" content=\"image\/jpeg\" \/>\n<meta name=\"author\" content=\"AdminNexora\" \/>\n<meta name=\"twitter:card\" content=\"summary_large_image\" \/>\n<meta name=\"twitter:label1\" content=\"Escrito por\" \/>\n\t<meta name=\"twitter:data1\" content=\"AdminNexora\" \/>\n\t<meta name=\"twitter:label2\" content=\"Tiempo de lectura\" \/>\n\t<meta name=\"twitter:data2\" content=\"2 minutos\" \/>\n<script type=\"application\/ld+json\" class=\"yoast-schema-graph\">{\"@context\":\"https:\/\/schema.org\",\"@graph\":[{\"@type\":\"Article\",\"@id\":\"https:\/\/cdacv.es\/es\/cacv-participa-en-la-jornada-unesco-prai-sobre-ami-iberoamerica\/#article\",\"isPartOf\":{\"@id\":\"https:\/\/cdacv.es\/es\/cacv-participa-en-la-jornada-unesco-prai-sobre-ami-iberoamerica\/\"},\"author\":{\"name\":\"AdminNexora\",\"@id\":\"https:\/\/cdacv.es\/#\/schema\/person\/2fe6d2110f66d6021bc485b6eb33b046\"},\"headline\":\"El CACV participa en la Jornada UNESCO-PRAI sobre la situaci\u00f3n, perspectivas y retos de futuro de la alfabetizaci\u00f3n medi\u00e1tica e informacional en Iberoam\u00e9rica\",\"datePublished\":\"2023-03-29T13:59:44+00:00\",\"dateModified\":\"2023-03-29T13:59:44+00:00\",\"mainEntityOfPage\":{\"@id\":\"https:\/\/cdacv.es\/es\/cacv-participa-en-la-jornada-unesco-prai-sobre-ami-iberoamerica\/\"},\"wordCount\":502,\"publisher\":{\"@id\":\"https:\/\/cdacv.es\/#organization\"},\"articleSection\":[\"Noticias\"],\"inLanguage\":\"es\"},{\"@type\":\"WebPage\",\"@id\":\"https:\/\/cdacv.es\/es\/cacv-participa-en-la-jornada-unesco-prai-sobre-ami-iberoamerica\/\",\"url\":\"https:\/\/cdacv.es\/es\/cacv-participa-en-la-jornada-unesco-prai-sobre-ami-iberoamerica\/\",\"name\":\"CACV participa en una Jornada UNESCO-PRAI sobre la AMI\",\"isPartOf\":{\"@id\":\"https:\/\/cdacv.es\/#website\"},\"datePublished\":\"2023-03-29T13:59:44+00:00\",\"dateModified\":\"2023-03-29T13:59:44+00:00\",\"description\":\"La alfabetizaci\u00f3n medi\u00e1tica e informacional (AMI) se ha convertido en una herramienta recurrente para potenciar, fomentar y fortalecer las competencias, conocimientos y capacidades de comprensi\u00f3n que permiten a la ciudadan\u00eda utilizar con eficacia y seguridad los medios\",\"breadcrumb\":{\"@id\":\"https:\/\/cdacv.es\/es\/cacv-participa-en-la-jornada-unesco-prai-sobre-ami-iberoamerica\/#breadcrumb\"},\"inLanguage\":\"es\",\"potentialAction\":[{\"@type\":\"ReadAction\",\"target\":[\"https:\/\/cdacv.es\/es\/cacv-participa-en-la-jornada-unesco-prai-sobre-ami-iberoamerica\/\"]}]},{\"@type\":\"BreadcrumbList\",\"@id\":\"https:\/\/cdacv.es\/es\/cacv-participa-en-la-jornada-unesco-prai-sobre-ami-iberoamerica\/#breadcrumb\",\"itemListElement\":[{\"@type\":\"ListItem\",\"position\":1,\"name\":\"Home\",\"item\":\"https:\/\/cdacv.es\/es\/\"},{\"@type\":\"ListItem\",\"position\":2,\"name\":\"El CACV participa en la Jornada UNESCO-PRAI sobre la situaci\u00f3n, perspectivas y retos de futuro de la alfabetizaci\u00f3n medi\u00e1tica e informacional en Iberoam\u00e9rica\"}]},{\"@type\":\"WebSite\",\"@id\":\"https:\/\/cdacv.es\/#website\",\"url\":\"https:\/\/cdacv.es\/\",\"name\":\"Consell De L\u2019Audiovisual De La Comunitat Valenciana\",\"description\":\"\u00c9s l\u2019autoritat audiovisual independent encarregada de vetlar pel respecte dels drets, llibertats i valors constitucionals i estatutaris en l\u2019\u00e0mbit dels mitjans audiovisuals a la Comunitat Valenciana\",\"publisher\":{\"@id\":\"https:\/\/cdacv.es\/#organization\"},\"potentialAction\":[{\"@type\":\"SearchAction\",\"target\":{\"@type\":\"EntryPoint\",\"urlTemplate\":\"https:\/\/cdacv.es\/?s={search_term_string}\"},\"query-input\":\"required name=search_term_string\"}],\"inLanguage\":\"es\"},{\"@type\":\"Organization\",\"@id\":\"https:\/\/cdacv.es\/#organization\",\"name\":\"Consell De L\u2019Audiovisual De La Comunitat Valenciana\",\"url\":\"https:\/\/cdacv.es\/\",\"logo\":{\"@type\":\"ImageObject\",\"inLanguage\":\"es\",\"@id\":\"https:\/\/cdacv.es\/#\/schema\/logo\/image\/\",\"url\":\"https:\/\/cdacv.es\/wp-content\/uploads\/2023\/02\/fav.png\",\"contentUrl\":\"https:\/\/cdacv.es\/wp-content\/uploads\/2023\/02\/fav.png\",\"width\":300,\"height\":300,\"caption\":\"Consell De L\u2019Audiovisual De La Comunitat Valenciana\"},\"image\":{\"@id\":\"https:\/\/cdacv.es\/#\/schema\/logo\/image\/\"}},{\"@type\":\"Person\",\"@id\":\"https:\/\/cdacv.es\/#\/schema\/person\/2fe6d2110f66d6021bc485b6eb33b046\",\"name\":\"AdminNexora\",\"image\":{\"@type\":\"ImageObject\",\"inLanguage\":\"es\",\"@id\":\"https:\/\/cdacv.es\/#\/schema\/person\/image\/\",\"url\":\"https:\/\/secure.gravatar.com\/avatar\/1dc9274a96bed2cdf016317fc52f0df0b0b46b9297a4d6eec4cc4035611cf5b1?s=96&d=mm&r=g\",\"contentUrl\":\"https:\/\/secure.gravatar.com\/avatar\/1dc9274a96bed2cdf016317fc52f0df0b0b46b9297a4d6eec4cc4035611cf5b1?s=96&d=mm&r=g\",\"caption\":\"AdminNexora\"},\"url\":\"https:\/\/cdacv.es\/es\/author\/adminnexora\/\"}]}<\/script>\n<!-- \/ Yoast SEO plugin. -->","yoast_head_json":{"title":"CACV participa en una Jornada UNESCO-PRAI sobre la AMI","description":"La alfabetizaci\u00f3n medi\u00e1tica e informacional (AMI) se ha convertido en una herramienta recurrente para potenciar, fomentar y fortalecer las competencias, conocimientos y capacidades de comprensi\u00f3n que permiten a la ciudadan\u00eda utilizar con eficacia y seguridad los medios","robots":{"index":"index","follow":"follow","max-snippet":"max-snippet:-1","max-image-preview":"max-image-preview:large","max-video-preview":"max-video-preview:-1"},"canonical":"https:\/\/cdacv.es\/es\/cacv-participa-en-la-jornada-unesco-prai-sobre-ami-iberoamerica\/","og_locale":"es_ES","og_type":"article","og_title":"CACV participa en una Jornada UNESCO-PRAI sobre la AMI","og_description":"La alfabetizaci\u00f3n medi\u00e1tica e informacional (AMI) se ha convertido en una herramienta recurrente para potenciar, fomentar y fortalecer las competencias, conocimientos y capacidades de comprensi\u00f3n que permiten a la ciudadan\u00eda utilizar con eficacia y seguridad los medios","og_url":"https:\/\/cdacv.es\/es\/cacv-participa-en-la-jornada-unesco-prai-sobre-ami-iberoamerica\/","og_site_name":"Consell De L\u2019Audiovisual De La Comunitat Valenciana","article_published_time":"2023-03-29T13:59:44+00:00","og_image":[{"width":1119,"height":790,"url":"https:\/\/cdacv.es\/wp-content\/uploads\/2023\/03\/TARGETO-PRAI-UNESCO-MARC.jpg","type":"image\/jpeg"}],"author":"AdminNexora","twitter_card":"summary_large_image","twitter_misc":{"Escrito por":"AdminNexora","Tiempo de lectura":"2 minutos"},"schema":{"@context":"https:\/\/schema.org","@graph":[{"@type":"Article","@id":"https:\/\/cdacv.es\/es\/cacv-participa-en-la-jornada-unesco-prai-sobre-ami-iberoamerica\/#article","isPartOf":{"@id":"https:\/\/cdacv.es\/es\/cacv-participa-en-la-jornada-unesco-prai-sobre-ami-iberoamerica\/"},"author":{"name":"AdminNexora","@id":"https:\/\/cdacv.es\/#\/schema\/person\/2fe6d2110f66d6021bc485b6eb33b046"},"headline":"El CACV participa en la Jornada UNESCO-PRAI sobre la situaci\u00f3n, perspectivas y retos de futuro de la alfabetizaci\u00f3n medi\u00e1tica e informacional en Iberoam\u00e9rica","datePublished":"2023-03-29T13:59:44+00:00","dateModified":"2023-03-29T13:59:44+00:00","mainEntityOfPage":{"@id":"https:\/\/cdacv.es\/es\/cacv-participa-en-la-jornada-unesco-prai-sobre-ami-iberoamerica\/"},"wordCount":502,"publisher":{"@id":"https:\/\/cdacv.es\/#organization"},"articleSection":["Noticias"],"inLanguage":"es"},{"@type":"WebPage","@id":"https:\/\/cdacv.es\/es\/cacv-participa-en-la-jornada-unesco-prai-sobre-ami-iberoamerica\/","url":"https:\/\/cdacv.es\/es\/cacv-participa-en-la-jornada-unesco-prai-sobre-ami-iberoamerica\/","name":"CACV participa en una Jornada UNESCO-PRAI sobre la AMI","isPartOf":{"@id":"https:\/\/cdacv.es\/#website"},"datePublished":"2023-03-29T13:59:44+00:00","dateModified":"2023-03-29T13:59:44+00:00","description":"La alfabetizaci\u00f3n medi\u00e1tica e informacional (AMI) se ha convertido en una herramienta recurrente para potenciar, fomentar y fortalecer las competencias, conocimientos y capacidades de comprensi\u00f3n que permiten a la ciudadan\u00eda utilizar con eficacia y seguridad los medios","breadcrumb":{"@id":"https:\/\/cdacv.es\/es\/cacv-participa-en-la-jornada-unesco-prai-sobre-ami-iberoamerica\/#breadcrumb"},"inLanguage":"es","potentialAction":[{"@type":"ReadAction","target":["https:\/\/cdacv.es\/es\/cacv-participa-en-la-jornada-unesco-prai-sobre-ami-iberoamerica\/"]}]},{"@type":"BreadcrumbList","@id":"https:\/\/cdacv.es\/es\/cacv-participa-en-la-jornada-unesco-prai-sobre-ami-iberoamerica\/#breadcrumb","itemListElement":[{"@type":"ListItem","position":1,"name":"Home","item":"https:\/\/cdacv.es\/es\/"},{"@type":"ListItem","position":2,"name":"El CACV participa en la Jornada UNESCO-PRAI sobre la situaci\u00f3n, perspectivas y retos de futuro de la alfabetizaci\u00f3n medi\u00e1tica e informacional en Iberoam\u00e9rica"}]},{"@type":"WebSite","@id":"https:\/\/cdacv.es\/#website","url":"https:\/\/cdacv.es\/","name":"Consell De L\u2019Audiovisual De La Comunitat Valenciana","description":"\u00c9s l\u2019autoritat audiovisual independent encarregada de vetlar pel respecte dels drets, llibertats i valors constitucionals i estatutaris en l\u2019\u00e0mbit dels mitjans audiovisuals a la Comunitat Valenciana","publisher":{"@id":"https:\/\/cdacv.es\/#organization"},"potentialAction":[{"@type":"SearchAction","target":{"@type":"EntryPoint","urlTemplate":"https:\/\/cdacv.es\/?s={search_term_string}"},"query-input":"required name=search_term_string"}],"inLanguage":"es"},{"@type":"Organization","@id":"https:\/\/cdacv.es\/#organization","name":"Consell De L\u2019Audiovisual De La Comunitat Valenciana","url":"https:\/\/cdacv.es\/","logo":{"@type":"ImageObject","inLanguage":"es","@id":"https:\/\/cdacv.es\/#\/schema\/logo\/image\/","url":"https:\/\/cdacv.es\/wp-content\/uploads\/2023\/02\/fav.png","contentUrl":"https:\/\/cdacv.es\/wp-content\/uploads\/2023\/02\/fav.png","width":300,"height":300,"caption":"Consell De L\u2019Audiovisual De La Comunitat Valenciana"},"image":{"@id":"https:\/\/cdacv.es\/#\/schema\/logo\/image\/"}},{"@type":"Person","@id":"https:\/\/cdacv.es\/#\/schema\/person\/2fe6d2110f66d6021bc485b6eb33b046","name":"AdminNexora","image":{"@type":"ImageObject","inLanguage":"es","@id":"https:\/\/cdacv.es\/#\/schema\/person\/image\/","url":"https:\/\/secure.gravatar.com\/avatar\/1dc9274a96bed2cdf016317fc52f0df0b0b46b9297a4d6eec4cc4035611cf5b1?s=96&d=mm&r=g","contentUrl":"https:\/\/secure.gravatar.com\/avatar\/1dc9274a96bed2cdf016317fc52f0df0b0b46b9297a4d6eec4cc4035611cf5b1?s=96&d=mm&r=g","caption":"AdminNexora"},"url":"https:\/\/cdacv.es\/es\/author\/adminnexora\/"}]}},"_links":{"self":[{"href":"https:\/\/cdacv.es\/es\/wp-json\/wp\/v2\/posts\/755","targetHints":{"allow":["GET"]}}],"collection":[{"href":"https:\/\/cdacv.es\/es\/wp-json\/wp\/v2\/posts"}],"about":[{"href":"https:\/\/cdacv.es\/es\/wp-json\/wp\/v2\/types\/post"}],"author":[{"embeddable":true,"href":"https:\/\/cdacv.es\/es\/wp-json\/wp\/v2\/users\/1"}],"replies":[{"embeddable":true,"href":"https:\/\/cdacv.es\/es\/wp-json\/wp\/v2\/comments?post=755"}],"version-history":[{"count":1,"href":"https:\/\/cdacv.es\/es\/wp-json\/wp\/v2\/posts\/755\/revisions"}],"predecessor-version":[{"id":763,"href":"https:\/\/cdacv.es\/es\/wp-json\/wp\/v2\/posts\/755\/revisions\/763"}],"wp:featuredmedia":[{"embeddable":true,"href":"https:\/\/cdacv.es\/es\/wp-json\/wp\/v2\/media\/758"}],"wp:attachment":[{"href":"https:\/\/cdacv.es\/es\/wp-json\/wp\/v2\/media?parent=755"}],"wp:term":[{"taxonomy":"category","embeddable":true,"href":"https:\/\/cdacv.es\/es\/wp-json\/wp\/v2\/categories?post=755"},{"taxonomy":"post_tag","embeddable":true,"href":"https:\/\/cdacv.es\/es\/wp-json\/wp\/v2\/tags?post=755"}],"curies":[{"name":"wp","href":"https:\/\/api.w.org\/{rel}","templated":true}]}}