{"id":4988,"date":"2026-03-24T10:59:00","date_gmt":"2026-03-24T09:59:00","guid":{"rendered":"https:\/\/cdacv.es\/?p=4988"},"modified":"2026-03-24T10:59:00","modified_gmt":"2026-03-24T09:59:00","slug":"cacv-publica-videos-tercera-temporada-serie-educacion-mediatica-ciudadania-critica-periodismo-educacion-mediatica","status":"publish","type":"post","link":"https:\/\/cdacv.es\/es\/cacv-publica-videos-tercera-temporada-serie-educacion-mediatica-ciudadania-critica-periodismo-educacion-mediatica\/","title":{"rendered":"El CACV publica los v\u00eddeos de la tercera temporada de la serie Educaci\u00f3n Medi\u00e1tica para una ciudadan\u00eda cr\u00edtica: Periodismo y educaci\u00f3n medi\u00e1tica"},"content":{"rendered":"<p><strong>El objetivo de esta serie de v\u00eddeos es contribuir al desarrollo de un sentido cr\u00edtico ante el sistema de medios de comunicaci\u00f3n y favorecer la alfabetizaci\u00f3n medi\u00e1tica de la ciudadan\u00ed<\/strong>a, especialmente en los j\u00f3venes y en los grupos m\u00e1s vulnerables.<\/p>\n<p>La tercera temporada de la serie <strong><em>Educaci\u00f3n Medi\u00e1tica para una ciudadan\u00eda cr\u00edtica<\/em> <\/strong>presenta <a href=\"https:\/\/cdacv.es\/es\/alfabetizacion-digital\/\" target=\"_blank\" rel=\"noopener\">7 videoc\u00e1psulas<\/a> sobre la naturaleza del periodismo, las caracter\u00edsticas de la informaci\u00f3n period\u00edstica y sobre diferentes dimensiones del periodismo contempor\u00e1neo desde la perspectiva de la educaci\u00f3n medi\u00e1tica.<\/p>\n<p>Se trata de v\u00eddeos de duraci\u00f3n breve, entre 5 y 7 minutos, producidos en 4K que est\u00e1n disponibles en castellano y en valenciano, y, adem\u00e1s, con subt\u00edtulos en castellano, valenciano e ingl\u00e9s. Los v\u00eddeos est\u00e1n acompa\u00f1ados de \u201cUnidades Tem\u00e1ticas\u201d, con una r\u00e1pida descripci\u00f3n de su contenido, de los objetivos y de algunas actividades de aula que se podr\u00edan desarrollar a partir de su visionado.<\/p>\n<p>De este modo, la producci\u00f3n de esta se enmarca en la tendencia general que est\u00e1n desarrollando numerosas organizaciones a nivel internacional, en especial los medios de comunicaci\u00f3n p\u00fablicos de nuestro entorno como France T\u00e9l\u00e9visions (Francia), BBC (Reino Unido), RTBF y VRT (B\u00e9lgica), RAI (Italia) o RTP (Portugal), entre otros.<\/p>\n<p><strong>En la producci\u00f3n de la serie han participado profesores de la Universidad de Alicante, Universidad de Valencia, Universidad Polit\u00e9cnica de Valencia y Universidad Jaume I de Castell\u00f3n, que ha colaborado adem\u00e1s con el Laboratorio de Ciencias de la Comunicaci\u00f3n (LabCom UJI).<\/strong><\/p>\n<p>La producci\u00f3n de esta tercera temporada de la serie ha sido posible gracias a la financiaci\u00f3n del Consell de l\u2019Audiovisual de la Comunitat Valenciana (CACV), en el seno de la C\u00e1tedra de An\u00e1lisis y Prospectiva del Audiovisual en la Universitat Jaume I, en colaboraci\u00f3n con la C\u00e1tedra RTVE-UJI.<\/p>\n","protected":false},"excerpt":{"rendered":"<p>El objetivo de esta serie de v\u00eddeos es contribuir al desarrollo de un sentido cr\u00edtico ante el sistema de medios de comunicaci\u00f3n y favorecer la alfabetizaci\u00f3n medi\u00e1tica de la ciudadan\u00eda,&#8230;<\/p>\n","protected":false},"author":1,"featured_media":4989,"comment_status":"closed","ping_status":"open","sticky":false,"template":"","format":"standard","meta":{"footnotes":""},"categories":[15],"tags":[],"class_list":["post-4988","post","type-post","status-publish","format-standard","has-post-thumbnail","category-noticias"],"yoast_head":"<!-- This site is optimized with the Yoast SEO plugin v20.1 - https:\/\/yoast.com\/wordpress\/plugins\/seo\/ -->\n<title>tercera temporada de la serie Educaci\u00f3n Medi\u00e1tica para una ciudadan\u00eda cr\u00edtica<\/title>\n<meta name=\"description\" content=\"La producci\u00f3n de esta tercera temporada de la serie ha sido posible gracias a la financiaci\u00f3n del Consell de l\u2019Audiovisual de la Comunitat Valenciana (CACV), en el seno de la C\u00e1tedra de An\u00e1lisis y Prospectiva del Audiovisual en la Universitat Jaume I, en colaboraci\u00f3n con la C\u00e1tedra RTVE-UJI.\" \/>\n<meta name=\"robots\" content=\"index, follow, max-snippet:-1, max-image-preview:large, max-video-preview:-1\" \/>\n<link rel=\"canonical\" href=\"https:\/\/cdacv.es\/es\/cacv-publica-videos-tercera-temporada-serie-educacion-mediatica-ciudadania-critica-periodismo-educacion-mediatica\/\" \/>\n<meta property=\"og:locale\" content=\"es_ES\" \/>\n<meta property=\"og:type\" content=\"article\" \/>\n<meta property=\"og:title\" content=\"tercera temporada de la serie Educaci\u00f3n Medi\u00e1tica para una ciudadan\u00eda cr\u00edtica\" \/>\n<meta property=\"og:description\" content=\"La producci\u00f3n de esta tercera temporada de la serie ha sido posible gracias a la financiaci\u00f3n del Consell de l\u2019Audiovisual de la Comunitat Valenciana (CACV), en el seno de la C\u00e1tedra de An\u00e1lisis y Prospectiva del Audiovisual en la Universitat Jaume I, en colaboraci\u00f3n con la C\u00e1tedra RTVE-UJI.\" \/>\n<meta property=\"og:url\" content=\"https:\/\/cdacv.es\/es\/cacv-publica-videos-tercera-temporada-serie-educacion-mediatica-ciudadania-critica-periodismo-educacion-mediatica\/\" \/>\n<meta property=\"og:site_name\" content=\"Consell De L\u2019Audiovisual De La Comunitat Valenciana\" \/>\n<meta property=\"article:published_time\" content=\"2026-03-24T09:59:00+00:00\" \/>\n<meta property=\"og:image\" content=\"https:\/\/cdacv.es\/wp-content\/uploads\/2026\/03\/Tercera-Temporada.png\" \/>\n\t<meta property=\"og:image:width\" content=\"2052\" \/>\n\t<meta property=\"og:image:height\" content=\"1028\" \/>\n\t<meta property=\"og:image:type\" content=\"image\/png\" \/>\n<meta name=\"author\" content=\"AdminNexora\" \/>\n<meta name=\"twitter:card\" content=\"summary_large_image\" \/>\n<meta name=\"twitter:label1\" content=\"Escrito por\" \/>\n\t<meta name=\"twitter:data1\" content=\"AdminNexora\" \/>\n\t<meta name=\"twitter:label2\" content=\"Tiempo de lectura\" \/>\n\t<meta name=\"twitter:data2\" content=\"2 minutos\" \/>\n<script type=\"application\/ld+json\" class=\"yoast-schema-graph\">{\"@context\":\"https:\/\/schema.org\",\"@graph\":[{\"@type\":\"Article\",\"@id\":\"https:\/\/cdacv.es\/es\/cacv-publica-videos-tercera-temporada-serie-educacion-mediatica-ciudadania-critica-periodismo-educacion-mediatica\/#article\",\"isPartOf\":{\"@id\":\"https:\/\/cdacv.es\/es\/cacv-publica-videos-tercera-temporada-serie-educacion-mediatica-ciudadania-critica-periodismo-educacion-mediatica\/\"},\"author\":{\"name\":\"AdminNexora\",\"@id\":\"https:\/\/cdacv.es\/#\/schema\/person\/2fe6d2110f66d6021bc485b6eb33b046\"},\"headline\":\"El CACV publica los v\u00eddeos de la tercera temporada de la serie Educaci\u00f3n Medi\u00e1tica para una ciudadan\u00eda cr\u00edtica: Periodismo y educaci\u00f3n medi\u00e1tica\",\"datePublished\":\"2026-03-24T09:59:00+00:00\",\"dateModified\":\"2026-03-24T09:59:00+00:00\",\"mainEntityOfPage\":{\"@id\":\"https:\/\/cdacv.es\/es\/cacv-publica-videos-tercera-temporada-serie-educacion-mediatica-ciudadania-critica-periodismo-educacion-mediatica\/\"},\"wordCount\":359,\"publisher\":{\"@id\":\"https:\/\/cdacv.es\/#organization\"},\"articleSection\":[\"Noticias\"],\"inLanguage\":\"es\"},{\"@type\":\"WebPage\",\"@id\":\"https:\/\/cdacv.es\/es\/cacv-publica-videos-tercera-temporada-serie-educacion-mediatica-ciudadania-critica-periodismo-educacion-mediatica\/\",\"url\":\"https:\/\/cdacv.es\/es\/cacv-publica-videos-tercera-temporada-serie-educacion-mediatica-ciudadania-critica-periodismo-educacion-mediatica\/\",\"name\":\"tercera temporada de la serie Educaci\u00f3n Medi\u00e1tica para una ciudadan\u00eda cr\u00edtica\",\"isPartOf\":{\"@id\":\"https:\/\/cdacv.es\/#website\"},\"datePublished\":\"2026-03-24T09:59:00+00:00\",\"dateModified\":\"2026-03-24T09:59:00+00:00\",\"description\":\"La producci\u00f3n de esta tercera temporada de la serie ha sido posible gracias a la financiaci\u00f3n del Consell de l\u2019Audiovisual de la Comunitat Valenciana (CACV), en el seno de la C\u00e1tedra de An\u00e1lisis y Prospectiva del Audiovisual en la Universitat Jaume I, en colaboraci\u00f3n con la C\u00e1tedra RTVE-UJI.\",\"breadcrumb\":{\"@id\":\"https:\/\/cdacv.es\/es\/cacv-publica-videos-tercera-temporada-serie-educacion-mediatica-ciudadania-critica-periodismo-educacion-mediatica\/#breadcrumb\"},\"inLanguage\":\"es\",\"potentialAction\":[{\"@type\":\"ReadAction\",\"target\":[\"https:\/\/cdacv.es\/es\/cacv-publica-videos-tercera-temporada-serie-educacion-mediatica-ciudadania-critica-periodismo-educacion-mediatica\/\"]}]},{\"@type\":\"BreadcrumbList\",\"@id\":\"https:\/\/cdacv.es\/es\/cacv-publica-videos-tercera-temporada-serie-educacion-mediatica-ciudadania-critica-periodismo-educacion-mediatica\/#breadcrumb\",\"itemListElement\":[{\"@type\":\"ListItem\",\"position\":1,\"name\":\"Home\",\"item\":\"https:\/\/cdacv.es\/es\/\"},{\"@type\":\"ListItem\",\"position\":2,\"name\":\"El CACV publica los v\u00eddeos de la tercera temporada de la serie Educaci\u00f3n Medi\u00e1tica para una ciudadan\u00eda cr\u00edtica: Periodismo y educaci\u00f3n medi\u00e1tica\"}]},{\"@type\":\"WebSite\",\"@id\":\"https:\/\/cdacv.es\/#website\",\"url\":\"https:\/\/cdacv.es\/\",\"name\":\"Consell De L\u2019Audiovisual De La Comunitat Valenciana\",\"description\":\"\u00c9s l\u2019autoritat audiovisual independent encarregada de vetlar pel respecte dels drets, llibertats i valors constitucionals i estatutaris en l\u2019\u00e0mbit dels mitjans audiovisuals a la Comunitat Valenciana\",\"publisher\":{\"@id\":\"https:\/\/cdacv.es\/#organization\"},\"potentialAction\":[{\"@type\":\"SearchAction\",\"target\":{\"@type\":\"EntryPoint\",\"urlTemplate\":\"https:\/\/cdacv.es\/?s={search_term_string}\"},\"query-input\":\"required name=search_term_string\"}],\"inLanguage\":\"es\"},{\"@type\":\"Organization\",\"@id\":\"https:\/\/cdacv.es\/#organization\",\"name\":\"Consell De L\u2019Audiovisual De La Comunitat Valenciana\",\"url\":\"https:\/\/cdacv.es\/\",\"logo\":{\"@type\":\"ImageObject\",\"inLanguage\":\"es\",\"@id\":\"https:\/\/cdacv.es\/#\/schema\/logo\/image\/\",\"url\":\"https:\/\/cdacv.es\/wp-content\/uploads\/2023\/02\/fav.png\",\"contentUrl\":\"https:\/\/cdacv.es\/wp-content\/uploads\/2023\/02\/fav.png\",\"width\":300,\"height\":300,\"caption\":\"Consell De L\u2019Audiovisual De La Comunitat Valenciana\"},\"image\":{\"@id\":\"https:\/\/cdacv.es\/#\/schema\/logo\/image\/\"}},{\"@type\":\"Person\",\"@id\":\"https:\/\/cdacv.es\/#\/schema\/person\/2fe6d2110f66d6021bc485b6eb33b046\",\"name\":\"AdminNexora\",\"image\":{\"@type\":\"ImageObject\",\"inLanguage\":\"es\",\"@id\":\"https:\/\/cdacv.es\/#\/schema\/person\/image\/\",\"url\":\"https:\/\/secure.gravatar.com\/avatar\/1dc9274a96bed2cdf016317fc52f0df0b0b46b9297a4d6eec4cc4035611cf5b1?s=96&d=mm&r=g\",\"contentUrl\":\"https:\/\/secure.gravatar.com\/avatar\/1dc9274a96bed2cdf016317fc52f0df0b0b46b9297a4d6eec4cc4035611cf5b1?s=96&d=mm&r=g\",\"caption\":\"AdminNexora\"},\"url\":\"https:\/\/cdacv.es\/es\/author\/adminnexora\/\"}]}<\/script>\n<!-- \/ Yoast SEO plugin. -->","yoast_head_json":{"title":"tercera temporada de la serie Educaci\u00f3n Medi\u00e1tica para una ciudadan\u00eda cr\u00edtica","description":"La producci\u00f3n de esta tercera temporada de la serie ha sido posible gracias a la financiaci\u00f3n del Consell de l\u2019Audiovisual de la Comunitat Valenciana (CACV), en el seno de la C\u00e1tedra de An\u00e1lisis y Prospectiva del Audiovisual en la Universitat Jaume I, en colaboraci\u00f3n con la C\u00e1tedra RTVE-UJI.","robots":{"index":"index","follow":"follow","max-snippet":"max-snippet:-1","max-image-preview":"max-image-preview:large","max-video-preview":"max-video-preview:-1"},"canonical":"https:\/\/cdacv.es\/es\/cacv-publica-videos-tercera-temporada-serie-educacion-mediatica-ciudadania-critica-periodismo-educacion-mediatica\/","og_locale":"es_ES","og_type":"article","og_title":"tercera temporada de la serie Educaci\u00f3n Medi\u00e1tica para una ciudadan\u00eda cr\u00edtica","og_description":"La producci\u00f3n de esta tercera temporada de la serie ha sido posible gracias a la financiaci\u00f3n del Consell de l\u2019Audiovisual de la Comunitat Valenciana (CACV), en el seno de la C\u00e1tedra de An\u00e1lisis y Prospectiva del Audiovisual en la Universitat Jaume I, en colaboraci\u00f3n con la C\u00e1tedra RTVE-UJI.","og_url":"https:\/\/cdacv.es\/es\/cacv-publica-videos-tercera-temporada-serie-educacion-mediatica-ciudadania-critica-periodismo-educacion-mediatica\/","og_site_name":"Consell De L\u2019Audiovisual De La Comunitat Valenciana","article_published_time":"2026-03-24T09:59:00+00:00","og_image":[{"width":2052,"height":1028,"url":"https:\/\/cdacv.es\/wp-content\/uploads\/2026\/03\/Tercera-Temporada.png","type":"image\/png"}],"author":"AdminNexora","twitter_card":"summary_large_image","twitter_misc":{"Escrito por":"AdminNexora","Tiempo de lectura":"2 minutos"},"schema":{"@context":"https:\/\/schema.org","@graph":[{"@type":"Article","@id":"https:\/\/cdacv.es\/es\/cacv-publica-videos-tercera-temporada-serie-educacion-mediatica-ciudadania-critica-periodismo-educacion-mediatica\/#article","isPartOf":{"@id":"https:\/\/cdacv.es\/es\/cacv-publica-videos-tercera-temporada-serie-educacion-mediatica-ciudadania-critica-periodismo-educacion-mediatica\/"},"author":{"name":"AdminNexora","@id":"https:\/\/cdacv.es\/#\/schema\/person\/2fe6d2110f66d6021bc485b6eb33b046"},"headline":"El CACV publica los v\u00eddeos de la tercera temporada de la serie Educaci\u00f3n Medi\u00e1tica para una ciudadan\u00eda cr\u00edtica: Periodismo y educaci\u00f3n medi\u00e1tica","datePublished":"2026-03-24T09:59:00+00:00","dateModified":"2026-03-24T09:59:00+00:00","mainEntityOfPage":{"@id":"https:\/\/cdacv.es\/es\/cacv-publica-videos-tercera-temporada-serie-educacion-mediatica-ciudadania-critica-periodismo-educacion-mediatica\/"},"wordCount":359,"publisher":{"@id":"https:\/\/cdacv.es\/#organization"},"articleSection":["Noticias"],"inLanguage":"es"},{"@type":"WebPage","@id":"https:\/\/cdacv.es\/es\/cacv-publica-videos-tercera-temporada-serie-educacion-mediatica-ciudadania-critica-periodismo-educacion-mediatica\/","url":"https:\/\/cdacv.es\/es\/cacv-publica-videos-tercera-temporada-serie-educacion-mediatica-ciudadania-critica-periodismo-educacion-mediatica\/","name":"tercera temporada de la serie Educaci\u00f3n Medi\u00e1tica para una ciudadan\u00eda cr\u00edtica","isPartOf":{"@id":"https:\/\/cdacv.es\/#website"},"datePublished":"2026-03-24T09:59:00+00:00","dateModified":"2026-03-24T09:59:00+00:00","description":"La producci\u00f3n de esta tercera temporada de la serie ha sido posible gracias a la financiaci\u00f3n del Consell de l\u2019Audiovisual de la Comunitat Valenciana (CACV), en el seno de la C\u00e1tedra de An\u00e1lisis y Prospectiva del Audiovisual en la Universitat Jaume I, en colaboraci\u00f3n con la C\u00e1tedra RTVE-UJI.","breadcrumb":{"@id":"https:\/\/cdacv.es\/es\/cacv-publica-videos-tercera-temporada-serie-educacion-mediatica-ciudadania-critica-periodismo-educacion-mediatica\/#breadcrumb"},"inLanguage":"es","potentialAction":[{"@type":"ReadAction","target":["https:\/\/cdacv.es\/es\/cacv-publica-videos-tercera-temporada-serie-educacion-mediatica-ciudadania-critica-periodismo-educacion-mediatica\/"]}]},{"@type":"BreadcrumbList","@id":"https:\/\/cdacv.es\/es\/cacv-publica-videos-tercera-temporada-serie-educacion-mediatica-ciudadania-critica-periodismo-educacion-mediatica\/#breadcrumb","itemListElement":[{"@type":"ListItem","position":1,"name":"Home","item":"https:\/\/cdacv.es\/es\/"},{"@type":"ListItem","position":2,"name":"El CACV publica los v\u00eddeos de la tercera temporada de la serie Educaci\u00f3n Medi\u00e1tica para una ciudadan\u00eda cr\u00edtica: Periodismo y educaci\u00f3n medi\u00e1tica"}]},{"@type":"WebSite","@id":"https:\/\/cdacv.es\/#website","url":"https:\/\/cdacv.es\/","name":"Consell De L\u2019Audiovisual De La Comunitat Valenciana","description":"\u00c9s l\u2019autoritat audiovisual independent encarregada de vetlar pel respecte dels drets, llibertats i valors constitucionals i estatutaris en l\u2019\u00e0mbit dels mitjans audiovisuals a la Comunitat Valenciana","publisher":{"@id":"https:\/\/cdacv.es\/#organization"},"potentialAction":[{"@type":"SearchAction","target":{"@type":"EntryPoint","urlTemplate":"https:\/\/cdacv.es\/?s={search_term_string}"},"query-input":"required name=search_term_string"}],"inLanguage":"es"},{"@type":"Organization","@id":"https:\/\/cdacv.es\/#organization","name":"Consell De L\u2019Audiovisual De La Comunitat Valenciana","url":"https:\/\/cdacv.es\/","logo":{"@type":"ImageObject","inLanguage":"es","@id":"https:\/\/cdacv.es\/#\/schema\/logo\/image\/","url":"https:\/\/cdacv.es\/wp-content\/uploads\/2023\/02\/fav.png","contentUrl":"https:\/\/cdacv.es\/wp-content\/uploads\/2023\/02\/fav.png","width":300,"height":300,"caption":"Consell De L\u2019Audiovisual De La Comunitat Valenciana"},"image":{"@id":"https:\/\/cdacv.es\/#\/schema\/logo\/image\/"}},{"@type":"Person","@id":"https:\/\/cdacv.es\/#\/schema\/person\/2fe6d2110f66d6021bc485b6eb33b046","name":"AdminNexora","image":{"@type":"ImageObject","inLanguage":"es","@id":"https:\/\/cdacv.es\/#\/schema\/person\/image\/","url":"https:\/\/secure.gravatar.com\/avatar\/1dc9274a96bed2cdf016317fc52f0df0b0b46b9297a4d6eec4cc4035611cf5b1?s=96&d=mm&r=g","contentUrl":"https:\/\/secure.gravatar.com\/avatar\/1dc9274a96bed2cdf016317fc52f0df0b0b46b9297a4d6eec4cc4035611cf5b1?s=96&d=mm&r=g","caption":"AdminNexora"},"url":"https:\/\/cdacv.es\/es\/author\/adminnexora\/"}]}},"_links":{"self":[{"href":"https:\/\/cdacv.es\/es\/wp-json\/wp\/v2\/posts\/4988","targetHints":{"allow":["GET"]}}],"collection":[{"href":"https:\/\/cdacv.es\/es\/wp-json\/wp\/v2\/posts"}],"about":[{"href":"https:\/\/cdacv.es\/es\/wp-json\/wp\/v2\/types\/post"}],"author":[{"embeddable":true,"href":"https:\/\/cdacv.es\/es\/wp-json\/wp\/v2\/users\/1"}],"replies":[{"embeddable":true,"href":"https:\/\/cdacv.es\/es\/wp-json\/wp\/v2\/comments?post=4988"}],"version-history":[{"count":1,"href":"https:\/\/cdacv.es\/es\/wp-json\/wp\/v2\/posts\/4988\/revisions"}],"predecessor-version":[{"id":4991,"href":"https:\/\/cdacv.es\/es\/wp-json\/wp\/v2\/posts\/4988\/revisions\/4991"}],"wp:featuredmedia":[{"embeddable":true,"href":"https:\/\/cdacv.es\/es\/wp-json\/wp\/v2\/media\/4989"}],"wp:attachment":[{"href":"https:\/\/cdacv.es\/es\/wp-json\/wp\/v2\/media?parent=4988"}],"wp:term":[{"taxonomy":"category","embeddable":true,"href":"https:\/\/cdacv.es\/es\/wp-json\/wp\/v2\/categories?post=4988"},{"taxonomy":"post_tag","embeddable":true,"href":"https:\/\/cdacv.es\/es\/wp-json\/wp\/v2\/tags?post=4988"}],"curies":[{"name":"wp","href":"https:\/\/api.w.org\/{rel}","templated":true}]}}