{"id":4647,"date":"2026-01-16T15:43:54","date_gmt":"2026-01-16T14:43:54","guid":{"rendered":"https:\/\/cdacv.es\/?p=4647"},"modified":"2026-01-19T12:02:08","modified_gmt":"2026-01-19T11:02:08","slug":"la-universitat-jaume-i-reconoce-al-cacv-en-el-acto-institucional-a-las-entidades-patrocinadoras-y-colaboradoras","status":"publish","type":"post","link":"https:\/\/cdacv.es\/es\/la-universitat-jaume-i-reconoce-al-cacv-en-el-acto-institucional-a-las-entidades-patrocinadoras-y-colaboradoras\/","title":{"rendered":"La Universitat Jaume I reconoce al CACV en el acto institucional a las entidades patrocinadoras y colaboradoras"},"content":{"rendered":"<p class=\"isSelectedEnd\">La Universitat Jaume I (UJI) celebr\u00f3 ayer, en el Paraninfo del campus, el acto institucional de reconocimiento a las entidades patrocinadoras y colaboradoras, una ceremonia enmarcada en la conmemoraci\u00f3n del 35.\u00ba aniversario de la universidad.<\/p>\n<p class=\"isSelectedEnd\">En este acto, el Consell de l\u2019Audiovisual de la Comunitat Valenciana (CACV) recibi\u00f3 el reconocimiento de la UJI por su colaboraci\u00f3n y apoyo a la instituci\u00f3n universitaria, especialmente a trav\u00e9s de la financiaci\u00f3n de la <strong>C\u00e1tedra de An\u00e1lisis y Prospectiva del Audiovisual<\/strong>.<\/p>\n<p class=\"isSelectedEnd\">Esta c\u00e1tedra tiene como finalidad impulsar el estudio, la investigaci\u00f3n y el an\u00e1lisis del sector audiovisual, as\u00ed como anticipar sus retos y oportunidades en un contexto de transformaci\u00f3n constante, contribuyendo al desarrollo de un ecosistema audiovisual de calidad, plural y comprometido con la sociedad.<\/p>\n<p class=\"isSelectedEnd\">El acto reuni\u00f3 a m\u00e1s de un centenar de entidades de \u00e1mbito provincial y estatal que colaboran con la Universitat Jaume I en proyectos de mecenazgo, investigaci\u00f3n y transferencia de conocimiento, y sirvi\u00f3 para poner en valor la importancia de la cooperaci\u00f3n entre instituciones p\u00fablicas, universidad y sociedad.<\/p>\n<p>Con este reconocimiento, el CACV reafirma su compromiso con la universidad p\u00fablica, la generaci\u00f3n de conocimiento y el impulso de un sector audiovisual s\u00f3lido y al servicio de la ciudadan\u00eda.<\/p>\n","protected":false},"excerpt":{"rendered":"<p>La Universitat Jaume I (UJI) celebr\u00f3 ayer, en el Paraninfo del campus, el acto institucional de reconocimiento a las entidades patrocinadoras y colaboradoras, una ceremonia enmarcada en la conmemoraci\u00f3n del&#8230;<\/p>\n","protected":false},"author":1,"featured_media":4644,"comment_status":"closed","ping_status":"open","sticky":false,"template":"","format":"standard","meta":{"footnotes":""},"categories":[15],"tags":[],"class_list":["post-4647","post","type-post","status-publish","format-standard","has-post-thumbnail","category-noticias"],"yoast_head":"<!-- This site is optimized with the Yoast SEO plugin v20.1 - https:\/\/yoast.com\/wordpress\/plugins\/seo\/ -->\n<title>La Universitat Jaume I reconoce al CACV en el acto institucional a las entidades patrocinadoras y colaboradoras - Consell De L\u2019Audiovisual De La Comunitat Valenciana<\/title>\n<meta name=\"robots\" content=\"index, follow, max-snippet:-1, max-image-preview:large, max-video-preview:-1\" \/>\n<link rel=\"canonical\" href=\"https:\/\/cdacv.es\/es\/la-universitat-jaume-i-reconoce-al-cacv-en-el-acto-institucional-a-las-entidades-patrocinadoras-y-colaboradoras\/\" \/>\n<meta property=\"og:locale\" content=\"es_ES\" \/>\n<meta property=\"og:type\" content=\"article\" \/>\n<meta property=\"og:title\" content=\"La Universitat Jaume I reconoce al CACV en el acto institucional a las entidades patrocinadoras y colaboradoras - Consell De L\u2019Audiovisual De La Comunitat Valenciana\" \/>\n<meta property=\"og:description\" content=\"La Universitat Jaume I (UJI) celebr\u00f3 ayer, en el Paraninfo del campus, el acto institucional de reconocimiento a las entidades patrocinadoras y colaboradoras, una ceremonia enmarcada en la conmemoraci\u00f3n del...\" \/>\n<meta property=\"og:url\" content=\"https:\/\/cdacv.es\/es\/la-universitat-jaume-i-reconoce-al-cacv-en-el-acto-institucional-a-las-entidades-patrocinadoras-y-colaboradoras\/\" \/>\n<meta property=\"og:site_name\" content=\"Consell De L\u2019Audiovisual De La Comunitat Valenciana\" \/>\n<meta property=\"article:published_time\" content=\"2026-01-16T14:43:54+00:00\" \/>\n<meta property=\"article:modified_time\" content=\"2026-01-19T11:02:08+00:00\" \/>\n<meta property=\"og:image\" content=\"https:\/\/cdacv.es\/wp-content\/uploads\/2026\/01\/CACV-UJI.jpg\" \/>\n\t<meta property=\"og:image:width\" content=\"1544\" \/>\n\t<meta property=\"og:image:height\" content=\"1181\" \/>\n\t<meta property=\"og:image:type\" content=\"image\/jpeg\" \/>\n<meta name=\"author\" content=\"AdminNexora\" \/>\n<meta name=\"twitter:card\" content=\"summary_large_image\" \/>\n<meta name=\"twitter:label1\" content=\"Escrito por\" \/>\n\t<meta name=\"twitter:data1\" content=\"AdminNexora\" \/>\n\t<meta name=\"twitter:label2\" content=\"Tiempo de lectura\" \/>\n\t<meta name=\"twitter:data2\" content=\"1 minuto\" \/>\n<script type=\"application\/ld+json\" class=\"yoast-schema-graph\">{\"@context\":\"https:\/\/schema.org\",\"@graph\":[{\"@type\":\"Article\",\"@id\":\"https:\/\/cdacv.es\/es\/la-universitat-jaume-i-reconoce-al-cacv-en-el-acto-institucional-a-las-entidades-patrocinadoras-y-colaboradoras\/#article\",\"isPartOf\":{\"@id\":\"https:\/\/cdacv.es\/es\/la-universitat-jaume-i-reconoce-al-cacv-en-el-acto-institucional-a-las-entidades-patrocinadoras-y-colaboradoras\/\"},\"author\":{\"name\":\"AdminNexora\",\"@id\":\"https:\/\/cdacv.es\/#\/schema\/person\/2fe6d2110f66d6021bc485b6eb33b046\"},\"headline\":\"La Universitat Jaume I reconoce al CACV en el acto institucional a las entidades patrocinadoras y colaboradoras\",\"datePublished\":\"2026-01-16T14:43:54+00:00\",\"dateModified\":\"2026-01-19T11:02:08+00:00\",\"mainEntityOfPage\":{\"@id\":\"https:\/\/cdacv.es\/es\/la-universitat-jaume-i-reconoce-al-cacv-en-el-acto-institucional-a-las-entidades-patrocinadoras-y-colaboradoras\/\"},\"wordCount\":235,\"publisher\":{\"@id\":\"https:\/\/cdacv.es\/#organization\"},\"articleSection\":[\"Noticias\"],\"inLanguage\":\"es\"},{\"@type\":\"WebPage\",\"@id\":\"https:\/\/cdacv.es\/es\/la-universitat-jaume-i-reconoce-al-cacv-en-el-acto-institucional-a-las-entidades-patrocinadoras-y-colaboradoras\/\",\"url\":\"https:\/\/cdacv.es\/es\/la-universitat-jaume-i-reconoce-al-cacv-en-el-acto-institucional-a-las-entidades-patrocinadoras-y-colaboradoras\/\",\"name\":\"La Universitat Jaume I reconoce al CACV en el acto institucional a las entidades patrocinadoras y colaboradoras - Consell De L\u2019Audiovisual De La Comunitat Valenciana\",\"isPartOf\":{\"@id\":\"https:\/\/cdacv.es\/#website\"},\"datePublished\":\"2026-01-16T14:43:54+00:00\",\"dateModified\":\"2026-01-19T11:02:08+00:00\",\"breadcrumb\":{\"@id\":\"https:\/\/cdacv.es\/es\/la-universitat-jaume-i-reconoce-al-cacv-en-el-acto-institucional-a-las-entidades-patrocinadoras-y-colaboradoras\/#breadcrumb\"},\"inLanguage\":\"es\",\"potentialAction\":[{\"@type\":\"ReadAction\",\"target\":[\"https:\/\/cdacv.es\/es\/la-universitat-jaume-i-reconoce-al-cacv-en-el-acto-institucional-a-las-entidades-patrocinadoras-y-colaboradoras\/\"]}]},{\"@type\":\"BreadcrumbList\",\"@id\":\"https:\/\/cdacv.es\/es\/la-universitat-jaume-i-reconoce-al-cacv-en-el-acto-institucional-a-las-entidades-patrocinadoras-y-colaboradoras\/#breadcrumb\",\"itemListElement\":[{\"@type\":\"ListItem\",\"position\":1,\"name\":\"Home\",\"item\":\"https:\/\/cdacv.es\/es\/\"},{\"@type\":\"ListItem\",\"position\":2,\"name\":\"La Universitat Jaume I reconoce al CACV en el acto institucional a las entidades patrocinadoras y colaboradoras\"}]},{\"@type\":\"WebSite\",\"@id\":\"https:\/\/cdacv.es\/#website\",\"url\":\"https:\/\/cdacv.es\/\",\"name\":\"Consell De L\u2019Audiovisual De La Comunitat Valenciana\",\"description\":\"\u00c9s l\u2019autoritat audiovisual independent encarregada de vetlar pel respecte dels drets, llibertats i valors constitucionals i estatutaris en l\u2019\u00e0mbit dels mitjans audiovisuals a la Comunitat Valenciana\",\"publisher\":{\"@id\":\"https:\/\/cdacv.es\/#organization\"},\"potentialAction\":[{\"@type\":\"SearchAction\",\"target\":{\"@type\":\"EntryPoint\",\"urlTemplate\":\"https:\/\/cdacv.es\/?s={search_term_string}\"},\"query-input\":\"required name=search_term_string\"}],\"inLanguage\":\"es\"},{\"@type\":\"Organization\",\"@id\":\"https:\/\/cdacv.es\/#organization\",\"name\":\"Consell De L\u2019Audiovisual De La Comunitat Valenciana\",\"url\":\"https:\/\/cdacv.es\/\",\"logo\":{\"@type\":\"ImageObject\",\"inLanguage\":\"es\",\"@id\":\"https:\/\/cdacv.es\/#\/schema\/logo\/image\/\",\"url\":\"https:\/\/cdacv.es\/wp-content\/uploads\/2023\/02\/fav.png\",\"contentUrl\":\"https:\/\/cdacv.es\/wp-content\/uploads\/2023\/02\/fav.png\",\"width\":300,\"height\":300,\"caption\":\"Consell De L\u2019Audiovisual De La Comunitat Valenciana\"},\"image\":{\"@id\":\"https:\/\/cdacv.es\/#\/schema\/logo\/image\/\"}},{\"@type\":\"Person\",\"@id\":\"https:\/\/cdacv.es\/#\/schema\/person\/2fe6d2110f66d6021bc485b6eb33b046\",\"name\":\"AdminNexora\",\"image\":{\"@type\":\"ImageObject\",\"inLanguage\":\"es\",\"@id\":\"https:\/\/cdacv.es\/#\/schema\/person\/image\/\",\"url\":\"https:\/\/secure.gravatar.com\/avatar\/1dc9274a96bed2cdf016317fc52f0df0b0b46b9297a4d6eec4cc4035611cf5b1?s=96&d=mm&r=g\",\"contentUrl\":\"https:\/\/secure.gravatar.com\/avatar\/1dc9274a96bed2cdf016317fc52f0df0b0b46b9297a4d6eec4cc4035611cf5b1?s=96&d=mm&r=g\",\"caption\":\"AdminNexora\"},\"url\":\"https:\/\/cdacv.es\/es\/author\/adminnexora\/\"}]}<\/script>\n<!-- \/ Yoast SEO plugin. -->","yoast_head_json":{"title":"La Universitat Jaume I reconoce al CACV en el acto institucional a las entidades patrocinadoras y colaboradoras - Consell De L\u2019Audiovisual De La Comunitat Valenciana","robots":{"index":"index","follow":"follow","max-snippet":"max-snippet:-1","max-image-preview":"max-image-preview:large","max-video-preview":"max-video-preview:-1"},"canonical":"https:\/\/cdacv.es\/es\/la-universitat-jaume-i-reconoce-al-cacv-en-el-acto-institucional-a-las-entidades-patrocinadoras-y-colaboradoras\/","og_locale":"es_ES","og_type":"article","og_title":"La Universitat Jaume I reconoce al CACV en el acto institucional a las entidades patrocinadoras y colaboradoras - Consell De L\u2019Audiovisual De La Comunitat Valenciana","og_description":"La Universitat Jaume I (UJI) celebr\u00f3 ayer, en el Paraninfo del campus, el acto institucional de reconocimiento a las entidades patrocinadoras y colaboradoras, una ceremonia enmarcada en la conmemoraci\u00f3n del...","og_url":"https:\/\/cdacv.es\/es\/la-universitat-jaume-i-reconoce-al-cacv-en-el-acto-institucional-a-las-entidades-patrocinadoras-y-colaboradoras\/","og_site_name":"Consell De L\u2019Audiovisual De La Comunitat Valenciana","article_published_time":"2026-01-16T14:43:54+00:00","article_modified_time":"2026-01-19T11:02:08+00:00","og_image":[{"width":1544,"height":1181,"url":"https:\/\/cdacv.es\/wp-content\/uploads\/2026\/01\/CACV-UJI.jpg","type":"image\/jpeg"}],"author":"AdminNexora","twitter_card":"summary_large_image","twitter_misc":{"Escrito por":"AdminNexora","Tiempo de lectura":"1 minuto"},"schema":{"@context":"https:\/\/schema.org","@graph":[{"@type":"Article","@id":"https:\/\/cdacv.es\/es\/la-universitat-jaume-i-reconoce-al-cacv-en-el-acto-institucional-a-las-entidades-patrocinadoras-y-colaboradoras\/#article","isPartOf":{"@id":"https:\/\/cdacv.es\/es\/la-universitat-jaume-i-reconoce-al-cacv-en-el-acto-institucional-a-las-entidades-patrocinadoras-y-colaboradoras\/"},"author":{"name":"AdminNexora","@id":"https:\/\/cdacv.es\/#\/schema\/person\/2fe6d2110f66d6021bc485b6eb33b046"},"headline":"La Universitat Jaume I reconoce al CACV en el acto institucional a las entidades patrocinadoras y colaboradoras","datePublished":"2026-01-16T14:43:54+00:00","dateModified":"2026-01-19T11:02:08+00:00","mainEntityOfPage":{"@id":"https:\/\/cdacv.es\/es\/la-universitat-jaume-i-reconoce-al-cacv-en-el-acto-institucional-a-las-entidades-patrocinadoras-y-colaboradoras\/"},"wordCount":235,"publisher":{"@id":"https:\/\/cdacv.es\/#organization"},"articleSection":["Noticias"],"inLanguage":"es"},{"@type":"WebPage","@id":"https:\/\/cdacv.es\/es\/la-universitat-jaume-i-reconoce-al-cacv-en-el-acto-institucional-a-las-entidades-patrocinadoras-y-colaboradoras\/","url":"https:\/\/cdacv.es\/es\/la-universitat-jaume-i-reconoce-al-cacv-en-el-acto-institucional-a-las-entidades-patrocinadoras-y-colaboradoras\/","name":"La Universitat Jaume I reconoce al CACV en el acto institucional a las entidades patrocinadoras y colaboradoras - Consell De L\u2019Audiovisual De La Comunitat Valenciana","isPartOf":{"@id":"https:\/\/cdacv.es\/#website"},"datePublished":"2026-01-16T14:43:54+00:00","dateModified":"2026-01-19T11:02:08+00:00","breadcrumb":{"@id":"https:\/\/cdacv.es\/es\/la-universitat-jaume-i-reconoce-al-cacv-en-el-acto-institucional-a-las-entidades-patrocinadoras-y-colaboradoras\/#breadcrumb"},"inLanguage":"es","potentialAction":[{"@type":"ReadAction","target":["https:\/\/cdacv.es\/es\/la-universitat-jaume-i-reconoce-al-cacv-en-el-acto-institucional-a-las-entidades-patrocinadoras-y-colaboradoras\/"]}]},{"@type":"BreadcrumbList","@id":"https:\/\/cdacv.es\/es\/la-universitat-jaume-i-reconoce-al-cacv-en-el-acto-institucional-a-las-entidades-patrocinadoras-y-colaboradoras\/#breadcrumb","itemListElement":[{"@type":"ListItem","position":1,"name":"Home","item":"https:\/\/cdacv.es\/es\/"},{"@type":"ListItem","position":2,"name":"La Universitat Jaume I reconoce al CACV en el acto institucional a las entidades patrocinadoras y colaboradoras"}]},{"@type":"WebSite","@id":"https:\/\/cdacv.es\/#website","url":"https:\/\/cdacv.es\/","name":"Consell De L\u2019Audiovisual De La Comunitat Valenciana","description":"\u00c9s l\u2019autoritat audiovisual independent encarregada de vetlar pel respecte dels drets, llibertats i valors constitucionals i estatutaris en l\u2019\u00e0mbit dels mitjans audiovisuals a la Comunitat Valenciana","publisher":{"@id":"https:\/\/cdacv.es\/#organization"},"potentialAction":[{"@type":"SearchAction","target":{"@type":"EntryPoint","urlTemplate":"https:\/\/cdacv.es\/?s={search_term_string}"},"query-input":"required name=search_term_string"}],"inLanguage":"es"},{"@type":"Organization","@id":"https:\/\/cdacv.es\/#organization","name":"Consell De L\u2019Audiovisual De La Comunitat Valenciana","url":"https:\/\/cdacv.es\/","logo":{"@type":"ImageObject","inLanguage":"es","@id":"https:\/\/cdacv.es\/#\/schema\/logo\/image\/","url":"https:\/\/cdacv.es\/wp-content\/uploads\/2023\/02\/fav.png","contentUrl":"https:\/\/cdacv.es\/wp-content\/uploads\/2023\/02\/fav.png","width":300,"height":300,"caption":"Consell De L\u2019Audiovisual De La Comunitat Valenciana"},"image":{"@id":"https:\/\/cdacv.es\/#\/schema\/logo\/image\/"}},{"@type":"Person","@id":"https:\/\/cdacv.es\/#\/schema\/person\/2fe6d2110f66d6021bc485b6eb33b046","name":"AdminNexora","image":{"@type":"ImageObject","inLanguage":"es","@id":"https:\/\/cdacv.es\/#\/schema\/person\/image\/","url":"https:\/\/secure.gravatar.com\/avatar\/1dc9274a96bed2cdf016317fc52f0df0b0b46b9297a4d6eec4cc4035611cf5b1?s=96&d=mm&r=g","contentUrl":"https:\/\/secure.gravatar.com\/avatar\/1dc9274a96bed2cdf016317fc52f0df0b0b46b9297a4d6eec4cc4035611cf5b1?s=96&d=mm&r=g","caption":"AdminNexora"},"url":"https:\/\/cdacv.es\/es\/author\/adminnexora\/"}]}},"_links":{"self":[{"href":"https:\/\/cdacv.es\/es\/wp-json\/wp\/v2\/posts\/4647","targetHints":{"allow":["GET"]}}],"collection":[{"href":"https:\/\/cdacv.es\/es\/wp-json\/wp\/v2\/posts"}],"about":[{"href":"https:\/\/cdacv.es\/es\/wp-json\/wp\/v2\/types\/post"}],"author":[{"embeddable":true,"href":"https:\/\/cdacv.es\/es\/wp-json\/wp\/v2\/users\/1"}],"replies":[{"embeddable":true,"href":"https:\/\/cdacv.es\/es\/wp-json\/wp\/v2\/comments?post=4647"}],"version-history":[{"count":1,"href":"https:\/\/cdacv.es\/es\/wp-json\/wp\/v2\/posts\/4647\/revisions"}],"predecessor-version":[{"id":4648,"href":"https:\/\/cdacv.es\/es\/wp-json\/wp\/v2\/posts\/4647\/revisions\/4648"}],"wp:featuredmedia":[{"embeddable":true,"href":"https:\/\/cdacv.es\/es\/wp-json\/wp\/v2\/media\/4644"}],"wp:attachment":[{"href":"https:\/\/cdacv.es\/es\/wp-json\/wp\/v2\/media?parent=4647"}],"wp:term":[{"taxonomy":"category","embeddable":true,"href":"https:\/\/cdacv.es\/es\/wp-json\/wp\/v2\/categories?post=4647"},{"taxonomy":"post_tag","embeddable":true,"href":"https:\/\/cdacv.es\/es\/wp-json\/wp\/v2\/tags?post=4647"}],"curies":[{"name":"wp","href":"https:\/\/api.w.org\/{rel}","templated":true}]}}