{"id":4502,"date":"2025-11-30T09:45:55","date_gmt":"2025-11-30T08:45:55","guid":{"rendered":"https:\/\/cdacv.es\/?p=4502"},"modified":"2025-11-30T09:45:55","modified_gmt":"2025-11-30T08:45:55","slug":"el-cacv-se-reune-con-la-cnmc-para-reforzar-la-cooperacion-audiovisual","status":"publish","type":"post","link":"https:\/\/cdacv.es\/es\/el-cacv-se-reune-con-la-cnmc-para-reforzar-la-cooperacion-audiovisual\/","title":{"rendered":"El CACV se re\u00fane con la CNMC para reforzar la cooperaci\u00f3n audiovisual"},"content":{"rendered":"<p style=\"font-weight: 400;\">La sede institucional del Consell de l\u2019Audiovisual de la Comunitat Valenciana (CACV), sita en Castell\u00f3n de la Plana, ha acogido hoy jueves 27 de noviembre de 2025 la <strong>visita de una representaci\u00f3n de la Comisi\u00f3n Nacional de los Mercados y la Competencia<\/strong> (CNMC) con el objetivo de fortalecer las relaciones de cooperaci\u00f3n y colaboraci\u00f3n entre ambos organismos.<\/p>\n<p style=\"font-weight: 400;\">La reuni\u00f3n ha contado con la participaci\u00f3n de los equipos de ambas instituciones. Por parte del CACV participaron el presidente, Jos\u00e9 Mar\u00eda Vidal Beltr\u00e1n, la vicepresidenta Dolors L\u00f3pez Alarc\u00f3n, los consellers y conselleres que integran a su vez el Pleno, M. Carmen Carret\u00f3n Ballester, Vicente Cutanda Mansilla, Anna Gimeno Berbegal, \u00c0lvar Peris Blanes, y la secretaria general Amparo Latonda Pedraza.<\/p>\n<p style=\"font-weight: 400;\"><img loading=\"lazy\" decoding=\"async\" class=\"alignnone wp-image-4500 size-large\" src=\"https:\/\/cdacv.es\/wp-content\/uploads\/2025\/11\/REUNION-BILATERAL-CNMC--1024x629.jpeg\" alt=\"CNMC\" width=\"1024\" height=\"629\" srcset=\"https:\/\/cdacv.es\/wp-content\/uploads\/2025\/11\/REUNION-BILATERAL-CNMC--1024x629.jpeg 1024w, https:\/\/cdacv.es\/wp-content\/uploads\/2025\/11\/REUNION-BILATERAL-CNMC--300x184.jpeg 300w, https:\/\/cdacv.es\/wp-content\/uploads\/2025\/11\/REUNION-BILATERAL-CNMC--768x472.jpeg 768w, https:\/\/cdacv.es\/wp-content\/uploads\/2025\/11\/REUNION-BILATERAL-CNMC-.jpeg 1500w\" sizes=\"auto, (max-width: 1024px) 100vw, 1024px\" \/><\/p>\n<p style=\"font-weight: 400;\">En representaci\u00f3n de la CNMC han asistido \u00c1ngel Garc\u00eda Castillejo, vicepresidente, Jos\u00e9 \u00c1ngel Garc\u00eda Cabrera, subdirector de audiovisual y Rafael Chamarro Mart\u00edn, jefe de gabinete.<\/p>\n<p style=\"font-weight: 400;\">Durante la reuni\u00f3n <strong>se abordado diversos asuntos de inter\u00e9s com\u00fan entre ambas autoridades, como el registro de prestadores de servicios de comunicaci\u00f3n audiovisual y los mecanismos para desarrollar la coordinaci\u00f3n y la cooperaci\u00f3n en la supervisi\u00f3n de los servicios de comunicaci\u00f3n audiovisual<\/strong>.<\/p>\n<p style=\"font-weight: 400;\">Con este encuentro se refuerza la voluntad de ambas instituciones de intercambiar experiencias y buenas pr\u00e1cticas, consolidando un espacio de colaboraci\u00f3n que favorezca la correcta aplicaci\u00f3n de la normativa audiovisual y el desarrollo de pol\u00edticas eficientes en el sector.<\/p>\n<p style=\"font-weight: 400;\">\n","protected":false},"excerpt":{"rendered":"<p>La sede institucional del Consell de l\u2019Audiovisual de la Comunitat Valenciana (CACV), sita en Castell\u00f3n de la Plana, ha acogido hoy jueves 27 de noviembre de 2025 la visita de&#8230;<\/p>\n","protected":false},"author":1,"featured_media":4498,"comment_status":"closed","ping_status":"open","sticky":false,"template":"","format":"standard","meta":{"footnotes":""},"categories":[15],"tags":[],"class_list":["post-4502","post","type-post","status-publish","format-standard","has-post-thumbnail","category-noticias"],"yoast_head":"<!-- This site is optimized with the Yoast SEO plugin v20.1 - https:\/\/yoast.com\/wordpress\/plugins\/seo\/ -->\n<title>El CACV se re\u00fane con la CNMC para reforzar la cooperaci\u00f3n audiovisual<\/title>\n<meta name=\"description\" content=\"Visita de una representaci\u00f3n de la Comisi\u00f3n Nacional de los Mercados y la Competencia (CNMC) con el objetivo de fortalecer las relaciones de cooperaci\u00f3n y colaboraci\u00f3n entre ambos organismos\" \/>\n<meta name=\"robots\" content=\"index, follow, max-snippet:-1, max-image-preview:large, max-video-preview:-1\" \/>\n<link rel=\"canonical\" href=\"https:\/\/cdacv.es\/es\/el-cacv-se-reune-con-la-cnmc-para-reforzar-la-cooperacion-audiovisual\/\" \/>\n<meta property=\"og:locale\" content=\"es_ES\" \/>\n<meta property=\"og:type\" content=\"article\" \/>\n<meta property=\"og:title\" content=\"El CACV se re\u00fane con la CNMC para reforzar la cooperaci\u00f3n audiovisual\" \/>\n<meta property=\"og:description\" content=\"Visita de una representaci\u00f3n de la Comisi\u00f3n Nacional de los Mercados y la Competencia (CNMC) con el objetivo de fortalecer las relaciones de cooperaci\u00f3n y colaboraci\u00f3n entre ambos organismos\" \/>\n<meta property=\"og:url\" content=\"https:\/\/cdacv.es\/es\/el-cacv-se-reune-con-la-cnmc-para-reforzar-la-cooperacion-audiovisual\/\" \/>\n<meta property=\"og:site_name\" content=\"Consell De L\u2019Audiovisual De La Comunitat Valenciana\" \/>\n<meta property=\"article:published_time\" content=\"2025-11-30T08:45:55+00:00\" \/>\n<meta property=\"og:image\" content=\"https:\/\/cdacv.es\/wp-content\/uploads\/2025\/11\/FOTO-REUNION-BILATERAL-CNMC.jpeg\" \/>\n\t<meta property=\"og:image:width\" content=\"1020\" \/>\n\t<meta property=\"og:image:height\" content=\"1034\" \/>\n\t<meta property=\"og:image:type\" content=\"image\/jpeg\" \/>\n<meta name=\"author\" content=\"AdminNexora\" \/>\n<meta name=\"twitter:card\" content=\"summary_large_image\" \/>\n<meta name=\"twitter:label1\" content=\"Escrito por\" \/>\n\t<meta name=\"twitter:data1\" content=\"AdminNexora\" \/>\n\t<meta name=\"twitter:label2\" content=\"Tiempo de lectura\" \/>\n\t<meta name=\"twitter:data2\" content=\"2 minutos\" \/>\n<script type=\"application\/ld+json\" class=\"yoast-schema-graph\">{\"@context\":\"https:\/\/schema.org\",\"@graph\":[{\"@type\":\"Article\",\"@id\":\"https:\/\/cdacv.es\/es\/el-cacv-se-reune-con-la-cnmc-para-reforzar-la-cooperacion-audiovisual\/#article\",\"isPartOf\":{\"@id\":\"https:\/\/cdacv.es\/es\/el-cacv-se-reune-con-la-cnmc-para-reforzar-la-cooperacion-audiovisual\/\"},\"author\":{\"name\":\"AdminNexora\",\"@id\":\"https:\/\/cdacv.es\/#\/schema\/person\/2fe6d2110f66d6021bc485b6eb33b046\"},\"headline\":\"El CACV se re\u00fane con la CNMC para reforzar la cooperaci\u00f3n audiovisual\",\"datePublished\":\"2025-11-30T08:45:55+00:00\",\"dateModified\":\"2025-11-30T08:45:55+00:00\",\"mainEntityOfPage\":{\"@id\":\"https:\/\/cdacv.es\/es\/el-cacv-se-reune-con-la-cnmc-para-reforzar-la-cooperacion-audiovisual\/\"},\"wordCount\":264,\"publisher\":{\"@id\":\"https:\/\/cdacv.es\/#organization\"},\"articleSection\":[\"Noticias\"],\"inLanguage\":\"es\"},{\"@type\":\"WebPage\",\"@id\":\"https:\/\/cdacv.es\/es\/el-cacv-se-reune-con-la-cnmc-para-reforzar-la-cooperacion-audiovisual\/\",\"url\":\"https:\/\/cdacv.es\/es\/el-cacv-se-reune-con-la-cnmc-para-reforzar-la-cooperacion-audiovisual\/\",\"name\":\"El CACV se re\u00fane con la CNMC para reforzar la cooperaci\u00f3n audiovisual\",\"isPartOf\":{\"@id\":\"https:\/\/cdacv.es\/#website\"},\"datePublished\":\"2025-11-30T08:45:55+00:00\",\"dateModified\":\"2025-11-30T08:45:55+00:00\",\"description\":\"Visita de una representaci\u00f3n de la Comisi\u00f3n Nacional de los Mercados y la Competencia (CNMC) con el objetivo de fortalecer las relaciones de cooperaci\u00f3n y colaboraci\u00f3n entre ambos organismos\",\"breadcrumb\":{\"@id\":\"https:\/\/cdacv.es\/es\/el-cacv-se-reune-con-la-cnmc-para-reforzar-la-cooperacion-audiovisual\/#breadcrumb\"},\"inLanguage\":\"es\",\"potentialAction\":[{\"@type\":\"ReadAction\",\"target\":[\"https:\/\/cdacv.es\/es\/el-cacv-se-reune-con-la-cnmc-para-reforzar-la-cooperacion-audiovisual\/\"]}]},{\"@type\":\"BreadcrumbList\",\"@id\":\"https:\/\/cdacv.es\/es\/el-cacv-se-reune-con-la-cnmc-para-reforzar-la-cooperacion-audiovisual\/#breadcrumb\",\"itemListElement\":[{\"@type\":\"ListItem\",\"position\":1,\"name\":\"Home\",\"item\":\"https:\/\/cdacv.es\/es\/\"},{\"@type\":\"ListItem\",\"position\":2,\"name\":\"El CACV se re\u00fane con la CNMC para reforzar la cooperaci\u00f3n audiovisual\"}]},{\"@type\":\"WebSite\",\"@id\":\"https:\/\/cdacv.es\/#website\",\"url\":\"https:\/\/cdacv.es\/\",\"name\":\"Consell De L\u2019Audiovisual De La Comunitat Valenciana\",\"description\":\"\u00c9s l\u2019autoritat audiovisual independent encarregada de vetlar pel respecte dels drets, llibertats i valors constitucionals i estatutaris en l\u2019\u00e0mbit dels mitjans audiovisuals a la Comunitat Valenciana\",\"publisher\":{\"@id\":\"https:\/\/cdacv.es\/#organization\"},\"potentialAction\":[{\"@type\":\"SearchAction\",\"target\":{\"@type\":\"EntryPoint\",\"urlTemplate\":\"https:\/\/cdacv.es\/?s={search_term_string}\"},\"query-input\":\"required name=search_term_string\"}],\"inLanguage\":\"es\"},{\"@type\":\"Organization\",\"@id\":\"https:\/\/cdacv.es\/#organization\",\"name\":\"Consell De L\u2019Audiovisual De La Comunitat Valenciana\",\"url\":\"https:\/\/cdacv.es\/\",\"logo\":{\"@type\":\"ImageObject\",\"inLanguage\":\"es\",\"@id\":\"https:\/\/cdacv.es\/#\/schema\/logo\/image\/\",\"url\":\"https:\/\/cdacv.es\/wp-content\/uploads\/2023\/02\/fav.png\",\"contentUrl\":\"https:\/\/cdacv.es\/wp-content\/uploads\/2023\/02\/fav.png\",\"width\":300,\"height\":300,\"caption\":\"Consell De L\u2019Audiovisual De La Comunitat Valenciana\"},\"image\":{\"@id\":\"https:\/\/cdacv.es\/#\/schema\/logo\/image\/\"}},{\"@type\":\"Person\",\"@id\":\"https:\/\/cdacv.es\/#\/schema\/person\/2fe6d2110f66d6021bc485b6eb33b046\",\"name\":\"AdminNexora\",\"image\":{\"@type\":\"ImageObject\",\"inLanguage\":\"es\",\"@id\":\"https:\/\/cdacv.es\/#\/schema\/person\/image\/\",\"url\":\"https:\/\/secure.gravatar.com\/avatar\/1dc9274a96bed2cdf016317fc52f0df0b0b46b9297a4d6eec4cc4035611cf5b1?s=96&d=mm&r=g\",\"contentUrl\":\"https:\/\/secure.gravatar.com\/avatar\/1dc9274a96bed2cdf016317fc52f0df0b0b46b9297a4d6eec4cc4035611cf5b1?s=96&d=mm&r=g\",\"caption\":\"AdminNexora\"},\"url\":\"https:\/\/cdacv.es\/es\/author\/adminnexora\/\"}]}<\/script>\n<!-- \/ Yoast SEO plugin. -->","yoast_head_json":{"title":"El CACV se re\u00fane con la CNMC para reforzar la cooperaci\u00f3n audiovisual","description":"Visita de una representaci\u00f3n de la Comisi\u00f3n Nacional de los Mercados y la Competencia (CNMC) con el objetivo de fortalecer las relaciones de cooperaci\u00f3n y colaboraci\u00f3n entre ambos organismos","robots":{"index":"index","follow":"follow","max-snippet":"max-snippet:-1","max-image-preview":"max-image-preview:large","max-video-preview":"max-video-preview:-1"},"canonical":"https:\/\/cdacv.es\/es\/el-cacv-se-reune-con-la-cnmc-para-reforzar-la-cooperacion-audiovisual\/","og_locale":"es_ES","og_type":"article","og_title":"El CACV se re\u00fane con la CNMC para reforzar la cooperaci\u00f3n audiovisual","og_description":"Visita de una representaci\u00f3n de la Comisi\u00f3n Nacional de los Mercados y la Competencia (CNMC) con el objetivo de fortalecer las relaciones de cooperaci\u00f3n y colaboraci\u00f3n entre ambos organismos","og_url":"https:\/\/cdacv.es\/es\/el-cacv-se-reune-con-la-cnmc-para-reforzar-la-cooperacion-audiovisual\/","og_site_name":"Consell De L\u2019Audiovisual De La Comunitat Valenciana","article_published_time":"2025-11-30T08:45:55+00:00","og_image":[{"width":1020,"height":1034,"url":"https:\/\/cdacv.es\/wp-content\/uploads\/2025\/11\/FOTO-REUNION-BILATERAL-CNMC.jpeg","type":"image\/jpeg"}],"author":"AdminNexora","twitter_card":"summary_large_image","twitter_misc":{"Escrito por":"AdminNexora","Tiempo de lectura":"2 minutos"},"schema":{"@context":"https:\/\/schema.org","@graph":[{"@type":"Article","@id":"https:\/\/cdacv.es\/es\/el-cacv-se-reune-con-la-cnmc-para-reforzar-la-cooperacion-audiovisual\/#article","isPartOf":{"@id":"https:\/\/cdacv.es\/es\/el-cacv-se-reune-con-la-cnmc-para-reforzar-la-cooperacion-audiovisual\/"},"author":{"name":"AdminNexora","@id":"https:\/\/cdacv.es\/#\/schema\/person\/2fe6d2110f66d6021bc485b6eb33b046"},"headline":"El CACV se re\u00fane con la CNMC para reforzar la cooperaci\u00f3n audiovisual","datePublished":"2025-11-30T08:45:55+00:00","dateModified":"2025-11-30T08:45:55+00:00","mainEntityOfPage":{"@id":"https:\/\/cdacv.es\/es\/el-cacv-se-reune-con-la-cnmc-para-reforzar-la-cooperacion-audiovisual\/"},"wordCount":264,"publisher":{"@id":"https:\/\/cdacv.es\/#organization"},"articleSection":["Noticias"],"inLanguage":"es"},{"@type":"WebPage","@id":"https:\/\/cdacv.es\/es\/el-cacv-se-reune-con-la-cnmc-para-reforzar-la-cooperacion-audiovisual\/","url":"https:\/\/cdacv.es\/es\/el-cacv-se-reune-con-la-cnmc-para-reforzar-la-cooperacion-audiovisual\/","name":"El CACV se re\u00fane con la CNMC para reforzar la cooperaci\u00f3n audiovisual","isPartOf":{"@id":"https:\/\/cdacv.es\/#website"},"datePublished":"2025-11-30T08:45:55+00:00","dateModified":"2025-11-30T08:45:55+00:00","description":"Visita de una representaci\u00f3n de la Comisi\u00f3n Nacional de los Mercados y la Competencia (CNMC) con el objetivo de fortalecer las relaciones de cooperaci\u00f3n y colaboraci\u00f3n entre ambos organismos","breadcrumb":{"@id":"https:\/\/cdacv.es\/es\/el-cacv-se-reune-con-la-cnmc-para-reforzar-la-cooperacion-audiovisual\/#breadcrumb"},"inLanguage":"es","potentialAction":[{"@type":"ReadAction","target":["https:\/\/cdacv.es\/es\/el-cacv-se-reune-con-la-cnmc-para-reforzar-la-cooperacion-audiovisual\/"]}]},{"@type":"BreadcrumbList","@id":"https:\/\/cdacv.es\/es\/el-cacv-se-reune-con-la-cnmc-para-reforzar-la-cooperacion-audiovisual\/#breadcrumb","itemListElement":[{"@type":"ListItem","position":1,"name":"Home","item":"https:\/\/cdacv.es\/es\/"},{"@type":"ListItem","position":2,"name":"El CACV se re\u00fane con la CNMC para reforzar la cooperaci\u00f3n audiovisual"}]},{"@type":"WebSite","@id":"https:\/\/cdacv.es\/#website","url":"https:\/\/cdacv.es\/","name":"Consell De L\u2019Audiovisual De La Comunitat Valenciana","description":"\u00c9s l\u2019autoritat audiovisual independent encarregada de vetlar pel respecte dels drets, llibertats i valors constitucionals i estatutaris en l\u2019\u00e0mbit dels mitjans audiovisuals a la Comunitat Valenciana","publisher":{"@id":"https:\/\/cdacv.es\/#organization"},"potentialAction":[{"@type":"SearchAction","target":{"@type":"EntryPoint","urlTemplate":"https:\/\/cdacv.es\/?s={search_term_string}"},"query-input":"required name=search_term_string"}],"inLanguage":"es"},{"@type":"Organization","@id":"https:\/\/cdacv.es\/#organization","name":"Consell De L\u2019Audiovisual De La Comunitat Valenciana","url":"https:\/\/cdacv.es\/","logo":{"@type":"ImageObject","inLanguage":"es","@id":"https:\/\/cdacv.es\/#\/schema\/logo\/image\/","url":"https:\/\/cdacv.es\/wp-content\/uploads\/2023\/02\/fav.png","contentUrl":"https:\/\/cdacv.es\/wp-content\/uploads\/2023\/02\/fav.png","width":300,"height":300,"caption":"Consell De L\u2019Audiovisual De La Comunitat Valenciana"},"image":{"@id":"https:\/\/cdacv.es\/#\/schema\/logo\/image\/"}},{"@type":"Person","@id":"https:\/\/cdacv.es\/#\/schema\/person\/2fe6d2110f66d6021bc485b6eb33b046","name":"AdminNexora","image":{"@type":"ImageObject","inLanguage":"es","@id":"https:\/\/cdacv.es\/#\/schema\/person\/image\/","url":"https:\/\/secure.gravatar.com\/avatar\/1dc9274a96bed2cdf016317fc52f0df0b0b46b9297a4d6eec4cc4035611cf5b1?s=96&d=mm&r=g","contentUrl":"https:\/\/secure.gravatar.com\/avatar\/1dc9274a96bed2cdf016317fc52f0df0b0b46b9297a4d6eec4cc4035611cf5b1?s=96&d=mm&r=g","caption":"AdminNexora"},"url":"https:\/\/cdacv.es\/es\/author\/adminnexora\/"}]}},"_links":{"self":[{"href":"https:\/\/cdacv.es\/es\/wp-json\/wp\/v2\/posts\/4502","targetHints":{"allow":["GET"]}}],"collection":[{"href":"https:\/\/cdacv.es\/es\/wp-json\/wp\/v2\/posts"}],"about":[{"href":"https:\/\/cdacv.es\/es\/wp-json\/wp\/v2\/types\/post"}],"author":[{"embeddable":true,"href":"https:\/\/cdacv.es\/es\/wp-json\/wp\/v2\/users\/1"}],"replies":[{"embeddable":true,"href":"https:\/\/cdacv.es\/es\/wp-json\/wp\/v2\/comments?post=4502"}],"version-history":[{"count":1,"href":"https:\/\/cdacv.es\/es\/wp-json\/wp\/v2\/posts\/4502\/revisions"}],"predecessor-version":[{"id":4503,"href":"https:\/\/cdacv.es\/es\/wp-json\/wp\/v2\/posts\/4502\/revisions\/4503"}],"wp:featuredmedia":[{"embeddable":true,"href":"https:\/\/cdacv.es\/es\/wp-json\/wp\/v2\/media\/4498"}],"wp:attachment":[{"href":"https:\/\/cdacv.es\/es\/wp-json\/wp\/v2\/media?parent=4502"}],"wp:term":[{"taxonomy":"category","embeddable":true,"href":"https:\/\/cdacv.es\/es\/wp-json\/wp\/v2\/categories?post=4502"},{"taxonomy":"post_tag","embeddable":true,"href":"https:\/\/cdacv.es\/es\/wp-json\/wp\/v2\/tags?post=4502"}],"curies":[{"name":"wp","href":"https:\/\/api.w.org\/{rel}","templated":true}]}}