{"id":4432,"date":"2025-11-19T11:34:26","date_gmt":"2025-11-19T10:34:26","guid":{"rendered":"https:\/\/cdacv.es\/?p=4432"},"modified":"2025-11-19T11:34:26","modified_gmt":"2025-11-19T10:34:26","slug":"miembros-del-cacv-asisten-a-la-exposicion-la-aventura-de-la-radio","status":"publish","type":"post","link":"https:\/\/cdacv.es\/es\/miembros-del-cacv-asisten-a-la-exposicion-la-aventura-de-la-radio\/","title":{"rendered":"Miembros del CACV asisten a la exposici\u00f3n \u201cLa Aventura de la Radio\u201d"},"content":{"rendered":"<p style=\"font-weight: 400;\">El viernes 14 de noviembre de 2025 a las 13:00 h, la sede de la emisora de Fundaci\u00f3n Radio Elche, en la calle Doctor Cano 43 de Elche, acogi\u00f3 una visita especial con motivo de la exposici\u00f3n La Aventura de la Radio, organizada para celebrar el 90.\u00ba aniversario de la emisora.<\/p>\n<p style=\"font-weight: 400;\">El acto cont\u00f3 con la presencia de miembros del Consell de l\u2019Audiovisual de la Comunitat Valenciana (CACV), entre los que figuraron Jos\u00e9 Mar\u00eda Vidal Beltr\u00e1n, presidente, Dolors L\u00f3pez Alarc\u00f3n, vicepresidenta; y Vicente Cutanda Mansilla, conseller del mismo organismo.<\/p>\n<p style=\"font-weight: 400;\">Durante la visita, los asistentes recorrieron los paneles explicativos y piezas hist\u00f3ricas de la exposici\u00f3n, que recogen la evoluci\u00f3n de la radio desde sus primeros aparatos hasta las plataformas digitales actuales. El recorrido sirvi\u00f3 para poner de relieve el papel que la radio ha desempe\u00f1ado en la sociedad ilicitana y valenciana, as\u00ed como su capacidad de adaptaci\u00f3n e innovaci\u00f3n.<\/p>\n<p style=\"font-weight: 400;\">La exposici\u00f3n \u201cLa Aventura de la Radio\u201d, promovida por la Fundaci\u00f3n Radio Elche, invita al p\u00fablico a reflexionar sobre la transformaci\u00f3n del medio radiof\u00f3nico, al tiempo que celebra nueve d\u00e9cadas de trabajo, de comunidad y de v\u00ednculo con Elche y la provincia.<\/p>\n<p style=\"font-weight: 400;\">Con esta actividad, se refuerza el compromiso de los organizadores y del CACV con la difusi\u00f3n de la cultura audiovisual y se ofrece a la ciudadan\u00eda una oportunidad para conocer de primera mano una parte de su memoria colectiva.<\/p>\n<p style=\"font-weight: 400;\">\n","protected":false},"excerpt":{"rendered":"<p>El viernes 14 de noviembre de 2025 a las 13:00 h, la sede de la emisora de Fundaci\u00f3n Radio Elche, en la calle Doctor Cano 43 de Elche, acogi\u00f3 una&#8230;<\/p>\n","protected":false},"author":1,"featured_media":4431,"comment_status":"closed","ping_status":"open","sticky":false,"template":"","format":"standard","meta":{"footnotes":""},"categories":[15],"tags":[],"class_list":["post-4432","post","type-post","status-publish","format-standard","has-post-thumbnail","category-noticias"],"yoast_head":"<!-- This site is optimized with the Yoast SEO plugin v20.1 - https:\/\/yoast.com\/wordpress\/plugins\/seo\/ -->\n<title>Miembros del CACV asisten a la exposici\u00f3n \u201cLa Aventura de la Radio\u201d<\/title>\n<meta name=\"description\" content=\"La exposici\u00f3n \u201cLa Aventura de la Radio\u201d, promovida por la Fundaci\u00f3n Radio Elche, invita al p\u00fablico a reflexionar sobre la transformaci\u00f3n del medio radiof\u00f3nico, al tiempo que celebra nueve d\u00e9cadas de trabajo, de comunidad y de v\u00ednculo con Elche y la provincia.\" \/>\n<meta name=\"robots\" content=\"index, follow, max-snippet:-1, max-image-preview:large, max-video-preview:-1\" \/>\n<link rel=\"canonical\" href=\"https:\/\/cdacv.es\/es\/miembros-del-cacv-asisten-a-la-exposicion-la-aventura-de-la-radio\/\" \/>\n<meta property=\"og:locale\" content=\"es_ES\" \/>\n<meta property=\"og:type\" content=\"article\" \/>\n<meta property=\"og:title\" content=\"Miembros del CACV asisten a la exposici\u00f3n \u201cLa Aventura de la Radio\u201d\" \/>\n<meta property=\"og:description\" content=\"La exposici\u00f3n \u201cLa Aventura de la Radio\u201d, promovida por la Fundaci\u00f3n Radio Elche, invita al p\u00fablico a reflexionar sobre la transformaci\u00f3n del medio radiof\u00f3nico, al tiempo que celebra nueve d\u00e9cadas de trabajo, de comunidad y de v\u00ednculo con Elche y la provincia.\" \/>\n<meta property=\"og:url\" content=\"https:\/\/cdacv.es\/es\/miembros-del-cacv-asisten-a-la-exposicion-la-aventura-de-la-radio\/\" \/>\n<meta property=\"og:site_name\" content=\"Consell De L\u2019Audiovisual De La Comunitat Valenciana\" \/>\n<meta property=\"article:published_time\" content=\"2025-11-19T10:34:26+00:00\" \/>\n<meta property=\"og:image\" content=\"https:\/\/cdacv.es\/wp-content\/uploads\/2025\/11\/Aventura-de-la-radio.jpeg\" \/>\n\t<meta property=\"og:image:width\" content=\"1600\" \/>\n\t<meta property=\"og:image:height\" content=\"900\" \/>\n\t<meta property=\"og:image:type\" content=\"image\/jpeg\" \/>\n<meta name=\"author\" content=\"AdminNexora\" \/>\n<meta name=\"twitter:card\" content=\"summary_large_image\" \/>\n<meta name=\"twitter:label1\" content=\"Escrito por\" \/>\n\t<meta name=\"twitter:data1\" content=\"AdminNexora\" \/>\n\t<meta name=\"twitter:label2\" content=\"Tiempo de lectura\" \/>\n\t<meta name=\"twitter:data2\" content=\"2 minutos\" \/>\n<script type=\"application\/ld+json\" class=\"yoast-schema-graph\">{\"@context\":\"https:\/\/schema.org\",\"@graph\":[{\"@type\":\"Article\",\"@id\":\"https:\/\/cdacv.es\/es\/miembros-del-cacv-asisten-a-la-exposicion-la-aventura-de-la-radio\/#article\",\"isPartOf\":{\"@id\":\"https:\/\/cdacv.es\/es\/miembros-del-cacv-asisten-a-la-exposicion-la-aventura-de-la-radio\/\"},\"author\":{\"name\":\"AdminNexora\",\"@id\":\"https:\/\/cdacv.es\/#\/schema\/person\/2fe6d2110f66d6021bc485b6eb33b046\"},\"headline\":\"Miembros del CACV asisten a la exposici\u00f3n \u201cLa Aventura de la Radio\u201d\",\"datePublished\":\"2025-11-19T10:34:26+00:00\",\"dateModified\":\"2025-11-19T10:34:26+00:00\",\"mainEntityOfPage\":{\"@id\":\"https:\/\/cdacv.es\/es\/miembros-del-cacv-asisten-a-la-exposicion-la-aventura-de-la-radio\/\"},\"wordCount\":259,\"publisher\":{\"@id\":\"https:\/\/cdacv.es\/#organization\"},\"articleSection\":[\"Noticias\"],\"inLanguage\":\"es\"},{\"@type\":\"WebPage\",\"@id\":\"https:\/\/cdacv.es\/es\/miembros-del-cacv-asisten-a-la-exposicion-la-aventura-de-la-radio\/\",\"url\":\"https:\/\/cdacv.es\/es\/miembros-del-cacv-asisten-a-la-exposicion-la-aventura-de-la-radio\/\",\"name\":\"Miembros del CACV asisten a la exposici\u00f3n \u201cLa Aventura de la Radio\u201d\",\"isPartOf\":{\"@id\":\"https:\/\/cdacv.es\/#website\"},\"datePublished\":\"2025-11-19T10:34:26+00:00\",\"dateModified\":\"2025-11-19T10:34:26+00:00\",\"description\":\"La exposici\u00f3n \u201cLa Aventura de la Radio\u201d, promovida por la Fundaci\u00f3n Radio Elche, invita al p\u00fablico a reflexionar sobre la transformaci\u00f3n del medio radiof\u00f3nico, al tiempo que celebra nueve d\u00e9cadas de trabajo, de comunidad y de v\u00ednculo con Elche y la provincia.\",\"breadcrumb\":{\"@id\":\"https:\/\/cdacv.es\/es\/miembros-del-cacv-asisten-a-la-exposicion-la-aventura-de-la-radio\/#breadcrumb\"},\"inLanguage\":\"es\",\"potentialAction\":[{\"@type\":\"ReadAction\",\"target\":[\"https:\/\/cdacv.es\/es\/miembros-del-cacv-asisten-a-la-exposicion-la-aventura-de-la-radio\/\"]}]},{\"@type\":\"BreadcrumbList\",\"@id\":\"https:\/\/cdacv.es\/es\/miembros-del-cacv-asisten-a-la-exposicion-la-aventura-de-la-radio\/#breadcrumb\",\"itemListElement\":[{\"@type\":\"ListItem\",\"position\":1,\"name\":\"Home\",\"item\":\"https:\/\/cdacv.es\/es\/\"},{\"@type\":\"ListItem\",\"position\":2,\"name\":\"Miembros del CACV asisten a la exposici\u00f3n \u201cLa Aventura de la Radio\u201d\"}]},{\"@type\":\"WebSite\",\"@id\":\"https:\/\/cdacv.es\/#website\",\"url\":\"https:\/\/cdacv.es\/\",\"name\":\"Consell De L\u2019Audiovisual De La Comunitat Valenciana\",\"description\":\"\u00c9s l\u2019autoritat audiovisual independent encarregada de vetlar pel respecte dels drets, llibertats i valors constitucionals i estatutaris en l\u2019\u00e0mbit dels mitjans audiovisuals a la Comunitat Valenciana\",\"publisher\":{\"@id\":\"https:\/\/cdacv.es\/#organization\"},\"potentialAction\":[{\"@type\":\"SearchAction\",\"target\":{\"@type\":\"EntryPoint\",\"urlTemplate\":\"https:\/\/cdacv.es\/?s={search_term_string}\"},\"query-input\":\"required name=search_term_string\"}],\"inLanguage\":\"es\"},{\"@type\":\"Organization\",\"@id\":\"https:\/\/cdacv.es\/#organization\",\"name\":\"Consell De L\u2019Audiovisual De La Comunitat Valenciana\",\"url\":\"https:\/\/cdacv.es\/\",\"logo\":{\"@type\":\"ImageObject\",\"inLanguage\":\"es\",\"@id\":\"https:\/\/cdacv.es\/#\/schema\/logo\/image\/\",\"url\":\"https:\/\/cdacv.es\/wp-content\/uploads\/2023\/02\/fav.png\",\"contentUrl\":\"https:\/\/cdacv.es\/wp-content\/uploads\/2023\/02\/fav.png\",\"width\":300,\"height\":300,\"caption\":\"Consell De L\u2019Audiovisual De La Comunitat Valenciana\"},\"image\":{\"@id\":\"https:\/\/cdacv.es\/#\/schema\/logo\/image\/\"}},{\"@type\":\"Person\",\"@id\":\"https:\/\/cdacv.es\/#\/schema\/person\/2fe6d2110f66d6021bc485b6eb33b046\",\"name\":\"AdminNexora\",\"image\":{\"@type\":\"ImageObject\",\"inLanguage\":\"es\",\"@id\":\"https:\/\/cdacv.es\/#\/schema\/person\/image\/\",\"url\":\"https:\/\/secure.gravatar.com\/avatar\/1dc9274a96bed2cdf016317fc52f0df0b0b46b9297a4d6eec4cc4035611cf5b1?s=96&d=mm&r=g\",\"contentUrl\":\"https:\/\/secure.gravatar.com\/avatar\/1dc9274a96bed2cdf016317fc52f0df0b0b46b9297a4d6eec4cc4035611cf5b1?s=96&d=mm&r=g\",\"caption\":\"AdminNexora\"},\"url\":\"https:\/\/cdacv.es\/es\/author\/adminnexora\/\"}]}<\/script>\n<!-- \/ Yoast SEO plugin. -->","yoast_head_json":{"title":"Miembros del CACV asisten a la exposici\u00f3n \u201cLa Aventura de la Radio\u201d","description":"La exposici\u00f3n \u201cLa Aventura de la Radio\u201d, promovida por la Fundaci\u00f3n Radio Elche, invita al p\u00fablico a reflexionar sobre la transformaci\u00f3n del medio radiof\u00f3nico, al tiempo que celebra nueve d\u00e9cadas de trabajo, de comunidad y de v\u00ednculo con Elche y la provincia.","robots":{"index":"index","follow":"follow","max-snippet":"max-snippet:-1","max-image-preview":"max-image-preview:large","max-video-preview":"max-video-preview:-1"},"canonical":"https:\/\/cdacv.es\/es\/miembros-del-cacv-asisten-a-la-exposicion-la-aventura-de-la-radio\/","og_locale":"es_ES","og_type":"article","og_title":"Miembros del CACV asisten a la exposici\u00f3n \u201cLa Aventura de la Radio\u201d","og_description":"La exposici\u00f3n \u201cLa Aventura de la Radio\u201d, promovida por la Fundaci\u00f3n Radio Elche, invita al p\u00fablico a reflexionar sobre la transformaci\u00f3n del medio radiof\u00f3nico, al tiempo que celebra nueve d\u00e9cadas de trabajo, de comunidad y de v\u00ednculo con Elche y la provincia.","og_url":"https:\/\/cdacv.es\/es\/miembros-del-cacv-asisten-a-la-exposicion-la-aventura-de-la-radio\/","og_site_name":"Consell De L\u2019Audiovisual De La Comunitat Valenciana","article_published_time":"2025-11-19T10:34:26+00:00","og_image":[{"width":1600,"height":900,"url":"https:\/\/cdacv.es\/wp-content\/uploads\/2025\/11\/Aventura-de-la-radio.jpeg","type":"image\/jpeg"}],"author":"AdminNexora","twitter_card":"summary_large_image","twitter_misc":{"Escrito por":"AdminNexora","Tiempo de lectura":"2 minutos"},"schema":{"@context":"https:\/\/schema.org","@graph":[{"@type":"Article","@id":"https:\/\/cdacv.es\/es\/miembros-del-cacv-asisten-a-la-exposicion-la-aventura-de-la-radio\/#article","isPartOf":{"@id":"https:\/\/cdacv.es\/es\/miembros-del-cacv-asisten-a-la-exposicion-la-aventura-de-la-radio\/"},"author":{"name":"AdminNexora","@id":"https:\/\/cdacv.es\/#\/schema\/person\/2fe6d2110f66d6021bc485b6eb33b046"},"headline":"Miembros del CACV asisten a la exposici\u00f3n \u201cLa Aventura de la Radio\u201d","datePublished":"2025-11-19T10:34:26+00:00","dateModified":"2025-11-19T10:34:26+00:00","mainEntityOfPage":{"@id":"https:\/\/cdacv.es\/es\/miembros-del-cacv-asisten-a-la-exposicion-la-aventura-de-la-radio\/"},"wordCount":259,"publisher":{"@id":"https:\/\/cdacv.es\/#organization"},"articleSection":["Noticias"],"inLanguage":"es"},{"@type":"WebPage","@id":"https:\/\/cdacv.es\/es\/miembros-del-cacv-asisten-a-la-exposicion-la-aventura-de-la-radio\/","url":"https:\/\/cdacv.es\/es\/miembros-del-cacv-asisten-a-la-exposicion-la-aventura-de-la-radio\/","name":"Miembros del CACV asisten a la exposici\u00f3n \u201cLa Aventura de la Radio\u201d","isPartOf":{"@id":"https:\/\/cdacv.es\/#website"},"datePublished":"2025-11-19T10:34:26+00:00","dateModified":"2025-11-19T10:34:26+00:00","description":"La exposici\u00f3n \u201cLa Aventura de la Radio\u201d, promovida por la Fundaci\u00f3n Radio Elche, invita al p\u00fablico a reflexionar sobre la transformaci\u00f3n del medio radiof\u00f3nico, al tiempo que celebra nueve d\u00e9cadas de trabajo, de comunidad y de v\u00ednculo con Elche y la provincia.","breadcrumb":{"@id":"https:\/\/cdacv.es\/es\/miembros-del-cacv-asisten-a-la-exposicion-la-aventura-de-la-radio\/#breadcrumb"},"inLanguage":"es","potentialAction":[{"@type":"ReadAction","target":["https:\/\/cdacv.es\/es\/miembros-del-cacv-asisten-a-la-exposicion-la-aventura-de-la-radio\/"]}]},{"@type":"BreadcrumbList","@id":"https:\/\/cdacv.es\/es\/miembros-del-cacv-asisten-a-la-exposicion-la-aventura-de-la-radio\/#breadcrumb","itemListElement":[{"@type":"ListItem","position":1,"name":"Home","item":"https:\/\/cdacv.es\/es\/"},{"@type":"ListItem","position":2,"name":"Miembros del CACV asisten a la exposici\u00f3n \u201cLa Aventura de la Radio\u201d"}]},{"@type":"WebSite","@id":"https:\/\/cdacv.es\/#website","url":"https:\/\/cdacv.es\/","name":"Consell De L\u2019Audiovisual De La Comunitat Valenciana","description":"\u00c9s l\u2019autoritat audiovisual independent encarregada de vetlar pel respecte dels drets, llibertats i valors constitucionals i estatutaris en l\u2019\u00e0mbit dels mitjans audiovisuals a la Comunitat Valenciana","publisher":{"@id":"https:\/\/cdacv.es\/#organization"},"potentialAction":[{"@type":"SearchAction","target":{"@type":"EntryPoint","urlTemplate":"https:\/\/cdacv.es\/?s={search_term_string}"},"query-input":"required name=search_term_string"}],"inLanguage":"es"},{"@type":"Organization","@id":"https:\/\/cdacv.es\/#organization","name":"Consell De L\u2019Audiovisual De La Comunitat Valenciana","url":"https:\/\/cdacv.es\/","logo":{"@type":"ImageObject","inLanguage":"es","@id":"https:\/\/cdacv.es\/#\/schema\/logo\/image\/","url":"https:\/\/cdacv.es\/wp-content\/uploads\/2023\/02\/fav.png","contentUrl":"https:\/\/cdacv.es\/wp-content\/uploads\/2023\/02\/fav.png","width":300,"height":300,"caption":"Consell De L\u2019Audiovisual De La Comunitat Valenciana"},"image":{"@id":"https:\/\/cdacv.es\/#\/schema\/logo\/image\/"}},{"@type":"Person","@id":"https:\/\/cdacv.es\/#\/schema\/person\/2fe6d2110f66d6021bc485b6eb33b046","name":"AdminNexora","image":{"@type":"ImageObject","inLanguage":"es","@id":"https:\/\/cdacv.es\/#\/schema\/person\/image\/","url":"https:\/\/secure.gravatar.com\/avatar\/1dc9274a96bed2cdf016317fc52f0df0b0b46b9297a4d6eec4cc4035611cf5b1?s=96&d=mm&r=g","contentUrl":"https:\/\/secure.gravatar.com\/avatar\/1dc9274a96bed2cdf016317fc52f0df0b0b46b9297a4d6eec4cc4035611cf5b1?s=96&d=mm&r=g","caption":"AdminNexora"},"url":"https:\/\/cdacv.es\/es\/author\/adminnexora\/"}]}},"_links":{"self":[{"href":"https:\/\/cdacv.es\/es\/wp-json\/wp\/v2\/posts\/4432","targetHints":{"allow":["GET"]}}],"collection":[{"href":"https:\/\/cdacv.es\/es\/wp-json\/wp\/v2\/posts"}],"about":[{"href":"https:\/\/cdacv.es\/es\/wp-json\/wp\/v2\/types\/post"}],"author":[{"embeddable":true,"href":"https:\/\/cdacv.es\/es\/wp-json\/wp\/v2\/users\/1"}],"replies":[{"embeddable":true,"href":"https:\/\/cdacv.es\/es\/wp-json\/wp\/v2\/comments?post=4432"}],"version-history":[{"count":1,"href":"https:\/\/cdacv.es\/es\/wp-json\/wp\/v2\/posts\/4432\/revisions"}],"predecessor-version":[{"id":4433,"href":"https:\/\/cdacv.es\/es\/wp-json\/wp\/v2\/posts\/4432\/revisions\/4433"}],"wp:featuredmedia":[{"embeddable":true,"href":"https:\/\/cdacv.es\/es\/wp-json\/wp\/v2\/media\/4431"}],"wp:attachment":[{"href":"https:\/\/cdacv.es\/es\/wp-json\/wp\/v2\/media?parent=4432"}],"wp:term":[{"taxonomy":"category","embeddable":true,"href":"https:\/\/cdacv.es\/es\/wp-json\/wp\/v2\/categories?post=4432"},{"taxonomy":"post_tag","embeddable":true,"href":"https:\/\/cdacv.es\/es\/wp-json\/wp\/v2\/tags?post=4432"}],"curies":[{"name":"wp","href":"https:\/\/api.w.org\/{rel}","templated":true}]}}