{"id":4349,"date":"2025-11-07T15:33:07","date_gmt":"2025-11-07T14:33:07","guid":{"rendered":"https:\/\/cdacv.es\/?p=4349"},"modified":"2025-11-07T15:33:07","modified_gmt":"2025-11-07T14:33:07","slug":"la-catedra-de-analisis-y-prospectiva-del-audiovisual-de-la-umh-organiza-una-conferencia-sobre-el-reporterismo-televisivo-impartida-por-la-periodista-estefania-parra-fuentes","status":"publish","type":"post","link":"https:\/\/cdacv.es\/es\/la-catedra-de-analisis-y-prospectiva-del-audiovisual-de-la-umh-organiza-una-conferencia-sobre-el-reporterismo-televisivo-impartida-por-la-periodista-estefania-parra-fuentes\/","title":{"rendered":"La C\u00e1tedra de An\u00e1lisis y Prospectiva del Audiovisual de la UMH organiza una conferencia sobre el reporterismo televisivo impartida por la periodista Estefan\u00eda Parra Fuentes"},"content":{"rendered":"<p>La Universidad Miguel Hern\u00e1ndez de Elche (UMH) acoger\u00e1 el pr\u00f3ximo lunes 10 de noviembre, a las 9:00 horas, la conferencia <strong>\u201cEl reporterismo en televisi\u00f3n\u201d, impartida por la periodista Estefan\u00eda Parra Fuentes<\/strong>. La actividad, organizada por la C\u00e1tedra de An\u00e1lisis y Prospectiva del Audiovisual (CAPA UMH), se celebrar\u00e1 en el Aula 5 \u2013 Rosa Mar\u00eda Calaf del edificio Atzavares, en el campus de Elche.<\/p>\n<p>La conferencia est\u00e1 dirigida a estudiantes, profesionales y personas interesadas en el \u00e1mbito de la comunicaci\u00f3n y el periodismo audiovisual. Durante la sesi\u00f3n, Estefan\u00eda Parra compartir\u00e1 su experiencia profesional en los informativos televisivos, abordando el papel del reportero como pieza clave en la cobertura de la actualidad, desde la planificaci\u00f3n y el desplazamiento al lugar de los hechos hasta la realizaci\u00f3n de conexiones en directo, el env\u00edo de material audiovisual y la coordinaci\u00f3n con los equipos de redacci\u00f3n y edici\u00f3n. La periodista ofrecer\u00e1 adem\u00e1s una visi\u00f3n pr\u00e1ctica y realista del trabajo diario en la calle, mostrando c\u00f3mo se estructura una cobertura informativa, c\u00f3mo se gestionan las fuentes en situaciones de urgencia y c\u00f3mo evoluciona el tratamiento de la noticia en un entorno audiovisual marcado por la inmediatez y la tecnolog\u00eda.<\/p>\n<p>Estefan\u00eda Parra Fuentes es licenciada en Periodismo por la Universidad CEU Cardenal Herrera y en Publicidad y Relaciones P\u00fablicas por la Universidad de Alicante. Inici\u00f3 su trayectoria profesional en el medio radiof\u00f3nico, en Onda Cero Elche y Radio Santa Pola, y posteriormente dio el salto a la televisi\u00f3n como corresponsal de la antigua Canal 9 en la zona de Elche y el Baix Vinalop\u00f3. Ha trabajado tambi\u00e9n en Informaci\u00f3n TV, donde desarroll\u00f3 programas dedicados a las fiestas locales y la gastronom\u00eda, y colaborado en el \u00e1mbito deportivo con Deportes Cuatro. Durante catorce a\u00f1os form\u00f3 parte de la delegaci\u00f3n de Alicante de Informativos Telecinco (Mediaset Espa\u00f1a), y actualmente ejerce como periodista en el grupo Atresmedia, cubriendo la informaci\u00f3n para Antena 3 Noticias y La Sexta Noticias.<\/p>\n<p>La iniciativa, coordinada por el profesor Jaime Quiles, forma parte del compromiso de la C\u00e1tedra de An\u00e1lisis y Prospectiva del Audiovisual (CAPA UMH) por acercar la realidad profesional del sector a las aulas universitarias y fomentar el contacto directo con periodistas y especialistas en activo.<\/p>\n","protected":false},"excerpt":{"rendered":"<p>La Universidad Miguel Hern\u00e1ndez de Elche (UMH) acoger\u00e1 el pr\u00f3ximo lunes 10 de noviembre, a las 9:00 horas, la conferencia \u201cEl reporterismo en televisi\u00f3n\u201d, impartida por la periodista Estefan\u00eda Parra&#8230;<\/p>\n","protected":false},"author":1,"featured_media":4345,"comment_status":"closed","ping_status":"open","sticky":false,"template":"","format":"standard","meta":{"footnotes":""},"categories":[15],"tags":[],"class_list":["post-4349","post","type-post","status-publish","format-standard","has-post-thumbnail","category-noticias"],"yoast_head":"<!-- This site is optimized with the Yoast SEO plugin v20.1 - https:\/\/yoast.com\/wordpress\/plugins\/seo\/ -->\n<title>La C\u00e1tedra de An\u00e1lisis y Prospectiva del Audiovisual de la UMH organiza una conferencia sobre el reporterismo televisivo impartida por la periodista Estefan\u00eda Parra Fuentes - Consell De L\u2019Audiovisual De La Comunitat Valenciana<\/title>\n<meta name=\"robots\" content=\"index, follow, max-snippet:-1, max-image-preview:large, max-video-preview:-1\" \/>\n<link rel=\"canonical\" href=\"https:\/\/cdacv.es\/es\/la-catedra-de-analisis-y-prospectiva-del-audiovisual-de-la-umh-organiza-una-conferencia-sobre-el-reporterismo-televisivo-impartida-por-la-periodista-estefania-parra-fuentes\/\" \/>\n<meta property=\"og:locale\" content=\"es_ES\" \/>\n<meta property=\"og:type\" content=\"article\" \/>\n<meta property=\"og:title\" content=\"La C\u00e1tedra de An\u00e1lisis y Prospectiva del Audiovisual de la UMH organiza una conferencia sobre el reporterismo televisivo impartida por la periodista Estefan\u00eda Parra Fuentes - Consell De L\u2019Audiovisual De La Comunitat Valenciana\" \/>\n<meta property=\"og:description\" content=\"La Universidad Miguel Hern\u00e1ndez de Elche (UMH) acoger\u00e1 el pr\u00f3ximo lunes 10 de noviembre, a las 9:00 horas, la conferencia \u201cEl reporterismo en televisi\u00f3n\u201d, impartida por la periodista Estefan\u00eda Parra...\" \/>\n<meta property=\"og:url\" content=\"https:\/\/cdacv.es\/es\/la-catedra-de-analisis-y-prospectiva-del-audiovisual-de-la-umh-organiza-una-conferencia-sobre-el-reporterismo-televisivo-impartida-por-la-periodista-estefania-parra-fuentes\/\" \/>\n<meta property=\"og:site_name\" content=\"Consell De L\u2019Audiovisual De La Comunitat Valenciana\" \/>\n<meta property=\"article:published_time\" content=\"2025-11-07T14:33:07+00:00\" \/>\n<meta property=\"og:image\" content=\"https:\/\/cdacv.es\/wp-content\/uploads\/2025\/11\/Cartel-El-reporterismo-en-television.png\" \/>\n\t<meta property=\"og:image:width\" content=\"1414\" \/>\n\t<meta property=\"og:image:height\" content=\"2000\" \/>\n\t<meta property=\"og:image:type\" content=\"image\/png\" \/>\n<meta name=\"author\" content=\"AdminNexora\" \/>\n<meta name=\"twitter:card\" content=\"summary_large_image\" \/>\n<meta name=\"twitter:label1\" content=\"Escrito por\" \/>\n\t<meta name=\"twitter:data1\" content=\"AdminNexora\" \/>\n\t<meta name=\"twitter:label2\" content=\"Tiempo de lectura\" \/>\n\t<meta name=\"twitter:data2\" content=\"2 minutos\" \/>\n<script type=\"application\/ld+json\" class=\"yoast-schema-graph\">{\"@context\":\"https:\/\/schema.org\",\"@graph\":[{\"@type\":\"Article\",\"@id\":\"https:\/\/cdacv.es\/es\/la-catedra-de-analisis-y-prospectiva-del-audiovisual-de-la-umh-organiza-una-conferencia-sobre-el-reporterismo-televisivo-impartida-por-la-periodista-estefania-parra-fuentes\/#article\",\"isPartOf\":{\"@id\":\"https:\/\/cdacv.es\/es\/la-catedra-de-analisis-y-prospectiva-del-audiovisual-de-la-umh-organiza-una-conferencia-sobre-el-reporterismo-televisivo-impartida-por-la-periodista-estefania-parra-fuentes\/\"},\"author\":{\"name\":\"AdminNexora\",\"@id\":\"https:\/\/cdacv.es\/#\/schema\/person\/2fe6d2110f66d6021bc485b6eb33b046\"},\"headline\":\"La C\u00e1tedra de An\u00e1lisis y Prospectiva del Audiovisual de la UMH organiza una conferencia sobre el reporterismo televisivo impartida por la periodista Estefan\u00eda Parra Fuentes\",\"datePublished\":\"2025-11-07T14:33:07+00:00\",\"dateModified\":\"2025-11-07T14:33:07+00:00\",\"mainEntityOfPage\":{\"@id\":\"https:\/\/cdacv.es\/es\/la-catedra-de-analisis-y-prospectiva-del-audiovisual-de-la-umh-organiza-una-conferencia-sobre-el-reporterismo-televisivo-impartida-por-la-periodista-estefania-parra-fuentes\/\"},\"wordCount\":421,\"publisher\":{\"@id\":\"https:\/\/cdacv.es\/#organization\"},\"articleSection\":[\"Noticias\"],\"inLanguage\":\"es\"},{\"@type\":\"WebPage\",\"@id\":\"https:\/\/cdacv.es\/es\/la-catedra-de-analisis-y-prospectiva-del-audiovisual-de-la-umh-organiza-una-conferencia-sobre-el-reporterismo-televisivo-impartida-por-la-periodista-estefania-parra-fuentes\/\",\"url\":\"https:\/\/cdacv.es\/es\/la-catedra-de-analisis-y-prospectiva-del-audiovisual-de-la-umh-organiza-una-conferencia-sobre-el-reporterismo-televisivo-impartida-por-la-periodista-estefania-parra-fuentes\/\",\"name\":\"La C\u00e1tedra de An\u00e1lisis y Prospectiva del Audiovisual de la UMH organiza una conferencia sobre el reporterismo televisivo impartida por la periodista Estefan\u00eda Parra Fuentes - Consell De L\u2019Audiovisual De La Comunitat Valenciana\",\"isPartOf\":{\"@id\":\"https:\/\/cdacv.es\/#website\"},\"datePublished\":\"2025-11-07T14:33:07+00:00\",\"dateModified\":\"2025-11-07T14:33:07+00:00\",\"breadcrumb\":{\"@id\":\"https:\/\/cdacv.es\/es\/la-catedra-de-analisis-y-prospectiva-del-audiovisual-de-la-umh-organiza-una-conferencia-sobre-el-reporterismo-televisivo-impartida-por-la-periodista-estefania-parra-fuentes\/#breadcrumb\"},\"inLanguage\":\"es\",\"potentialAction\":[{\"@type\":\"ReadAction\",\"target\":[\"https:\/\/cdacv.es\/es\/la-catedra-de-analisis-y-prospectiva-del-audiovisual-de-la-umh-organiza-una-conferencia-sobre-el-reporterismo-televisivo-impartida-por-la-periodista-estefania-parra-fuentes\/\"]}]},{\"@type\":\"BreadcrumbList\",\"@id\":\"https:\/\/cdacv.es\/es\/la-catedra-de-analisis-y-prospectiva-del-audiovisual-de-la-umh-organiza-una-conferencia-sobre-el-reporterismo-televisivo-impartida-por-la-periodista-estefania-parra-fuentes\/#breadcrumb\",\"itemListElement\":[{\"@type\":\"ListItem\",\"position\":1,\"name\":\"Home\",\"item\":\"https:\/\/cdacv.es\/es\/\"},{\"@type\":\"ListItem\",\"position\":2,\"name\":\"La C\u00e1tedra de An\u00e1lisis y Prospectiva del Audiovisual de la UMH organiza una conferencia sobre el reporterismo televisivo impartida por la periodista Estefan\u00eda Parra Fuentes\"}]},{\"@type\":\"WebSite\",\"@id\":\"https:\/\/cdacv.es\/#website\",\"url\":\"https:\/\/cdacv.es\/\",\"name\":\"Consell De L\u2019Audiovisual De La Comunitat Valenciana\",\"description\":\"\u00c9s l\u2019autoritat audiovisual independent encarregada de vetlar pel respecte dels drets, llibertats i valors constitucionals i estatutaris en l\u2019\u00e0mbit dels mitjans audiovisuals a la Comunitat Valenciana\",\"publisher\":{\"@id\":\"https:\/\/cdacv.es\/#organization\"},\"potentialAction\":[{\"@type\":\"SearchAction\",\"target\":{\"@type\":\"EntryPoint\",\"urlTemplate\":\"https:\/\/cdacv.es\/?s={search_term_string}\"},\"query-input\":\"required name=search_term_string\"}],\"inLanguage\":\"es\"},{\"@type\":\"Organization\",\"@id\":\"https:\/\/cdacv.es\/#organization\",\"name\":\"Consell De L\u2019Audiovisual De La Comunitat Valenciana\",\"url\":\"https:\/\/cdacv.es\/\",\"logo\":{\"@type\":\"ImageObject\",\"inLanguage\":\"es\",\"@id\":\"https:\/\/cdacv.es\/#\/schema\/logo\/image\/\",\"url\":\"https:\/\/cdacv.es\/wp-content\/uploads\/2023\/02\/fav.png\",\"contentUrl\":\"https:\/\/cdacv.es\/wp-content\/uploads\/2023\/02\/fav.png\",\"width\":300,\"height\":300,\"caption\":\"Consell De L\u2019Audiovisual De La Comunitat Valenciana\"},\"image\":{\"@id\":\"https:\/\/cdacv.es\/#\/schema\/logo\/image\/\"}},{\"@type\":\"Person\",\"@id\":\"https:\/\/cdacv.es\/#\/schema\/person\/2fe6d2110f66d6021bc485b6eb33b046\",\"name\":\"AdminNexora\",\"image\":{\"@type\":\"ImageObject\",\"inLanguage\":\"es\",\"@id\":\"https:\/\/cdacv.es\/#\/schema\/person\/image\/\",\"url\":\"https:\/\/secure.gravatar.com\/avatar\/1dc9274a96bed2cdf016317fc52f0df0b0b46b9297a4d6eec4cc4035611cf5b1?s=96&d=mm&r=g\",\"contentUrl\":\"https:\/\/secure.gravatar.com\/avatar\/1dc9274a96bed2cdf016317fc52f0df0b0b46b9297a4d6eec4cc4035611cf5b1?s=96&d=mm&r=g\",\"caption\":\"AdminNexora\"},\"url\":\"https:\/\/cdacv.es\/es\/author\/adminnexora\/\"}]}<\/script>\n<!-- \/ Yoast SEO plugin. -->","yoast_head_json":{"title":"La C\u00e1tedra de An\u00e1lisis y Prospectiva del Audiovisual de la UMH organiza una conferencia sobre el reporterismo televisivo impartida por la periodista Estefan\u00eda Parra Fuentes - Consell De L\u2019Audiovisual De La Comunitat Valenciana","robots":{"index":"index","follow":"follow","max-snippet":"max-snippet:-1","max-image-preview":"max-image-preview:large","max-video-preview":"max-video-preview:-1"},"canonical":"https:\/\/cdacv.es\/es\/la-catedra-de-analisis-y-prospectiva-del-audiovisual-de-la-umh-organiza-una-conferencia-sobre-el-reporterismo-televisivo-impartida-por-la-periodista-estefania-parra-fuentes\/","og_locale":"es_ES","og_type":"article","og_title":"La C\u00e1tedra de An\u00e1lisis y Prospectiva del Audiovisual de la UMH organiza una conferencia sobre el reporterismo televisivo impartida por la periodista Estefan\u00eda Parra Fuentes - Consell De L\u2019Audiovisual De La Comunitat Valenciana","og_description":"La Universidad Miguel Hern\u00e1ndez de Elche (UMH) acoger\u00e1 el pr\u00f3ximo lunes 10 de noviembre, a las 9:00 horas, la conferencia \u201cEl reporterismo en televisi\u00f3n\u201d, impartida por la periodista Estefan\u00eda Parra...","og_url":"https:\/\/cdacv.es\/es\/la-catedra-de-analisis-y-prospectiva-del-audiovisual-de-la-umh-organiza-una-conferencia-sobre-el-reporterismo-televisivo-impartida-por-la-periodista-estefania-parra-fuentes\/","og_site_name":"Consell De L\u2019Audiovisual De La Comunitat Valenciana","article_published_time":"2025-11-07T14:33:07+00:00","og_image":[{"width":1414,"height":2000,"url":"https:\/\/cdacv.es\/wp-content\/uploads\/2025\/11\/Cartel-El-reporterismo-en-television.png","type":"image\/png"}],"author":"AdminNexora","twitter_card":"summary_large_image","twitter_misc":{"Escrito por":"AdminNexora","Tiempo de lectura":"2 minutos"},"schema":{"@context":"https:\/\/schema.org","@graph":[{"@type":"Article","@id":"https:\/\/cdacv.es\/es\/la-catedra-de-analisis-y-prospectiva-del-audiovisual-de-la-umh-organiza-una-conferencia-sobre-el-reporterismo-televisivo-impartida-por-la-periodista-estefania-parra-fuentes\/#article","isPartOf":{"@id":"https:\/\/cdacv.es\/es\/la-catedra-de-analisis-y-prospectiva-del-audiovisual-de-la-umh-organiza-una-conferencia-sobre-el-reporterismo-televisivo-impartida-por-la-periodista-estefania-parra-fuentes\/"},"author":{"name":"AdminNexora","@id":"https:\/\/cdacv.es\/#\/schema\/person\/2fe6d2110f66d6021bc485b6eb33b046"},"headline":"La C\u00e1tedra de An\u00e1lisis y Prospectiva del Audiovisual de la UMH organiza una conferencia sobre el reporterismo televisivo impartida por la periodista Estefan\u00eda Parra Fuentes","datePublished":"2025-11-07T14:33:07+00:00","dateModified":"2025-11-07T14:33:07+00:00","mainEntityOfPage":{"@id":"https:\/\/cdacv.es\/es\/la-catedra-de-analisis-y-prospectiva-del-audiovisual-de-la-umh-organiza-una-conferencia-sobre-el-reporterismo-televisivo-impartida-por-la-periodista-estefania-parra-fuentes\/"},"wordCount":421,"publisher":{"@id":"https:\/\/cdacv.es\/#organization"},"articleSection":["Noticias"],"inLanguage":"es"},{"@type":"WebPage","@id":"https:\/\/cdacv.es\/es\/la-catedra-de-analisis-y-prospectiva-del-audiovisual-de-la-umh-organiza-una-conferencia-sobre-el-reporterismo-televisivo-impartida-por-la-periodista-estefania-parra-fuentes\/","url":"https:\/\/cdacv.es\/es\/la-catedra-de-analisis-y-prospectiva-del-audiovisual-de-la-umh-organiza-una-conferencia-sobre-el-reporterismo-televisivo-impartida-por-la-periodista-estefania-parra-fuentes\/","name":"La C\u00e1tedra de An\u00e1lisis y Prospectiva del Audiovisual de la UMH organiza una conferencia sobre el reporterismo televisivo impartida por la periodista Estefan\u00eda Parra Fuentes - Consell De L\u2019Audiovisual De La Comunitat Valenciana","isPartOf":{"@id":"https:\/\/cdacv.es\/#website"},"datePublished":"2025-11-07T14:33:07+00:00","dateModified":"2025-11-07T14:33:07+00:00","breadcrumb":{"@id":"https:\/\/cdacv.es\/es\/la-catedra-de-analisis-y-prospectiva-del-audiovisual-de-la-umh-organiza-una-conferencia-sobre-el-reporterismo-televisivo-impartida-por-la-periodista-estefania-parra-fuentes\/#breadcrumb"},"inLanguage":"es","potentialAction":[{"@type":"ReadAction","target":["https:\/\/cdacv.es\/es\/la-catedra-de-analisis-y-prospectiva-del-audiovisual-de-la-umh-organiza-una-conferencia-sobre-el-reporterismo-televisivo-impartida-por-la-periodista-estefania-parra-fuentes\/"]}]},{"@type":"BreadcrumbList","@id":"https:\/\/cdacv.es\/es\/la-catedra-de-analisis-y-prospectiva-del-audiovisual-de-la-umh-organiza-una-conferencia-sobre-el-reporterismo-televisivo-impartida-por-la-periodista-estefania-parra-fuentes\/#breadcrumb","itemListElement":[{"@type":"ListItem","position":1,"name":"Home","item":"https:\/\/cdacv.es\/es\/"},{"@type":"ListItem","position":2,"name":"La C\u00e1tedra de An\u00e1lisis y Prospectiva del Audiovisual de la UMH organiza una conferencia sobre el reporterismo televisivo impartida por la periodista Estefan\u00eda Parra Fuentes"}]},{"@type":"WebSite","@id":"https:\/\/cdacv.es\/#website","url":"https:\/\/cdacv.es\/","name":"Consell De L\u2019Audiovisual De La Comunitat Valenciana","description":"\u00c9s l\u2019autoritat audiovisual independent encarregada de vetlar pel respecte dels drets, llibertats i valors constitucionals i estatutaris en l\u2019\u00e0mbit dels mitjans audiovisuals a la Comunitat Valenciana","publisher":{"@id":"https:\/\/cdacv.es\/#organization"},"potentialAction":[{"@type":"SearchAction","target":{"@type":"EntryPoint","urlTemplate":"https:\/\/cdacv.es\/?s={search_term_string}"},"query-input":"required name=search_term_string"}],"inLanguage":"es"},{"@type":"Organization","@id":"https:\/\/cdacv.es\/#organization","name":"Consell De L\u2019Audiovisual De La Comunitat Valenciana","url":"https:\/\/cdacv.es\/","logo":{"@type":"ImageObject","inLanguage":"es","@id":"https:\/\/cdacv.es\/#\/schema\/logo\/image\/","url":"https:\/\/cdacv.es\/wp-content\/uploads\/2023\/02\/fav.png","contentUrl":"https:\/\/cdacv.es\/wp-content\/uploads\/2023\/02\/fav.png","width":300,"height":300,"caption":"Consell De L\u2019Audiovisual De La Comunitat Valenciana"},"image":{"@id":"https:\/\/cdacv.es\/#\/schema\/logo\/image\/"}},{"@type":"Person","@id":"https:\/\/cdacv.es\/#\/schema\/person\/2fe6d2110f66d6021bc485b6eb33b046","name":"AdminNexora","image":{"@type":"ImageObject","inLanguage":"es","@id":"https:\/\/cdacv.es\/#\/schema\/person\/image\/","url":"https:\/\/secure.gravatar.com\/avatar\/1dc9274a96bed2cdf016317fc52f0df0b0b46b9297a4d6eec4cc4035611cf5b1?s=96&d=mm&r=g","contentUrl":"https:\/\/secure.gravatar.com\/avatar\/1dc9274a96bed2cdf016317fc52f0df0b0b46b9297a4d6eec4cc4035611cf5b1?s=96&d=mm&r=g","caption":"AdminNexora"},"url":"https:\/\/cdacv.es\/es\/author\/adminnexora\/"}]}},"_links":{"self":[{"href":"https:\/\/cdacv.es\/es\/wp-json\/wp\/v2\/posts\/4349","targetHints":{"allow":["GET"]}}],"collection":[{"href":"https:\/\/cdacv.es\/es\/wp-json\/wp\/v2\/posts"}],"about":[{"href":"https:\/\/cdacv.es\/es\/wp-json\/wp\/v2\/types\/post"}],"author":[{"embeddable":true,"href":"https:\/\/cdacv.es\/es\/wp-json\/wp\/v2\/users\/1"}],"replies":[{"embeddable":true,"href":"https:\/\/cdacv.es\/es\/wp-json\/wp\/v2\/comments?post=4349"}],"version-history":[{"count":1,"href":"https:\/\/cdacv.es\/es\/wp-json\/wp\/v2\/posts\/4349\/revisions"}],"predecessor-version":[{"id":4350,"href":"https:\/\/cdacv.es\/es\/wp-json\/wp\/v2\/posts\/4349\/revisions\/4350"}],"wp:featuredmedia":[{"embeddable":true,"href":"https:\/\/cdacv.es\/es\/wp-json\/wp\/v2\/media\/4345"}],"wp:attachment":[{"href":"https:\/\/cdacv.es\/es\/wp-json\/wp\/v2\/media?parent=4349"}],"wp:term":[{"taxonomy":"category","embeddable":true,"href":"https:\/\/cdacv.es\/es\/wp-json\/wp\/v2\/categories?post=4349"},{"taxonomy":"post_tag","embeddable":true,"href":"https:\/\/cdacv.es\/es\/wp-json\/wp\/v2\/tags?post=4349"}],"curies":[{"name":"wp","href":"https:\/\/api.w.org\/{rel}","templated":true}]}}