{"id":4304,"date":"2025-11-05T10:55:18","date_gmt":"2025-11-05T09:55:18","guid":{"rendered":"https:\/\/cdacv.es\/?p=4304"},"modified":"2025-11-05T10:55:18","modified_gmt":"2025-11-05T09:55:18","slug":"jornada-de-alfabetizacion-mediatica-en-las-televisiones-de-proximidad","status":"publish","type":"post","link":"https:\/\/cdacv.es\/es\/jornada-de-alfabetizacion-mediatica-en-las-televisiones-de-proximidad\/","title":{"rendered":"Jornada de alfabetizaci\u00f3n medi\u00e1tica en las televisiones de proximidad"},"content":{"rendered":"<div class=\"relative basis-auto flex-col -mb-(--composer-overlap-px) [--composer-overlap-px:28px] grow flex overflow-hidden\">\n<div class=\"relative h-full\">\n<div class=\"flex h-full flex-col overflow-y-auto thread-xl:pt-(--header-height) [scrollbar-gutter:stable_both-edges]\">\n<div class=\"flex flex-col text-sm thread-xl:pt-header-height pb-25\">\n<article class=\"text-token-text-primary w-full focus:outline-none [--shadow-height:45px] has-data-writing-block:pointer-events-none has-data-writing-block:-mt-(--shadow-height) has-data-writing-block:pt-(--shadow-height) [&amp;:has([data-writing-block])&gt;*]:pointer-events-auto [content-visibility:auto] supports-[content-visibility:auto]:[contain-intrinsic-size:auto_100lvh] scroll-mt-[calc(var(--header-height)+min(200px,max(70px,20svh)))]\" dir=\"auto\" tabindex=\"-1\" data-turn-id=\"request-WEB:31b6070f-ca2f-4875-bbbd-83e64b5fa5ea-18\" data-testid=\"conversation-turn-16\" data-scroll-anchor=\"true\" data-turn=\"assistant\">\n<div class=\"text-base my-auto mx-auto pb-10 [--thread-content-margin:--spacing(4)] thread-sm:[--thread-content-margin:--spacing(6)] thread-lg:[--thread-content-margin:--spacing(16)] px-(--thread-content-margin)\">\n<div class=\"[--thread-content-max-width:40rem] thread-lg:[--thread-content-max-width:48rem] mx-auto max-w-(--thread-content-max-width) flex-1 group\/turn-messages focus-visible:outline-hidden relative flex w-full min-w-0 flex-col agent-turn\" tabindex=\"-1\">\n<div class=\"flex max-w-full flex-col grow\">\n<div class=\"min-h-8 text-message relative flex w-full flex-col items-end gap-2 text-start break-words whitespace-normal [.text-message+&amp;]:mt-1\" dir=\"auto\" data-message-author-role=\"assistant\" data-message-id=\"e8c1d121-1a7c-4f94-857c-495dfbc08733\" data-message-model-slug=\"gpt-5\">\n<div class=\"flex w-full flex-col gap-1 empty:hidden first:pt-[1px]\">\n<div class=\"markdown prose dark:prose-invert w-full break-words light markdown-new-styling\">\n<p data-start=\"233\" data-end=\"897\">El pr\u00f3ximo lunes, 10 de noviembre, la sede del <strong data-start=\"280\" data-end=\"342\">Consell de l\u2019Audiovisual de la Comunitat Valenciana (CACV)<\/strong>, en Castell\u00f3, acoger\u00e1 la <strong data-start=\"368\" data-end=\"440\">jornada \u201cAlfabetizaci\u00f3n medi\u00e1tica en las televisiones de proximidad\u201d<\/strong>, en el marco de la <strong data-start=\"460\" data-end=\"538\">Semana Mundial de la Alfabetizaci\u00f3n Medi\u00e1tica e Informacional de la UNESCO<\/strong>. La actividad, organizada por el <strong data-start=\"572\" data-end=\"614\">Espai Audiovisual de Proximitat (ESAP)<\/strong> con el patrocinio de la <strong data-start=\"639\" data-end=\"665\">Generalitat Valenciana<\/strong> y la colaboraci\u00f3n del <strong data-start=\"688\" data-end=\"696\">CACV<\/strong>, reunir\u00e1 a representantes institucionales, acad\u00e9micos y profesionales del sector audiovisual valenciano para analizar el papel de las televisiones locales en la formaci\u00f3n medi\u00e1tica de la ciudadan\u00eda.<\/p>\n<p data-start=\"899\" data-end=\"1445\">La jornada contar\u00e1 con la participaci\u00f3n de <strong data-start=\"942\" data-end=\"962\">Jos\u00e9 Mar\u00eda Vidal<\/strong>, presidente del CACV, que inaugurar\u00e1 el acto, as\u00ed como del <strong data-start=\"1022\" data-end=\"1051\">catedr\u00e1tico Javier Marzal<\/strong>, de la Universitat Jaume I, que presentar\u00e1 las \u00faltimas iniciativas en materia de alfabetizaci\u00f3n medi\u00e1tica. Adem\u00e1s, se celebrar\u00e1 una <strong data-start=\"1184\" data-end=\"1202\">mesa de debate<\/strong> con representantes de <strong data-start=\"1225\" data-end=\"1234\">TEVAP<\/strong>, <strong data-start=\"1236\" data-end=\"1244\">ESAP<\/strong>, <strong data-start=\"1246\" data-end=\"1256\">\u00c0 Punt<\/strong>, <strong data-start=\"1258\" data-end=\"1279\">8 Mediterr\u00e1neo TV<\/strong> y los canales del grupo <strong data-start=\"1304\" data-end=\"1322\">Prensa Ib\u00e9rica<\/strong>, centrada en las oportunidades y retos de los medios de proximidad para promover una ciudadan\u00eda m\u00e1s cr\u00edtica e informada.<\/p>\n<p data-start=\"899\" data-end=\"1445\">Se puede consultar el programa de la jornada en este enlace: <a href=\"https:\/\/cdacv.es\/wp-content\/uploads\/2025\/11\/Jornada-alfabetitzacio-de-proximitat.png\" target=\"_blank\" rel=\"noopener\"><strong><em>PROGRAMA<\/em><\/strong><\/a><\/p>\n<\/div>\n<\/div>\n<\/div>\n<\/div>\n<\/div>\n<\/div>\n<\/article>\n<\/div>\n<\/div>\n<\/div>\n<\/div>\n","protected":false},"excerpt":{"rendered":"<p>El pr\u00f3ximo lunes, 10 de noviembre, la sede del Consell de l\u2019Audiovisual de la Comunitat Valenciana (CACV), en Castell\u00f3, acoger\u00e1 la jornada \u201cAlfabetizaci\u00f3n medi\u00e1tica en las televisiones de proximidad\u201d, en&#8230;<\/p>\n","protected":false},"author":1,"featured_media":4302,"comment_status":"closed","ping_status":"open","sticky":false,"template":"","format":"standard","meta":{"footnotes":""},"categories":[15],"tags":[],"class_list":["post-4304","post","type-post","status-publish","format-standard","has-post-thumbnail","category-noticias"],"yoast_head":"<!-- This site is optimized with the Yoast SEO plugin v20.1 - https:\/\/yoast.com\/wordpress\/plugins\/seo\/ -->\n<title>Jornada de alfabetizaci\u00f3n medi\u00e1tica en las televisiones de proximidad - Consell De L\u2019Audiovisual De La Comunitat Valenciana<\/title>\n<meta name=\"robots\" content=\"index, follow, max-snippet:-1, max-image-preview:large, max-video-preview:-1\" \/>\n<link rel=\"canonical\" href=\"https:\/\/cdacv.es\/es\/jornada-de-alfabetizacion-mediatica-en-las-televisiones-de-proximidad\/\" \/>\n<meta property=\"og:locale\" content=\"es_ES\" \/>\n<meta property=\"og:type\" content=\"article\" \/>\n<meta property=\"og:title\" content=\"Jornada de alfabetizaci\u00f3n medi\u00e1tica en las televisiones de proximidad - Consell De L\u2019Audiovisual De La Comunitat Valenciana\" \/>\n<meta property=\"og:description\" content=\"El pr\u00f3ximo lunes, 10 de noviembre, la sede del Consell de l\u2019Audiovisual de la Comunitat Valenciana (CACV), en Castell\u00f3, acoger\u00e1 la jornada \u201cAlfabetizaci\u00f3n medi\u00e1tica en las televisiones de proximidad\u201d, en...\" \/>\n<meta property=\"og:url\" content=\"https:\/\/cdacv.es\/es\/jornada-de-alfabetizacion-mediatica-en-las-televisiones-de-proximidad\/\" \/>\n<meta property=\"og:site_name\" content=\"Consell De L\u2019Audiovisual De La Comunitat Valenciana\" \/>\n<meta property=\"article:published_time\" content=\"2025-11-05T09:55:18+00:00\" \/>\n<meta property=\"og:image\" content=\"https:\/\/cdacv.es\/wp-content\/uploads\/2025\/11\/Jornada-alfabetitzacio-de-proximitat.png\" \/>\n\t<meta property=\"og:image:width\" content=\"1152\" \/>\n\t<meta property=\"og:image:height\" content=\"1372\" \/>\n\t<meta property=\"og:image:type\" content=\"image\/png\" \/>\n<meta name=\"author\" content=\"AdminNexora\" \/>\n<meta name=\"twitter:card\" content=\"summary_large_image\" \/>\n<meta name=\"twitter:label1\" content=\"Escrito por\" \/>\n\t<meta name=\"twitter:data1\" content=\"AdminNexora\" \/>\n\t<meta name=\"twitter:label2\" content=\"Tiempo de lectura\" \/>\n\t<meta name=\"twitter:data2\" content=\"1 minuto\" \/>\n<script type=\"application\/ld+json\" class=\"yoast-schema-graph\">{\"@context\":\"https:\/\/schema.org\",\"@graph\":[{\"@type\":\"Article\",\"@id\":\"https:\/\/cdacv.es\/es\/jornada-de-alfabetizacion-mediatica-en-las-televisiones-de-proximidad\/#article\",\"isPartOf\":{\"@id\":\"https:\/\/cdacv.es\/es\/jornada-de-alfabetizacion-mediatica-en-las-televisiones-de-proximidad\/\"},\"author\":{\"name\":\"AdminNexora\",\"@id\":\"https:\/\/cdacv.es\/#\/schema\/person\/2fe6d2110f66d6021bc485b6eb33b046\"},\"headline\":\"Jornada de alfabetizaci\u00f3n medi\u00e1tica en las televisiones de proximidad\",\"datePublished\":\"2025-11-05T09:55:18+00:00\",\"dateModified\":\"2025-11-05T09:55:18+00:00\",\"mainEntityOfPage\":{\"@id\":\"https:\/\/cdacv.es\/es\/jornada-de-alfabetizacion-mediatica-en-las-televisiones-de-proximidad\/\"},\"wordCount\":216,\"publisher\":{\"@id\":\"https:\/\/cdacv.es\/#organization\"},\"articleSection\":[\"Noticias\"],\"inLanguage\":\"es\"},{\"@type\":\"WebPage\",\"@id\":\"https:\/\/cdacv.es\/es\/jornada-de-alfabetizacion-mediatica-en-las-televisiones-de-proximidad\/\",\"url\":\"https:\/\/cdacv.es\/es\/jornada-de-alfabetizacion-mediatica-en-las-televisiones-de-proximidad\/\",\"name\":\"Jornada de alfabetizaci\u00f3n medi\u00e1tica en las televisiones de proximidad - Consell De L\u2019Audiovisual De La Comunitat Valenciana\",\"isPartOf\":{\"@id\":\"https:\/\/cdacv.es\/#website\"},\"datePublished\":\"2025-11-05T09:55:18+00:00\",\"dateModified\":\"2025-11-05T09:55:18+00:00\",\"breadcrumb\":{\"@id\":\"https:\/\/cdacv.es\/es\/jornada-de-alfabetizacion-mediatica-en-las-televisiones-de-proximidad\/#breadcrumb\"},\"inLanguage\":\"es\",\"potentialAction\":[{\"@type\":\"ReadAction\",\"target\":[\"https:\/\/cdacv.es\/es\/jornada-de-alfabetizacion-mediatica-en-las-televisiones-de-proximidad\/\"]}]},{\"@type\":\"BreadcrumbList\",\"@id\":\"https:\/\/cdacv.es\/es\/jornada-de-alfabetizacion-mediatica-en-las-televisiones-de-proximidad\/#breadcrumb\",\"itemListElement\":[{\"@type\":\"ListItem\",\"position\":1,\"name\":\"Home\",\"item\":\"https:\/\/cdacv.es\/es\/\"},{\"@type\":\"ListItem\",\"position\":2,\"name\":\"Jornada de alfabetizaci\u00f3n medi\u00e1tica en las televisiones de proximidad\"}]},{\"@type\":\"WebSite\",\"@id\":\"https:\/\/cdacv.es\/#website\",\"url\":\"https:\/\/cdacv.es\/\",\"name\":\"Consell De L\u2019Audiovisual De La Comunitat Valenciana\",\"description\":\"\u00c9s l\u2019autoritat audiovisual independent encarregada de vetlar pel respecte dels drets, llibertats i valors constitucionals i estatutaris en l\u2019\u00e0mbit dels mitjans audiovisuals a la Comunitat Valenciana\",\"publisher\":{\"@id\":\"https:\/\/cdacv.es\/#organization\"},\"potentialAction\":[{\"@type\":\"SearchAction\",\"target\":{\"@type\":\"EntryPoint\",\"urlTemplate\":\"https:\/\/cdacv.es\/?s={search_term_string}\"},\"query-input\":\"required name=search_term_string\"}],\"inLanguage\":\"es\"},{\"@type\":\"Organization\",\"@id\":\"https:\/\/cdacv.es\/#organization\",\"name\":\"Consell De L\u2019Audiovisual De La Comunitat Valenciana\",\"url\":\"https:\/\/cdacv.es\/\",\"logo\":{\"@type\":\"ImageObject\",\"inLanguage\":\"es\",\"@id\":\"https:\/\/cdacv.es\/#\/schema\/logo\/image\/\",\"url\":\"https:\/\/cdacv.es\/wp-content\/uploads\/2023\/02\/fav.png\",\"contentUrl\":\"https:\/\/cdacv.es\/wp-content\/uploads\/2023\/02\/fav.png\",\"width\":300,\"height\":300,\"caption\":\"Consell De L\u2019Audiovisual De La Comunitat Valenciana\"},\"image\":{\"@id\":\"https:\/\/cdacv.es\/#\/schema\/logo\/image\/\"}},{\"@type\":\"Person\",\"@id\":\"https:\/\/cdacv.es\/#\/schema\/person\/2fe6d2110f66d6021bc485b6eb33b046\",\"name\":\"AdminNexora\",\"image\":{\"@type\":\"ImageObject\",\"inLanguage\":\"es\",\"@id\":\"https:\/\/cdacv.es\/#\/schema\/person\/image\/\",\"url\":\"https:\/\/secure.gravatar.com\/avatar\/1dc9274a96bed2cdf016317fc52f0df0b0b46b9297a4d6eec4cc4035611cf5b1?s=96&d=mm&r=g\",\"contentUrl\":\"https:\/\/secure.gravatar.com\/avatar\/1dc9274a96bed2cdf016317fc52f0df0b0b46b9297a4d6eec4cc4035611cf5b1?s=96&d=mm&r=g\",\"caption\":\"AdminNexora\"},\"url\":\"https:\/\/cdacv.es\/es\/author\/adminnexora\/\"}]}<\/script>\n<!-- \/ Yoast SEO plugin. -->","yoast_head_json":{"title":"Jornada de alfabetizaci\u00f3n medi\u00e1tica en las televisiones de proximidad - Consell De L\u2019Audiovisual De La Comunitat Valenciana","robots":{"index":"index","follow":"follow","max-snippet":"max-snippet:-1","max-image-preview":"max-image-preview:large","max-video-preview":"max-video-preview:-1"},"canonical":"https:\/\/cdacv.es\/es\/jornada-de-alfabetizacion-mediatica-en-las-televisiones-de-proximidad\/","og_locale":"es_ES","og_type":"article","og_title":"Jornada de alfabetizaci\u00f3n medi\u00e1tica en las televisiones de proximidad - Consell De L\u2019Audiovisual De La Comunitat Valenciana","og_description":"El pr\u00f3ximo lunes, 10 de noviembre, la sede del Consell de l\u2019Audiovisual de la Comunitat Valenciana (CACV), en Castell\u00f3, acoger\u00e1 la jornada \u201cAlfabetizaci\u00f3n medi\u00e1tica en las televisiones de proximidad\u201d, en...","og_url":"https:\/\/cdacv.es\/es\/jornada-de-alfabetizacion-mediatica-en-las-televisiones-de-proximidad\/","og_site_name":"Consell De L\u2019Audiovisual De La Comunitat Valenciana","article_published_time":"2025-11-05T09:55:18+00:00","og_image":[{"width":1152,"height":1372,"url":"https:\/\/cdacv.es\/wp-content\/uploads\/2025\/11\/Jornada-alfabetitzacio-de-proximitat.png","type":"image\/png"}],"author":"AdminNexora","twitter_card":"summary_large_image","twitter_misc":{"Escrito por":"AdminNexora","Tiempo de lectura":"1 minuto"},"schema":{"@context":"https:\/\/schema.org","@graph":[{"@type":"Article","@id":"https:\/\/cdacv.es\/es\/jornada-de-alfabetizacion-mediatica-en-las-televisiones-de-proximidad\/#article","isPartOf":{"@id":"https:\/\/cdacv.es\/es\/jornada-de-alfabetizacion-mediatica-en-las-televisiones-de-proximidad\/"},"author":{"name":"AdminNexora","@id":"https:\/\/cdacv.es\/#\/schema\/person\/2fe6d2110f66d6021bc485b6eb33b046"},"headline":"Jornada de alfabetizaci\u00f3n medi\u00e1tica en las televisiones de proximidad","datePublished":"2025-11-05T09:55:18+00:00","dateModified":"2025-11-05T09:55:18+00:00","mainEntityOfPage":{"@id":"https:\/\/cdacv.es\/es\/jornada-de-alfabetizacion-mediatica-en-las-televisiones-de-proximidad\/"},"wordCount":216,"publisher":{"@id":"https:\/\/cdacv.es\/#organization"},"articleSection":["Noticias"],"inLanguage":"es"},{"@type":"WebPage","@id":"https:\/\/cdacv.es\/es\/jornada-de-alfabetizacion-mediatica-en-las-televisiones-de-proximidad\/","url":"https:\/\/cdacv.es\/es\/jornada-de-alfabetizacion-mediatica-en-las-televisiones-de-proximidad\/","name":"Jornada de alfabetizaci\u00f3n medi\u00e1tica en las televisiones de proximidad - Consell De L\u2019Audiovisual De La Comunitat Valenciana","isPartOf":{"@id":"https:\/\/cdacv.es\/#website"},"datePublished":"2025-11-05T09:55:18+00:00","dateModified":"2025-11-05T09:55:18+00:00","breadcrumb":{"@id":"https:\/\/cdacv.es\/es\/jornada-de-alfabetizacion-mediatica-en-las-televisiones-de-proximidad\/#breadcrumb"},"inLanguage":"es","potentialAction":[{"@type":"ReadAction","target":["https:\/\/cdacv.es\/es\/jornada-de-alfabetizacion-mediatica-en-las-televisiones-de-proximidad\/"]}]},{"@type":"BreadcrumbList","@id":"https:\/\/cdacv.es\/es\/jornada-de-alfabetizacion-mediatica-en-las-televisiones-de-proximidad\/#breadcrumb","itemListElement":[{"@type":"ListItem","position":1,"name":"Home","item":"https:\/\/cdacv.es\/es\/"},{"@type":"ListItem","position":2,"name":"Jornada de alfabetizaci\u00f3n medi\u00e1tica en las televisiones de proximidad"}]},{"@type":"WebSite","@id":"https:\/\/cdacv.es\/#website","url":"https:\/\/cdacv.es\/","name":"Consell De L\u2019Audiovisual De La Comunitat Valenciana","description":"\u00c9s l\u2019autoritat audiovisual independent encarregada de vetlar pel respecte dels drets, llibertats i valors constitucionals i estatutaris en l\u2019\u00e0mbit dels mitjans audiovisuals a la Comunitat Valenciana","publisher":{"@id":"https:\/\/cdacv.es\/#organization"},"potentialAction":[{"@type":"SearchAction","target":{"@type":"EntryPoint","urlTemplate":"https:\/\/cdacv.es\/?s={search_term_string}"},"query-input":"required name=search_term_string"}],"inLanguage":"es"},{"@type":"Organization","@id":"https:\/\/cdacv.es\/#organization","name":"Consell De L\u2019Audiovisual De La Comunitat Valenciana","url":"https:\/\/cdacv.es\/","logo":{"@type":"ImageObject","inLanguage":"es","@id":"https:\/\/cdacv.es\/#\/schema\/logo\/image\/","url":"https:\/\/cdacv.es\/wp-content\/uploads\/2023\/02\/fav.png","contentUrl":"https:\/\/cdacv.es\/wp-content\/uploads\/2023\/02\/fav.png","width":300,"height":300,"caption":"Consell De L\u2019Audiovisual De La Comunitat Valenciana"},"image":{"@id":"https:\/\/cdacv.es\/#\/schema\/logo\/image\/"}},{"@type":"Person","@id":"https:\/\/cdacv.es\/#\/schema\/person\/2fe6d2110f66d6021bc485b6eb33b046","name":"AdminNexora","image":{"@type":"ImageObject","inLanguage":"es","@id":"https:\/\/cdacv.es\/#\/schema\/person\/image\/","url":"https:\/\/secure.gravatar.com\/avatar\/1dc9274a96bed2cdf016317fc52f0df0b0b46b9297a4d6eec4cc4035611cf5b1?s=96&d=mm&r=g","contentUrl":"https:\/\/secure.gravatar.com\/avatar\/1dc9274a96bed2cdf016317fc52f0df0b0b46b9297a4d6eec4cc4035611cf5b1?s=96&d=mm&r=g","caption":"AdminNexora"},"url":"https:\/\/cdacv.es\/es\/author\/adminnexora\/"}]}},"_links":{"self":[{"href":"https:\/\/cdacv.es\/es\/wp-json\/wp\/v2\/posts\/4304","targetHints":{"allow":["GET"]}}],"collection":[{"href":"https:\/\/cdacv.es\/es\/wp-json\/wp\/v2\/posts"}],"about":[{"href":"https:\/\/cdacv.es\/es\/wp-json\/wp\/v2\/types\/post"}],"author":[{"embeddable":true,"href":"https:\/\/cdacv.es\/es\/wp-json\/wp\/v2\/users\/1"}],"replies":[{"embeddable":true,"href":"https:\/\/cdacv.es\/es\/wp-json\/wp\/v2\/comments?post=4304"}],"version-history":[{"count":1,"href":"https:\/\/cdacv.es\/es\/wp-json\/wp\/v2\/posts\/4304\/revisions"}],"predecessor-version":[{"id":4305,"href":"https:\/\/cdacv.es\/es\/wp-json\/wp\/v2\/posts\/4304\/revisions\/4305"}],"wp:featuredmedia":[{"embeddable":true,"href":"https:\/\/cdacv.es\/es\/wp-json\/wp\/v2\/media\/4302"}],"wp:attachment":[{"href":"https:\/\/cdacv.es\/es\/wp-json\/wp\/v2\/media?parent=4304"}],"wp:term":[{"taxonomy":"category","embeddable":true,"href":"https:\/\/cdacv.es\/es\/wp-json\/wp\/v2\/categories?post=4304"},{"taxonomy":"post_tag","embeddable":true,"href":"https:\/\/cdacv.es\/es\/wp-json\/wp\/v2\/tags?post=4304"}],"curies":[{"name":"wp","href":"https:\/\/api.w.org\/{rel}","templated":true}]}}