{"id":4258,"date":"2025-11-03T12:08:50","date_gmt":"2025-11-03T11:08:50","guid":{"rendered":"https:\/\/cdacv.es\/?p=4258"},"modified":"2025-11-03T12:08:50","modified_gmt":"2025-11-03T11:08:50","slug":"la-catedra-de-analisis-y-prospectiva-audiovisual-impulsa-el-talento-audiovisual-universitario-con-la-conferencia-pitching-umh-talent-audiovisual-universitari","status":"publish","type":"post","link":"https:\/\/cdacv.es\/es\/la-catedra-de-analisis-y-prospectiva-audiovisual-impulsa-el-talento-audiovisual-universitario-con-la-conferencia-pitching-umh-talent-audiovisual-universitari\/","title":{"rendered":"La C\u00e1tedra de An\u00e1lisis y Prospectiva Audiovisual impulsa el talento audiovisual universitario con la conferencia \u201cPitching UMH &#8211; Talent Audiovisual Universitari\u201d"},"content":{"rendered":"<p>La C\u00e1tedra de An\u00e1lisis y Prospectiva Audiovisual (CAPA UMH) acoger\u00e1 el pr\u00f3ximo viernes 31 de octubre la conferencia <strong>\u201cPitching UMH &#8211; Talent Audiovisual Universitari, Pitching Universitats Valencianes &#8211; Sector Audiovisual\u201d<\/strong>, una iniciativa dirigida al alumnado de Comunicaci\u00f3n Audiovisual, abierta a toda la comunidad universitaria interesada en la creaci\u00f3n y producci\u00f3n audiovisual.<\/p>\n<p>El encuentro se celebrar\u00e1 en el Aula 5 \u2013 Rosa Mar\u00eda Calaf, ubicada en el Edificio Atzavares, en la Universidad Miguel Hern\u00e1ndez de Elche y comenzar\u00e1 a las 10:00. Contar\u00e1 con la participaci\u00f3n de dos destacadas profesionales del sector audiovisual: Araceli Isaac (Nakamura Films) y Joana Chilet (JC Media), que compartir\u00e1n su experiencia en el desarrollo y la presentaci\u00f3n de proyectos audiovisuales ante productoras y mesas de expertas\/os.<\/p>\n<p>La jornada combinar\u00e1 formaci\u00f3n te\u00f3rica y pr\u00e1ctica en torno a las claves del pitching &#8211; la presentaci\u00f3n profesional de proyectos audiovisuales &#8211; , abordando aspectos como la b\u00fasqueda de la idea, la elaboraci\u00f3n del dosier, la preparaci\u00f3n del discurso y las estrategias de exposici\u00f3n ante profesionales del sector.<\/p>\n<p>Con esta actividad, la C\u00e1tedra de An\u00e1lisis y Prospectiva Audiovisual (CAPA UMH) refuerza su compromiso con la sociedad, el estudiantado de los grados de Comunicaci\u00f3n Audiovisual, Periodismo y Doble Grado en Comunicaci\u00f3n Audiovisual y Periodismo, as\u00ed como las personas interesadas en el \u00e1mbito audiovisual, impulsando el talento emergente y favoreciendo la conexi\u00f3n entre la universidad y la industria audiovisual.<\/p>\n<p>El \u201cPitching UMH &#8211; Talent Audiovisual Universitari\u201d forma parte del programa Pitching Universitats Valencianes &#8211; Sector Audiovisual, que busca promover la colaboraci\u00f3n entre universidades y empresas para potenciar nuevas voces creativas en el \u00e1mbito audiovisual valenciano.<\/p>\n<p>Esta actividad est\u00e1 organizada por los profesores del Departamento de Ciencias Sociales y Humanas de la Universidad Miguel Hern\u00e1ndez de Elche, Jaume Quiles y Tatiana Santos.<\/p>\n<ul>\n<li>Fecha: Viernes, 31 de octubre de 2025<\/li>\n<li>Hora de inicio: 10:00<\/li>\n<li>Lugar: Aula 5 \u2013 Rosa Mar\u00eda Calaf, Edificio Atzavares, Universidad Miguel Hern\u00e1ndez (Elche)<\/li>\n<li>Dirigido a: Estudiantado y profesorado de Comunicaci\u00f3n Audiovisual y p\u00fablico interesado<\/li>\n<\/ul>\n","protected":false},"excerpt":{"rendered":"<p>La C\u00e1tedra de An\u00e1lisis y Prospectiva Audiovisual (CAPA UMH) acoger\u00e1 el pr\u00f3ximo viernes 31 de octubre la conferencia \u201cPitching UMH &#8211; Talent Audiovisual Universitari, Pitching Universitats Valencianes &#8211; Sector Audiovisual\u201d,&#8230;<\/p>\n","protected":false},"author":1,"featured_media":4259,"comment_status":"closed","ping_status":"open","sticky":false,"template":"","format":"standard","meta":{"footnotes":""},"categories":[15],"tags":[],"class_list":["post-4258","post","type-post","status-publish","format-standard","has-post-thumbnail","category-noticias"],"yoast_head":"<!-- This site is optimized with the Yoast SEO plugin v20.1 - https:\/\/yoast.com\/wordpress\/plugins\/seo\/ -->\n<title>Conferencia \u201cPitching UMH - Talent Audiovisual Universitari\u201d<\/title>\n<meta name=\"description\" content=\"\u201cPitching UMH - Talent Audiovisual Universitari, Pitching Universitats Valencianes - Sector Audiovisual\u201d, una iniciativa dirigida al alumnado de Comunicaci\u00f3n Audiovisual, abierta a toda la comunidad universitaria interesada en la creaci\u00f3n y producci\u00f3n audiovisual.\" \/>\n<meta name=\"robots\" content=\"index, follow, max-snippet:-1, max-image-preview:large, max-video-preview:-1\" \/>\n<link rel=\"canonical\" href=\"https:\/\/cdacv.es\/es\/la-catedra-de-analisis-y-prospectiva-audiovisual-impulsa-el-talento-audiovisual-universitario-con-la-conferencia-pitching-umh-talent-audiovisual-universitari\/\" \/>\n<meta property=\"og:locale\" content=\"es_ES\" \/>\n<meta property=\"og:type\" content=\"article\" \/>\n<meta property=\"og:title\" content=\"Conferencia \u201cPitching UMH - Talent Audiovisual Universitari\u201d\" \/>\n<meta property=\"og:description\" content=\"\u201cPitching UMH - Talent Audiovisual Universitari, Pitching Universitats Valencianes - Sector Audiovisual\u201d, una iniciativa dirigida al alumnado de Comunicaci\u00f3n Audiovisual, abierta a toda la comunidad universitaria interesada en la creaci\u00f3n y producci\u00f3n audiovisual.\" \/>\n<meta property=\"og:url\" content=\"https:\/\/cdacv.es\/es\/la-catedra-de-analisis-y-prospectiva-audiovisual-impulsa-el-talento-audiovisual-universitario-con-la-conferencia-pitching-umh-talent-audiovisual-universitari\/\" \/>\n<meta property=\"og:site_name\" content=\"Consell De L\u2019Audiovisual De La Comunitat Valenciana\" \/>\n<meta property=\"article:published_time\" content=\"2025-11-03T11:08:50+00:00\" \/>\n<meta property=\"og:image\" content=\"https:\/\/cdacv.es\/wp-content\/uploads\/2025\/11\/Taller-Pitching-814x1024.png\" \/>\n\t<meta property=\"og:image:width\" content=\"814\" \/>\n\t<meta property=\"og:image:height\" content=\"1024\" \/>\n\t<meta property=\"og:image:type\" content=\"image\/png\" \/>\n<meta name=\"author\" content=\"AdminNexora\" \/>\n<meta name=\"twitter:card\" content=\"summary_large_image\" \/>\n<meta name=\"twitter:label1\" content=\"Escrito por\" \/>\n\t<meta name=\"twitter:data1\" content=\"AdminNexora\" \/>\n\t<meta name=\"twitter:label2\" content=\"Tiempo de lectura\" \/>\n\t<meta name=\"twitter:data2\" content=\"2 minutos\" \/>\n<script type=\"application\/ld+json\" class=\"yoast-schema-graph\">{\"@context\":\"https:\/\/schema.org\",\"@graph\":[{\"@type\":\"Article\",\"@id\":\"https:\/\/cdacv.es\/es\/la-catedra-de-analisis-y-prospectiva-audiovisual-impulsa-el-talento-audiovisual-universitario-con-la-conferencia-pitching-umh-talent-audiovisual-universitari\/#article\",\"isPartOf\":{\"@id\":\"https:\/\/cdacv.es\/es\/la-catedra-de-analisis-y-prospectiva-audiovisual-impulsa-el-talento-audiovisual-universitario-con-la-conferencia-pitching-umh-talent-audiovisual-universitari\/\"},\"author\":{\"name\":\"AdminNexora\",\"@id\":\"https:\/\/cdacv.es\/#\/schema\/person\/2fe6d2110f66d6021bc485b6eb33b046\"},\"headline\":\"La C\u00e1tedra de An\u00e1lisis y Prospectiva Audiovisual impulsa el talento audiovisual universitario con la conferencia \u201cPitching UMH &#8211; Talent Audiovisual Universitari\u201d\",\"datePublished\":\"2025-11-03T11:08:50+00:00\",\"dateModified\":\"2025-11-03T11:08:50+00:00\",\"mainEntityOfPage\":{\"@id\":\"https:\/\/cdacv.es\/es\/la-catedra-de-analisis-y-prospectiva-audiovisual-impulsa-el-talento-audiovisual-universitario-con-la-conferencia-pitching-umh-talent-audiovisual-universitari\/\"},\"wordCount\":367,\"publisher\":{\"@id\":\"https:\/\/cdacv.es\/#organization\"},\"articleSection\":[\"Noticias\"],\"inLanguage\":\"es\"},{\"@type\":\"WebPage\",\"@id\":\"https:\/\/cdacv.es\/es\/la-catedra-de-analisis-y-prospectiva-audiovisual-impulsa-el-talento-audiovisual-universitario-con-la-conferencia-pitching-umh-talent-audiovisual-universitari\/\",\"url\":\"https:\/\/cdacv.es\/es\/la-catedra-de-analisis-y-prospectiva-audiovisual-impulsa-el-talento-audiovisual-universitario-con-la-conferencia-pitching-umh-talent-audiovisual-universitari\/\",\"name\":\"Conferencia \u201cPitching UMH - Talent Audiovisual Universitari\u201d\",\"isPartOf\":{\"@id\":\"https:\/\/cdacv.es\/#website\"},\"datePublished\":\"2025-11-03T11:08:50+00:00\",\"dateModified\":\"2025-11-03T11:08:50+00:00\",\"description\":\"\u201cPitching UMH - Talent Audiovisual Universitari, Pitching Universitats Valencianes - Sector Audiovisual\u201d, una iniciativa dirigida al alumnado de Comunicaci\u00f3n Audiovisual, abierta a toda la comunidad universitaria interesada en la creaci\u00f3n y producci\u00f3n audiovisual.\",\"breadcrumb\":{\"@id\":\"https:\/\/cdacv.es\/es\/la-catedra-de-analisis-y-prospectiva-audiovisual-impulsa-el-talento-audiovisual-universitario-con-la-conferencia-pitching-umh-talent-audiovisual-universitari\/#breadcrumb\"},\"inLanguage\":\"es\",\"potentialAction\":[{\"@type\":\"ReadAction\",\"target\":[\"https:\/\/cdacv.es\/es\/la-catedra-de-analisis-y-prospectiva-audiovisual-impulsa-el-talento-audiovisual-universitario-con-la-conferencia-pitching-umh-talent-audiovisual-universitari\/\"]}]},{\"@type\":\"BreadcrumbList\",\"@id\":\"https:\/\/cdacv.es\/es\/la-catedra-de-analisis-y-prospectiva-audiovisual-impulsa-el-talento-audiovisual-universitario-con-la-conferencia-pitching-umh-talent-audiovisual-universitari\/#breadcrumb\",\"itemListElement\":[{\"@type\":\"ListItem\",\"position\":1,\"name\":\"Home\",\"item\":\"https:\/\/cdacv.es\/es\/\"},{\"@type\":\"ListItem\",\"position\":2,\"name\":\"La C\u00e1tedra de An\u00e1lisis y Prospectiva Audiovisual impulsa el talento audiovisual universitario con la conferencia \u201cPitching UMH &#8211; Talent Audiovisual Universitari\u201d\"}]},{\"@type\":\"WebSite\",\"@id\":\"https:\/\/cdacv.es\/#website\",\"url\":\"https:\/\/cdacv.es\/\",\"name\":\"Consell De L\u2019Audiovisual De La Comunitat Valenciana\",\"description\":\"\u00c9s l\u2019autoritat audiovisual independent encarregada de vetlar pel respecte dels drets, llibertats i valors constitucionals i estatutaris en l\u2019\u00e0mbit dels mitjans audiovisuals a la Comunitat Valenciana\",\"publisher\":{\"@id\":\"https:\/\/cdacv.es\/#organization\"},\"potentialAction\":[{\"@type\":\"SearchAction\",\"target\":{\"@type\":\"EntryPoint\",\"urlTemplate\":\"https:\/\/cdacv.es\/?s={search_term_string}\"},\"query-input\":\"required name=search_term_string\"}],\"inLanguage\":\"es\"},{\"@type\":\"Organization\",\"@id\":\"https:\/\/cdacv.es\/#organization\",\"name\":\"Consell De L\u2019Audiovisual De La Comunitat Valenciana\",\"url\":\"https:\/\/cdacv.es\/\",\"logo\":{\"@type\":\"ImageObject\",\"inLanguage\":\"es\",\"@id\":\"https:\/\/cdacv.es\/#\/schema\/logo\/image\/\",\"url\":\"https:\/\/cdacv.es\/wp-content\/uploads\/2023\/02\/fav.png\",\"contentUrl\":\"https:\/\/cdacv.es\/wp-content\/uploads\/2023\/02\/fav.png\",\"width\":300,\"height\":300,\"caption\":\"Consell De L\u2019Audiovisual De La Comunitat Valenciana\"},\"image\":{\"@id\":\"https:\/\/cdacv.es\/#\/schema\/logo\/image\/\"}},{\"@type\":\"Person\",\"@id\":\"https:\/\/cdacv.es\/#\/schema\/person\/2fe6d2110f66d6021bc485b6eb33b046\",\"name\":\"AdminNexora\",\"image\":{\"@type\":\"ImageObject\",\"inLanguage\":\"es\",\"@id\":\"https:\/\/cdacv.es\/#\/schema\/person\/image\/\",\"url\":\"https:\/\/secure.gravatar.com\/avatar\/1dc9274a96bed2cdf016317fc52f0df0b0b46b9297a4d6eec4cc4035611cf5b1?s=96&d=mm&r=g\",\"contentUrl\":\"https:\/\/secure.gravatar.com\/avatar\/1dc9274a96bed2cdf016317fc52f0df0b0b46b9297a4d6eec4cc4035611cf5b1?s=96&d=mm&r=g\",\"caption\":\"AdminNexora\"},\"url\":\"https:\/\/cdacv.es\/es\/author\/adminnexora\/\"}]}<\/script>\n<!-- \/ Yoast SEO plugin. -->","yoast_head_json":{"title":"Conferencia \u201cPitching UMH - Talent Audiovisual Universitari\u201d","description":"\u201cPitching UMH - Talent Audiovisual Universitari, Pitching Universitats Valencianes - Sector Audiovisual\u201d, una iniciativa dirigida al alumnado de Comunicaci\u00f3n Audiovisual, abierta a toda la comunidad universitaria interesada en la creaci\u00f3n y producci\u00f3n audiovisual.","robots":{"index":"index","follow":"follow","max-snippet":"max-snippet:-1","max-image-preview":"max-image-preview:large","max-video-preview":"max-video-preview:-1"},"canonical":"https:\/\/cdacv.es\/es\/la-catedra-de-analisis-y-prospectiva-audiovisual-impulsa-el-talento-audiovisual-universitario-con-la-conferencia-pitching-umh-talent-audiovisual-universitari\/","og_locale":"es_ES","og_type":"article","og_title":"Conferencia \u201cPitching UMH - Talent Audiovisual Universitari\u201d","og_description":"\u201cPitching UMH - Talent Audiovisual Universitari, Pitching Universitats Valencianes - Sector Audiovisual\u201d, una iniciativa dirigida al alumnado de Comunicaci\u00f3n Audiovisual, abierta a toda la comunidad universitaria interesada en la creaci\u00f3n y producci\u00f3n audiovisual.","og_url":"https:\/\/cdacv.es\/es\/la-catedra-de-analisis-y-prospectiva-audiovisual-impulsa-el-talento-audiovisual-universitario-con-la-conferencia-pitching-umh-talent-audiovisual-universitari\/","og_site_name":"Consell De L\u2019Audiovisual De La Comunitat Valenciana","article_published_time":"2025-11-03T11:08:50+00:00","og_image":[{"width":814,"height":1024,"url":"https:\/\/cdacv.es\/wp-content\/uploads\/2025\/11\/Taller-Pitching-814x1024.png","type":"image\/png"}],"author":"AdminNexora","twitter_card":"summary_large_image","twitter_misc":{"Escrito por":"AdminNexora","Tiempo de lectura":"2 minutos"},"schema":{"@context":"https:\/\/schema.org","@graph":[{"@type":"Article","@id":"https:\/\/cdacv.es\/es\/la-catedra-de-analisis-y-prospectiva-audiovisual-impulsa-el-talento-audiovisual-universitario-con-la-conferencia-pitching-umh-talent-audiovisual-universitari\/#article","isPartOf":{"@id":"https:\/\/cdacv.es\/es\/la-catedra-de-analisis-y-prospectiva-audiovisual-impulsa-el-talento-audiovisual-universitario-con-la-conferencia-pitching-umh-talent-audiovisual-universitari\/"},"author":{"name":"AdminNexora","@id":"https:\/\/cdacv.es\/#\/schema\/person\/2fe6d2110f66d6021bc485b6eb33b046"},"headline":"La C\u00e1tedra de An\u00e1lisis y Prospectiva Audiovisual impulsa el talento audiovisual universitario con la conferencia \u201cPitching UMH &#8211; Talent Audiovisual Universitari\u201d","datePublished":"2025-11-03T11:08:50+00:00","dateModified":"2025-11-03T11:08:50+00:00","mainEntityOfPage":{"@id":"https:\/\/cdacv.es\/es\/la-catedra-de-analisis-y-prospectiva-audiovisual-impulsa-el-talento-audiovisual-universitario-con-la-conferencia-pitching-umh-talent-audiovisual-universitari\/"},"wordCount":367,"publisher":{"@id":"https:\/\/cdacv.es\/#organization"},"articleSection":["Noticias"],"inLanguage":"es"},{"@type":"WebPage","@id":"https:\/\/cdacv.es\/es\/la-catedra-de-analisis-y-prospectiva-audiovisual-impulsa-el-talento-audiovisual-universitario-con-la-conferencia-pitching-umh-talent-audiovisual-universitari\/","url":"https:\/\/cdacv.es\/es\/la-catedra-de-analisis-y-prospectiva-audiovisual-impulsa-el-talento-audiovisual-universitario-con-la-conferencia-pitching-umh-talent-audiovisual-universitari\/","name":"Conferencia \u201cPitching UMH - Talent Audiovisual Universitari\u201d","isPartOf":{"@id":"https:\/\/cdacv.es\/#website"},"datePublished":"2025-11-03T11:08:50+00:00","dateModified":"2025-11-03T11:08:50+00:00","description":"\u201cPitching UMH - Talent Audiovisual Universitari, Pitching Universitats Valencianes - Sector Audiovisual\u201d, una iniciativa dirigida al alumnado de Comunicaci\u00f3n Audiovisual, abierta a toda la comunidad universitaria interesada en la creaci\u00f3n y producci\u00f3n audiovisual.","breadcrumb":{"@id":"https:\/\/cdacv.es\/es\/la-catedra-de-analisis-y-prospectiva-audiovisual-impulsa-el-talento-audiovisual-universitario-con-la-conferencia-pitching-umh-talent-audiovisual-universitari\/#breadcrumb"},"inLanguage":"es","potentialAction":[{"@type":"ReadAction","target":["https:\/\/cdacv.es\/es\/la-catedra-de-analisis-y-prospectiva-audiovisual-impulsa-el-talento-audiovisual-universitario-con-la-conferencia-pitching-umh-talent-audiovisual-universitari\/"]}]},{"@type":"BreadcrumbList","@id":"https:\/\/cdacv.es\/es\/la-catedra-de-analisis-y-prospectiva-audiovisual-impulsa-el-talento-audiovisual-universitario-con-la-conferencia-pitching-umh-talent-audiovisual-universitari\/#breadcrumb","itemListElement":[{"@type":"ListItem","position":1,"name":"Home","item":"https:\/\/cdacv.es\/es\/"},{"@type":"ListItem","position":2,"name":"La C\u00e1tedra de An\u00e1lisis y Prospectiva Audiovisual impulsa el talento audiovisual universitario con la conferencia \u201cPitching UMH &#8211; Talent Audiovisual Universitari\u201d"}]},{"@type":"WebSite","@id":"https:\/\/cdacv.es\/#website","url":"https:\/\/cdacv.es\/","name":"Consell De L\u2019Audiovisual De La Comunitat Valenciana","description":"\u00c9s l\u2019autoritat audiovisual independent encarregada de vetlar pel respecte dels drets, llibertats i valors constitucionals i estatutaris en l\u2019\u00e0mbit dels mitjans audiovisuals a la Comunitat Valenciana","publisher":{"@id":"https:\/\/cdacv.es\/#organization"},"potentialAction":[{"@type":"SearchAction","target":{"@type":"EntryPoint","urlTemplate":"https:\/\/cdacv.es\/?s={search_term_string}"},"query-input":"required name=search_term_string"}],"inLanguage":"es"},{"@type":"Organization","@id":"https:\/\/cdacv.es\/#organization","name":"Consell De L\u2019Audiovisual De La Comunitat Valenciana","url":"https:\/\/cdacv.es\/","logo":{"@type":"ImageObject","inLanguage":"es","@id":"https:\/\/cdacv.es\/#\/schema\/logo\/image\/","url":"https:\/\/cdacv.es\/wp-content\/uploads\/2023\/02\/fav.png","contentUrl":"https:\/\/cdacv.es\/wp-content\/uploads\/2023\/02\/fav.png","width":300,"height":300,"caption":"Consell De L\u2019Audiovisual De La Comunitat Valenciana"},"image":{"@id":"https:\/\/cdacv.es\/#\/schema\/logo\/image\/"}},{"@type":"Person","@id":"https:\/\/cdacv.es\/#\/schema\/person\/2fe6d2110f66d6021bc485b6eb33b046","name":"AdminNexora","image":{"@type":"ImageObject","inLanguage":"es","@id":"https:\/\/cdacv.es\/#\/schema\/person\/image\/","url":"https:\/\/secure.gravatar.com\/avatar\/1dc9274a96bed2cdf016317fc52f0df0b0b46b9297a4d6eec4cc4035611cf5b1?s=96&d=mm&r=g","contentUrl":"https:\/\/secure.gravatar.com\/avatar\/1dc9274a96bed2cdf016317fc52f0df0b0b46b9297a4d6eec4cc4035611cf5b1?s=96&d=mm&r=g","caption":"AdminNexora"},"url":"https:\/\/cdacv.es\/es\/author\/adminnexora\/"}]}},"_links":{"self":[{"href":"https:\/\/cdacv.es\/es\/wp-json\/wp\/v2\/posts\/4258","targetHints":{"allow":["GET"]}}],"collection":[{"href":"https:\/\/cdacv.es\/es\/wp-json\/wp\/v2\/posts"}],"about":[{"href":"https:\/\/cdacv.es\/es\/wp-json\/wp\/v2\/types\/post"}],"author":[{"embeddable":true,"href":"https:\/\/cdacv.es\/es\/wp-json\/wp\/v2\/users\/1"}],"replies":[{"embeddable":true,"href":"https:\/\/cdacv.es\/es\/wp-json\/wp\/v2\/comments?post=4258"}],"version-history":[{"count":1,"href":"https:\/\/cdacv.es\/es\/wp-json\/wp\/v2\/posts\/4258\/revisions"}],"predecessor-version":[{"id":4261,"href":"https:\/\/cdacv.es\/es\/wp-json\/wp\/v2\/posts\/4258\/revisions\/4261"}],"wp:featuredmedia":[{"embeddable":true,"href":"https:\/\/cdacv.es\/es\/wp-json\/wp\/v2\/media\/4259"}],"wp:attachment":[{"href":"https:\/\/cdacv.es\/es\/wp-json\/wp\/v2\/media?parent=4258"}],"wp:term":[{"taxonomy":"category","embeddable":true,"href":"https:\/\/cdacv.es\/es\/wp-json\/wp\/v2\/categories?post=4258"},{"taxonomy":"post_tag","embeddable":true,"href":"https:\/\/cdacv.es\/es\/wp-json\/wp\/v2\/tags?post=4258"}],"curies":[{"name":"wp","href":"https:\/\/api.w.org\/{rel}","templated":true}]}}