{"id":4236,"date":"2025-10-30T14:13:05","date_gmt":"2025-10-30T13:13:05","guid":{"rendered":"https:\/\/cdacv.es\/?p=4236"},"modified":"2025-10-30T14:13:05","modified_gmt":"2025-10-30T13:13:05","slug":"el-consell-de-laudiovisual-abre-una-investigacion-por-aparente-mala-praxis-sobre-la-cobertura-de-a-punt-de-la-manifestacion-del-aniversario-de-la-dana","status":"publish","type":"post","link":"https:\/\/cdacv.es\/es\/el-consell-de-laudiovisual-abre-una-investigacion-por-aparente-mala-praxis-sobre-la-cobertura-de-a-punt-de-la-manifestacion-del-aniversario-de-la-dana\/","title":{"rendered":"El Consell de l\u2019Audiovisual abre una investigaci\u00f3n por aparente mala praxis sobre la cobertura de \u00c0 Punt de la manifestaci\u00f3n del aniversario de la DANA"},"content":{"rendered":"<p data-start=\"286\" data-end=\"564\">El <strong data-start=\"289\" data-end=\"351\">Consell de l\u2019Audiovisual de la Comunitat Valenciana (CACV)<\/strong> ha abierto una investigaci\u00f3n por aparente mala praxis en la cobertura realizada por <strong data-start=\"436\" data-end=\"446\">\u00c0 Punt<\/strong> de la manifestaci\u00f3n conmemorativa del aniversario de la DANA, celebrada el pasado s\u00e1bado 25 de octubre en Val\u00e8ncia.<\/p>\n<p data-start=\"566\" data-end=\"1010\">El CACV ha acordado esta ma\u00f1ana <strong data-start=\"598\" data-end=\"692\">requerir a la direcci\u00f3n de \u00c0 Punt informaci\u00f3n exhaustiva sobre la cobertura llevada a cabo<\/strong>, al considerar que podr\u00eda haber incumplido su \u201cmisi\u00f3n espec\u00edfica de servicio p\u00fablico esencial\u201d, as\u00ed como la obligaci\u00f3n de \u201cgarantizar a la ciudadan\u00eda el acceso a una informaci\u00f3n de proximidad y veraz\u201d, tal y como establece la <strong data-start=\"919\" data-end=\"1007\">Ley 2\/2024, de 27 de junio, de la Corporaci\u00f3n Audiovisual de la Comunitat Valenciana<\/strong>.<\/p>\n<p data-start=\"1012\" data-end=\"1394\">Adem\u00e1s, la misma norma obliga a \u00c0 Punt a \u201cactuar con criterios de respeto y defensa del ordenamiento constitucional y estatutario\u201d, entre los que se incluye el derecho de la ciudadan\u00eda a recibir informaci\u00f3n y la garant\u00eda de acceso a los medios de comunicaci\u00f3n p\u00fablicos de los grupos sociales y pol\u00edticos significativos, recogidos en el <strong data-start=\"1348\" data-end=\"1391\">art\u00edculo 20 de la Constituci\u00f3n Espa\u00f1ola<\/strong>.<\/p>\n<p data-start=\"1396\" data-end=\"1811\">El Consell de l\u2019Audiovisual ha abierto esta investigaci\u00f3n en el marco de sus competencias, establecidas en la <strong data-start=\"1506\" data-end=\"1536\">Ley 10\/2018, de 18 de mayo<\/strong>, de creaci\u00f3n del CACV, que le atribuye las funciones de \u201cgarantizar el cumplimiento de la misi\u00f3n de servicio p\u00fablico de los medios de comunicaci\u00f3n p\u00fablicos\u201d (art\u00edculo 4.d) y de \u201cdefender los derechos de la ciudadan\u00eda establecidos en la legislaci\u00f3n vigente\u201d (art\u00edculo 4.g).<\/p>\n<p data-start=\"1813\" data-end=\"2190\">Asimismo, el <strong data-start=\"1826\" data-end=\"1882\">Reglamento de organizaci\u00f3n y funcionamiento del CACV<\/strong> reconoce la obligaci\u00f3n del Consell de \u201cvelar por el respeto de los derechos, libertades y valores constitucionales y estatutarios en el \u00e1mbito de los medios de comunicaci\u00f3n de la Comunitat Valenciana\u201d, as\u00ed como la de \u201cadvertir ante la observancia de malas pr\u00e1cticas en materia de contenidos y publicidad\u201d.<\/p>\n<p data-start=\"2192\" data-end=\"2948\">La convocatoria en cuesti\u00f3n reun\u00eda numerosos elementos para ser considerada un acontecimiento digno de una cobertura especial, en cumplimiento de la condici\u00f3n de servicio p\u00fablico esencial de la radiotelevisi\u00f3n valenciana: las <strong data-start=\"2418\" data-end=\"2481\">229 personas que perdieron la vida arrastradas por el barro<\/strong>, la <strong data-start=\"2486\" data-end=\"2515\">asistencia multitudinaria<\/strong> (estimada en m\u00e1s de 50.000 personas), el hecho de haber sido <strong data-start=\"2577\" data-end=\"2653\">convocada por decenas de organizaciones del tejido asociativo valenciano<\/strong>, los <strong data-start=\"2659\" data-end=\"2735\">miles de personas y centenares de servicios e infraestructuras afectados<\/strong>, la <strong data-start=\"2740\" data-end=\"2785\">conmoci\u00f3n ocasionada al pueblo valenciano<\/strong>, y la <strong data-start=\"2792\" data-end=\"2819\">significaci\u00f3n simb\u00f3lica<\/strong> de celebrarse en el <strong data-start=\"2840\" data-end=\"2874\">primer aniversario de la riada<\/strong> que devast\u00f3 diversas poblaciones y comarcas de la Comunitat Valenciana.<\/p>\n<p data-start=\"2950\" data-end=\"3248\">En cumplimiento del procedimiento iniciado, el CACV <strong data-start=\"3002\" data-end=\"3121\">examinar\u00e1 de manera rigurosa la cobertura realizada, las denuncias recibidas y la informaci\u00f3n facilitada por \u00c0 Punt<\/strong>, con el fin de emitir la advertencia o resoluci\u00f3n que considere oportuna, dentro del marco de sus competencias regulatorias.<\/p>\n<p data-start=\"3250\" data-end=\"3541\">La <strong data-start=\"3253\" data-end=\"3298\">falta de cobertura de este acontecimiento<\/strong>, que s\u00ed fue retransmitido en directo por otros medios valencianos, as\u00ed como por numerosas televisiones nacionales e internacionales \u2014entre ellas la <strong data-start=\"3447\" data-end=\"3454\">BBC<\/strong>\u2014, <strong data-start=\"3457\" data-end=\"3538\">constituye el asunto que m\u00e1s denuncias ha generado desde la creaci\u00f3n del CACV<\/strong>.<\/p>\n<p data-start=\"3543\" data-end=\"3846\">Cabe recordar que existe un canal directo para <strong data-start=\"3590\" data-end=\"3670\">denunciar malas pr\u00e1cticas o incumplimientos legales en el sector audiovisual<\/strong> a trav\u00e9s de la web del CACV y de su <strong data-start=\"3707\" data-end=\"3745\">Oficina de Defensa de la Audiencia<\/strong>:<br data-start=\"3746\" data-end=\"3749\" \/>\ud83d\udd17 <a class=\"decorated-link\" href=\"https:\/\/cdacv.es\/es\/oficina-de-la-audiencia\/\" target=\"_new\" rel=\"noopener\" data-start=\"3752\" data-end=\"3844\">https:\/\/cdacv.es\/es\/oficina-de-la-audiencia\/<\/a><\/p>\n","protected":false},"excerpt":{"rendered":"<p>El Consell de l\u2019Audiovisual de la Comunitat Valenciana (CACV) ha abierto una investigaci\u00f3n por aparente mala praxis en la cobertura realizada por \u00c0 Punt de la manifestaci\u00f3n conmemorativa del aniversario&#8230;<\/p>\n","protected":false},"author":1,"featured_media":0,"comment_status":"closed","ping_status":"open","sticky":false,"template":"","format":"standard","meta":{"footnotes":""},"categories":[15],"tags":[],"class_list":["post-4236","post","type-post","status-publish","format-standard","category-noticias"],"yoast_head":"<!-- This site is optimized with the Yoast SEO plugin v20.1 - https:\/\/yoast.com\/wordpress\/plugins\/seo\/ -->\n<title>Investigaci\u00f3n por aparente mala praxis sobre la cobertura de \u00c0 Punt de la manifestaci\u00f3n del aniversario de la DANA<\/title>\n<meta name=\"description\" content=\"El Consell de l\u2019Audiovisual de la Comunitat Valenciana (CACV) ha abierto una investigaci\u00f3n por aparente mala praxis en la cobertura realizada por \u00c0 Punt de la manifestaci\u00f3n conmemorativa del aniversario de la DANA, celebrada el pasado s\u00e1bado 25 de octubre en Val\u00e8ncia.\" \/>\n<meta name=\"robots\" content=\"index, follow, max-snippet:-1, max-image-preview:large, max-video-preview:-1\" \/>\n<link rel=\"canonical\" href=\"https:\/\/cdacv.es\/es\/el-consell-de-laudiovisual-abre-una-investigacion-por-aparente-mala-praxis-sobre-la-cobertura-de-a-punt-de-la-manifestacion-del-aniversario-de-la-dana\/\" \/>\n<meta property=\"og:locale\" content=\"es_ES\" \/>\n<meta property=\"og:type\" content=\"article\" \/>\n<meta property=\"og:title\" content=\"Investigaci\u00f3n por aparente mala praxis sobre la cobertura de \u00c0 Punt de la manifestaci\u00f3n del aniversario de la DANA\" \/>\n<meta property=\"og:description\" content=\"El Consell de l\u2019Audiovisual de la Comunitat Valenciana (CACV) ha abierto una investigaci\u00f3n por aparente mala praxis en la cobertura realizada por \u00c0 Punt de la manifestaci\u00f3n conmemorativa del aniversario de la DANA, celebrada el pasado s\u00e1bado 25 de octubre en Val\u00e8ncia.\" \/>\n<meta property=\"og:url\" content=\"https:\/\/cdacv.es\/es\/el-consell-de-laudiovisual-abre-una-investigacion-por-aparente-mala-praxis-sobre-la-cobertura-de-a-punt-de-la-manifestacion-del-aniversario-de-la-dana\/\" \/>\n<meta property=\"og:site_name\" content=\"Consell De L\u2019Audiovisual De La Comunitat Valenciana\" \/>\n<meta property=\"article:published_time\" content=\"2025-10-30T13:13:05+00:00\" \/>\n<meta name=\"author\" content=\"AdminNexora\" \/>\n<meta name=\"twitter:card\" content=\"summary_large_image\" \/>\n<meta name=\"twitter:label1\" content=\"Escrito por\" \/>\n\t<meta name=\"twitter:data1\" content=\"AdminNexora\" \/>\n\t<meta name=\"twitter:label2\" content=\"Tiempo de lectura\" \/>\n\t<meta name=\"twitter:data2\" content=\"3 minutos\" \/>\n<script type=\"application\/ld+json\" class=\"yoast-schema-graph\">{\"@context\":\"https:\/\/schema.org\",\"@graph\":[{\"@type\":\"Article\",\"@id\":\"https:\/\/cdacv.es\/es\/el-consell-de-laudiovisual-abre-una-investigacion-por-aparente-mala-praxis-sobre-la-cobertura-de-a-punt-de-la-manifestacion-del-aniversario-de-la-dana\/#article\",\"isPartOf\":{\"@id\":\"https:\/\/cdacv.es\/es\/el-consell-de-laudiovisual-abre-una-investigacion-por-aparente-mala-praxis-sobre-la-cobertura-de-a-punt-de-la-manifestacion-del-aniversario-de-la-dana\/\"},\"author\":{\"name\":\"AdminNexora\",\"@id\":\"https:\/\/cdacv.es\/#\/schema\/person\/2fe6d2110f66d6021bc485b6eb33b046\"},\"headline\":\"El Consell de l\u2019Audiovisual abre una investigaci\u00f3n por aparente mala praxis sobre la cobertura de \u00c0 Punt de la manifestaci\u00f3n del aniversario de la DANA\",\"datePublished\":\"2025-10-30T13:13:05+00:00\",\"dateModified\":\"2025-10-30T13:13:05+00:00\",\"mainEntityOfPage\":{\"@id\":\"https:\/\/cdacv.es\/es\/el-consell-de-laudiovisual-abre-una-investigacion-por-aparente-mala-praxis-sobre-la-cobertura-de-a-punt-de-la-manifestacion-del-aniversario-de-la-dana\/\"},\"wordCount\":595,\"publisher\":{\"@id\":\"https:\/\/cdacv.es\/#organization\"},\"articleSection\":[\"Noticias\"],\"inLanguage\":\"es\"},{\"@type\":\"WebPage\",\"@id\":\"https:\/\/cdacv.es\/es\/el-consell-de-laudiovisual-abre-una-investigacion-por-aparente-mala-praxis-sobre-la-cobertura-de-a-punt-de-la-manifestacion-del-aniversario-de-la-dana\/\",\"url\":\"https:\/\/cdacv.es\/es\/el-consell-de-laudiovisual-abre-una-investigacion-por-aparente-mala-praxis-sobre-la-cobertura-de-a-punt-de-la-manifestacion-del-aniversario-de-la-dana\/\",\"name\":\"Investigaci\u00f3n por aparente mala praxis sobre la cobertura de \u00c0 Punt de la manifestaci\u00f3n del aniversario de la DANA\",\"isPartOf\":{\"@id\":\"https:\/\/cdacv.es\/#website\"},\"datePublished\":\"2025-10-30T13:13:05+00:00\",\"dateModified\":\"2025-10-30T13:13:05+00:00\",\"description\":\"El Consell de l\u2019Audiovisual de la Comunitat Valenciana (CACV) ha abierto una investigaci\u00f3n por aparente mala praxis en la cobertura realizada por \u00c0 Punt de la manifestaci\u00f3n conmemorativa del aniversario de la DANA, celebrada el pasado s\u00e1bado 25 de octubre en Val\u00e8ncia.\",\"breadcrumb\":{\"@id\":\"https:\/\/cdacv.es\/es\/el-consell-de-laudiovisual-abre-una-investigacion-por-aparente-mala-praxis-sobre-la-cobertura-de-a-punt-de-la-manifestacion-del-aniversario-de-la-dana\/#breadcrumb\"},\"inLanguage\":\"es\",\"potentialAction\":[{\"@type\":\"ReadAction\",\"target\":[\"https:\/\/cdacv.es\/es\/el-consell-de-laudiovisual-abre-una-investigacion-por-aparente-mala-praxis-sobre-la-cobertura-de-a-punt-de-la-manifestacion-del-aniversario-de-la-dana\/\"]}]},{\"@type\":\"BreadcrumbList\",\"@id\":\"https:\/\/cdacv.es\/es\/el-consell-de-laudiovisual-abre-una-investigacion-por-aparente-mala-praxis-sobre-la-cobertura-de-a-punt-de-la-manifestacion-del-aniversario-de-la-dana\/#breadcrumb\",\"itemListElement\":[{\"@type\":\"ListItem\",\"position\":1,\"name\":\"Home\",\"item\":\"https:\/\/cdacv.es\/es\/\"},{\"@type\":\"ListItem\",\"position\":2,\"name\":\"El Consell de l\u2019Audiovisual abre una investigaci\u00f3n por aparente mala praxis sobre la cobertura de \u00c0 Punt de la manifestaci\u00f3n del aniversario de la DANA\"}]},{\"@type\":\"WebSite\",\"@id\":\"https:\/\/cdacv.es\/#website\",\"url\":\"https:\/\/cdacv.es\/\",\"name\":\"Consell De L\u2019Audiovisual De La Comunitat Valenciana\",\"description\":\"\u00c9s l\u2019autoritat audiovisual independent encarregada de vetlar pel respecte dels drets, llibertats i valors constitucionals i estatutaris en l\u2019\u00e0mbit dels mitjans audiovisuals a la Comunitat Valenciana\",\"publisher\":{\"@id\":\"https:\/\/cdacv.es\/#organization\"},\"potentialAction\":[{\"@type\":\"SearchAction\",\"target\":{\"@type\":\"EntryPoint\",\"urlTemplate\":\"https:\/\/cdacv.es\/?s={search_term_string}\"},\"query-input\":\"required name=search_term_string\"}],\"inLanguage\":\"es\"},{\"@type\":\"Organization\",\"@id\":\"https:\/\/cdacv.es\/#organization\",\"name\":\"Consell De L\u2019Audiovisual De La Comunitat Valenciana\",\"url\":\"https:\/\/cdacv.es\/\",\"logo\":{\"@type\":\"ImageObject\",\"inLanguage\":\"es\",\"@id\":\"https:\/\/cdacv.es\/#\/schema\/logo\/image\/\",\"url\":\"https:\/\/cdacv.es\/wp-content\/uploads\/2023\/02\/fav.png\",\"contentUrl\":\"https:\/\/cdacv.es\/wp-content\/uploads\/2023\/02\/fav.png\",\"width\":300,\"height\":300,\"caption\":\"Consell De L\u2019Audiovisual De La Comunitat Valenciana\"},\"image\":{\"@id\":\"https:\/\/cdacv.es\/#\/schema\/logo\/image\/\"}},{\"@type\":\"Person\",\"@id\":\"https:\/\/cdacv.es\/#\/schema\/person\/2fe6d2110f66d6021bc485b6eb33b046\",\"name\":\"AdminNexora\",\"image\":{\"@type\":\"ImageObject\",\"inLanguage\":\"es\",\"@id\":\"https:\/\/cdacv.es\/#\/schema\/person\/image\/\",\"url\":\"https:\/\/secure.gravatar.com\/avatar\/1dc9274a96bed2cdf016317fc52f0df0b0b46b9297a4d6eec4cc4035611cf5b1?s=96&d=mm&r=g\",\"contentUrl\":\"https:\/\/secure.gravatar.com\/avatar\/1dc9274a96bed2cdf016317fc52f0df0b0b46b9297a4d6eec4cc4035611cf5b1?s=96&d=mm&r=g\",\"caption\":\"AdminNexora\"},\"url\":\"https:\/\/cdacv.es\/es\/author\/adminnexora\/\"}]}<\/script>\n<!-- \/ Yoast SEO plugin. -->","yoast_head_json":{"title":"Investigaci\u00f3n por aparente mala praxis sobre la cobertura de \u00c0 Punt de la manifestaci\u00f3n del aniversario de la DANA","description":"El Consell de l\u2019Audiovisual de la Comunitat Valenciana (CACV) ha abierto una investigaci\u00f3n por aparente mala praxis en la cobertura realizada por \u00c0 Punt de la manifestaci\u00f3n conmemorativa del aniversario de la DANA, celebrada el pasado s\u00e1bado 25 de octubre en Val\u00e8ncia.","robots":{"index":"index","follow":"follow","max-snippet":"max-snippet:-1","max-image-preview":"max-image-preview:large","max-video-preview":"max-video-preview:-1"},"canonical":"https:\/\/cdacv.es\/es\/el-consell-de-laudiovisual-abre-una-investigacion-por-aparente-mala-praxis-sobre-la-cobertura-de-a-punt-de-la-manifestacion-del-aniversario-de-la-dana\/","og_locale":"es_ES","og_type":"article","og_title":"Investigaci\u00f3n por aparente mala praxis sobre la cobertura de \u00c0 Punt de la manifestaci\u00f3n del aniversario de la DANA","og_description":"El Consell de l\u2019Audiovisual de la Comunitat Valenciana (CACV) ha abierto una investigaci\u00f3n por aparente mala praxis en la cobertura realizada por \u00c0 Punt de la manifestaci\u00f3n conmemorativa del aniversario de la DANA, celebrada el pasado s\u00e1bado 25 de octubre en Val\u00e8ncia.","og_url":"https:\/\/cdacv.es\/es\/el-consell-de-laudiovisual-abre-una-investigacion-por-aparente-mala-praxis-sobre-la-cobertura-de-a-punt-de-la-manifestacion-del-aniversario-de-la-dana\/","og_site_name":"Consell De L\u2019Audiovisual De La Comunitat Valenciana","article_published_time":"2025-10-30T13:13:05+00:00","author":"AdminNexora","twitter_card":"summary_large_image","twitter_misc":{"Escrito por":"AdminNexora","Tiempo de lectura":"3 minutos"},"schema":{"@context":"https:\/\/schema.org","@graph":[{"@type":"Article","@id":"https:\/\/cdacv.es\/es\/el-consell-de-laudiovisual-abre-una-investigacion-por-aparente-mala-praxis-sobre-la-cobertura-de-a-punt-de-la-manifestacion-del-aniversario-de-la-dana\/#article","isPartOf":{"@id":"https:\/\/cdacv.es\/es\/el-consell-de-laudiovisual-abre-una-investigacion-por-aparente-mala-praxis-sobre-la-cobertura-de-a-punt-de-la-manifestacion-del-aniversario-de-la-dana\/"},"author":{"name":"AdminNexora","@id":"https:\/\/cdacv.es\/#\/schema\/person\/2fe6d2110f66d6021bc485b6eb33b046"},"headline":"El Consell de l\u2019Audiovisual abre una investigaci\u00f3n por aparente mala praxis sobre la cobertura de \u00c0 Punt de la manifestaci\u00f3n del aniversario de la DANA","datePublished":"2025-10-30T13:13:05+00:00","dateModified":"2025-10-30T13:13:05+00:00","mainEntityOfPage":{"@id":"https:\/\/cdacv.es\/es\/el-consell-de-laudiovisual-abre-una-investigacion-por-aparente-mala-praxis-sobre-la-cobertura-de-a-punt-de-la-manifestacion-del-aniversario-de-la-dana\/"},"wordCount":595,"publisher":{"@id":"https:\/\/cdacv.es\/#organization"},"articleSection":["Noticias"],"inLanguage":"es"},{"@type":"WebPage","@id":"https:\/\/cdacv.es\/es\/el-consell-de-laudiovisual-abre-una-investigacion-por-aparente-mala-praxis-sobre-la-cobertura-de-a-punt-de-la-manifestacion-del-aniversario-de-la-dana\/","url":"https:\/\/cdacv.es\/es\/el-consell-de-laudiovisual-abre-una-investigacion-por-aparente-mala-praxis-sobre-la-cobertura-de-a-punt-de-la-manifestacion-del-aniversario-de-la-dana\/","name":"Investigaci\u00f3n por aparente mala praxis sobre la cobertura de \u00c0 Punt de la manifestaci\u00f3n del aniversario de la DANA","isPartOf":{"@id":"https:\/\/cdacv.es\/#website"},"datePublished":"2025-10-30T13:13:05+00:00","dateModified":"2025-10-30T13:13:05+00:00","description":"El Consell de l\u2019Audiovisual de la Comunitat Valenciana (CACV) ha abierto una investigaci\u00f3n por aparente mala praxis en la cobertura realizada por \u00c0 Punt de la manifestaci\u00f3n conmemorativa del aniversario de la DANA, celebrada el pasado s\u00e1bado 25 de octubre en Val\u00e8ncia.","breadcrumb":{"@id":"https:\/\/cdacv.es\/es\/el-consell-de-laudiovisual-abre-una-investigacion-por-aparente-mala-praxis-sobre-la-cobertura-de-a-punt-de-la-manifestacion-del-aniversario-de-la-dana\/#breadcrumb"},"inLanguage":"es","potentialAction":[{"@type":"ReadAction","target":["https:\/\/cdacv.es\/es\/el-consell-de-laudiovisual-abre-una-investigacion-por-aparente-mala-praxis-sobre-la-cobertura-de-a-punt-de-la-manifestacion-del-aniversario-de-la-dana\/"]}]},{"@type":"BreadcrumbList","@id":"https:\/\/cdacv.es\/es\/el-consell-de-laudiovisual-abre-una-investigacion-por-aparente-mala-praxis-sobre-la-cobertura-de-a-punt-de-la-manifestacion-del-aniversario-de-la-dana\/#breadcrumb","itemListElement":[{"@type":"ListItem","position":1,"name":"Home","item":"https:\/\/cdacv.es\/es\/"},{"@type":"ListItem","position":2,"name":"El Consell de l\u2019Audiovisual abre una investigaci\u00f3n por aparente mala praxis sobre la cobertura de \u00c0 Punt de la manifestaci\u00f3n del aniversario de la DANA"}]},{"@type":"WebSite","@id":"https:\/\/cdacv.es\/#website","url":"https:\/\/cdacv.es\/","name":"Consell De L\u2019Audiovisual De La Comunitat Valenciana","description":"\u00c9s l\u2019autoritat audiovisual independent encarregada de vetlar pel respecte dels drets, llibertats i valors constitucionals i estatutaris en l\u2019\u00e0mbit dels mitjans audiovisuals a la Comunitat Valenciana","publisher":{"@id":"https:\/\/cdacv.es\/#organization"},"potentialAction":[{"@type":"SearchAction","target":{"@type":"EntryPoint","urlTemplate":"https:\/\/cdacv.es\/?s={search_term_string}"},"query-input":"required name=search_term_string"}],"inLanguage":"es"},{"@type":"Organization","@id":"https:\/\/cdacv.es\/#organization","name":"Consell De L\u2019Audiovisual De La Comunitat Valenciana","url":"https:\/\/cdacv.es\/","logo":{"@type":"ImageObject","inLanguage":"es","@id":"https:\/\/cdacv.es\/#\/schema\/logo\/image\/","url":"https:\/\/cdacv.es\/wp-content\/uploads\/2023\/02\/fav.png","contentUrl":"https:\/\/cdacv.es\/wp-content\/uploads\/2023\/02\/fav.png","width":300,"height":300,"caption":"Consell De L\u2019Audiovisual De La Comunitat Valenciana"},"image":{"@id":"https:\/\/cdacv.es\/#\/schema\/logo\/image\/"}},{"@type":"Person","@id":"https:\/\/cdacv.es\/#\/schema\/person\/2fe6d2110f66d6021bc485b6eb33b046","name":"AdminNexora","image":{"@type":"ImageObject","inLanguage":"es","@id":"https:\/\/cdacv.es\/#\/schema\/person\/image\/","url":"https:\/\/secure.gravatar.com\/avatar\/1dc9274a96bed2cdf016317fc52f0df0b0b46b9297a4d6eec4cc4035611cf5b1?s=96&d=mm&r=g","contentUrl":"https:\/\/secure.gravatar.com\/avatar\/1dc9274a96bed2cdf016317fc52f0df0b0b46b9297a4d6eec4cc4035611cf5b1?s=96&d=mm&r=g","caption":"AdminNexora"},"url":"https:\/\/cdacv.es\/es\/author\/adminnexora\/"}]}},"_links":{"self":[{"href":"https:\/\/cdacv.es\/es\/wp-json\/wp\/v2\/posts\/4236","targetHints":{"allow":["GET"]}}],"collection":[{"href":"https:\/\/cdacv.es\/es\/wp-json\/wp\/v2\/posts"}],"about":[{"href":"https:\/\/cdacv.es\/es\/wp-json\/wp\/v2\/types\/post"}],"author":[{"embeddable":true,"href":"https:\/\/cdacv.es\/es\/wp-json\/wp\/v2\/users\/1"}],"replies":[{"embeddable":true,"href":"https:\/\/cdacv.es\/es\/wp-json\/wp\/v2\/comments?post=4236"}],"version-history":[{"count":1,"href":"https:\/\/cdacv.es\/es\/wp-json\/wp\/v2\/posts\/4236\/revisions"}],"predecessor-version":[{"id":4237,"href":"https:\/\/cdacv.es\/es\/wp-json\/wp\/v2\/posts\/4236\/revisions\/4237"}],"wp:attachment":[{"href":"https:\/\/cdacv.es\/es\/wp-json\/wp\/v2\/media?parent=4236"}],"wp:term":[{"taxonomy":"category","embeddable":true,"href":"https:\/\/cdacv.es\/es\/wp-json\/wp\/v2\/categories?post=4236"},{"taxonomy":"post_tag","embeddable":true,"href":"https:\/\/cdacv.es\/es\/wp-json\/wp\/v2\/tags?post=4236"}],"curies":[{"name":"wp","href":"https:\/\/api.w.org\/{rel}","templated":true}]}}