{"id":4110,"date":"2025-10-20T15:41:53","date_gmt":"2025-10-20T13:41:53","guid":{"rendered":"https:\/\/cdacv.es\/?p=4110"},"modified":"2025-10-20T15:41:53","modified_gmt":"2025-10-20T13:41:53","slug":"autocontrol-presidente-cacv-30-aniversario","status":"publish","type":"post","link":"https:\/\/cdacv.es\/es\/autocontrol-presidente-cacv-30-aniversario\/","title":{"rendered":"El presidente del CACV, Jos\u00e9 Mar\u00eda Vidal, asiste al 30 aniversario de Autocontrol"},"content":{"rendered":"<p data-start=\"418\" data-end=\"763\">El presidente del <strong data-start=\"436\" data-end=\"498\">Consell de l\u2019Audiovisual de la Comunitat Valenciana (CACV)<\/strong>, <strong data-start=\"500\" data-end=\"528\">Jos\u00e9 Mar\u00eda Vidal Beltr\u00e1n<\/strong>, asisti\u00f3 al acto conmemorativo del <strong data-start=\"564\" data-end=\"597\">30 aniversario de Autocontrol<\/strong>, celebrado recientemente en Madrid, en el que se reconoci\u00f3 la trayectoria de esta entidad en la promoci\u00f3n de una <strong data-start=\"711\" data-end=\"752\">publicidad responsable, veraz y \u00e9tica<\/strong> en Espa\u00f1a.<\/p>\n<p data-start=\"765\" data-end=\"1288\">Durante el encuentro, representantes del \u00e1mbito institucional, empresarial y acad\u00e9mico destacaron el papel de <strong data-start=\"875\" data-end=\"890\">Autocontrol<\/strong> como referente en la <strong data-start=\"912\" data-end=\"944\">autorregulaci\u00f3n publicitaria<\/strong>, as\u00ed como su contribuci\u00f3n al fortalecimiento de la <strong data-start=\"996\" data-end=\"1066\">confianza entre consumidores, anunciantes y medios de comunicaci\u00f3n<\/strong>. Desde su creaci\u00f3n en 1995, la asociaci\u00f3n ha gestionado m\u00e1s de <strong data-start=\"1130\" data-end=\"1154\">40.000 reclamaciones<\/strong> y emitido miles de dict\u00e1menes orientados a garantizar el cumplimiento de los principios de transparencia y protecci\u00f3n del consumidor.<\/p>\n<p data-start=\"1290\" data-end=\"1596\"><img loading=\"lazy\" decoding=\"async\" class=\"alignnone size-medium wp-image-4111\" src=\"https:\/\/cdacv.es\/wp-content\/uploads\/2025\/10\/Autocontrol-1-300x200.jpg\" alt=\"Autocontrol\" width=\"300\" height=\"200\" srcset=\"https:\/\/cdacv.es\/wp-content\/uploads\/2025\/10\/Autocontrol-1-300x200.jpg 300w, https:\/\/cdacv.es\/wp-content\/uploads\/2025\/10\/Autocontrol-1-1024x683.jpg 1024w, https:\/\/cdacv.es\/wp-content\/uploads\/2025\/10\/Autocontrol-1-768x512.jpg 768w, https:\/\/cdacv.es\/wp-content\/uploads\/2025\/10\/Autocontrol-1-1536x1025.jpg 1536w, https:\/\/cdacv.es\/wp-content\/uploads\/2025\/10\/Autocontrol-1-900x600.jpg 900w, https:\/\/cdacv.es\/wp-content\/uploads\/2025\/10\/Autocontrol-1.jpg 2048w\" sizes=\"auto, (max-width: 300px) 100vw, 300px\" \/><\/p>\n<p data-start=\"1290\" data-end=\"1596\">El presidente del CACV subray\u00f3 la importancia de la colaboraci\u00f3n entre organismos p\u00fablicos y entidades de autorregulaci\u00f3n como Autocontrol, se\u00f1alando que \u201cla responsabilidad y la \u00e9tica en la comunicaci\u00f3n comercial son pilares fundamentales para el desarrollo de un ecosistema medi\u00e1tico saludable y plural\u201d.<\/p>\n<p data-start=\"1598\" data-end=\"1840\">El acto reuni\u00f3 a destacados representantes del sector audiovisual, agencias, anunciantes y medios de comunicaci\u00f3n, as\u00ed como a diversas autoridades nacionales y auton\u00f3micas vinculadas a la regulaci\u00f3n y supervisi\u00f3n de la actividad publicitaria.<\/p>\n<p data-start=\"1842\" data-end=\"2110\">Con su presencia, el CACV reafirma su compromiso con el <strong data-start=\"1898\" data-end=\"1976\">fomento de las buenas pr\u00e1cticas en la comunicaci\u00f3n audiovisual y comercial<\/strong>, y con el impulso de iniciativas que refuercen la <strong data-start=\"2027\" data-end=\"2086\">protecci\u00f3n de los consumidores y la calidad informativa<\/strong> en el \u00e1mbito medi\u00e1tico.<\/p>\n","protected":false},"excerpt":{"rendered":"<p>El presidente del Consell de l\u2019Audiovisual de la Comunitat Valenciana (CACV), Jos\u00e9 Mar\u00eda Vidal Beltr\u00e1n, asisti\u00f3 al acto conmemorativo del 30 aniversario de Autocontrol, celebrado recientemente en Madrid, en el&#8230;<\/p>\n","protected":false},"author":1,"featured_media":4113,"comment_status":"closed","ping_status":"open","sticky":false,"template":"","format":"standard","meta":{"footnotes":""},"categories":[15],"tags":[],"class_list":["post-4110","post","type-post","status-publish","format-standard","has-post-thumbnail","category-noticias"],"yoast_head":"<!-- This site is optimized with the Yoast SEO plugin v20.1 - https:\/\/yoast.com\/wordpress\/plugins\/seo\/ -->\n<title>Autocontrol: El Presidente del CACV asiste al 30 aniversario<\/title>\n<meta name=\"description\" content=\"El presidente del Consell de l\u2019Audiovisual de la Comunitat Valenciana (CACV), Jos\u00e9 Mar\u00eda Vidal Beltr\u00e1n, asisti\u00f3 al acto conmemorativo del 30 aniversario de Autocontrol, celebrado recientemente en Madrid, en el que se reconoci\u00f3 la trayectoria de esta entidad en la promoci\u00f3n de una publicidad responsable, veraz y \u00e9tica en Espa\u00f1a.\" \/>\n<meta name=\"robots\" content=\"index, follow, max-snippet:-1, max-image-preview:large, max-video-preview:-1\" \/>\n<link rel=\"canonical\" href=\"https:\/\/cdacv.es\/es\/autocontrol-presidente-cacv-30-aniversario\/\" \/>\n<meta property=\"og:locale\" content=\"es_ES\" \/>\n<meta property=\"og:type\" content=\"article\" \/>\n<meta property=\"og:title\" content=\"Autocontrol: El Presidente del CACV asiste al 30 aniversario\" \/>\n<meta property=\"og:description\" content=\"El presidente del Consell de l\u2019Audiovisual de la Comunitat Valenciana (CACV), Jos\u00e9 Mar\u00eda Vidal Beltr\u00e1n, asisti\u00f3 al acto conmemorativo del 30 aniversario de Autocontrol, celebrado recientemente en Madrid, en el que se reconoci\u00f3 la trayectoria de esta entidad en la promoci\u00f3n de una publicidad responsable, veraz y \u00e9tica en Espa\u00f1a.\" \/>\n<meta property=\"og:url\" content=\"https:\/\/cdacv.es\/es\/autocontrol-presidente-cacv-30-aniversario\/\" \/>\n<meta property=\"og:site_name\" content=\"Consell De L\u2019Audiovisual De La Comunitat Valenciana\" \/>\n<meta property=\"article:published_time\" content=\"2025-10-20T13:41:53+00:00\" \/>\n<meta property=\"og:image\" content=\"https:\/\/cdacv.es\/wp-content\/uploads\/2025\/10\/Autocontrol-2.jpg\" \/>\n\t<meta property=\"og:image:width\" content=\"2048\" \/>\n\t<meta property=\"og:image:height\" content=\"1366\" \/>\n\t<meta property=\"og:image:type\" content=\"image\/jpeg\" \/>\n<meta name=\"author\" content=\"AdminNexora\" \/>\n<meta name=\"twitter:card\" content=\"summary_large_image\" \/>\n<meta name=\"twitter:label1\" content=\"Escrito por\" \/>\n\t<meta name=\"twitter:data1\" content=\"AdminNexora\" \/>\n\t<meta name=\"twitter:label2\" content=\"Tiempo de lectura\" \/>\n\t<meta name=\"twitter:data2\" content=\"2 minutos\" \/>\n<script type=\"application\/ld+json\" class=\"yoast-schema-graph\">{\"@context\":\"https:\/\/schema.org\",\"@graph\":[{\"@type\":\"Article\",\"@id\":\"https:\/\/cdacv.es\/es\/autocontrol-presidente-cacv-30-aniversario\/#article\",\"isPartOf\":{\"@id\":\"https:\/\/cdacv.es\/es\/autocontrol-presidente-cacv-30-aniversario\/\"},\"author\":{\"name\":\"AdminNexora\",\"@id\":\"https:\/\/cdacv.es\/#\/schema\/person\/2fe6d2110f66d6021bc485b6eb33b046\"},\"headline\":\"El presidente del CACV, Jos\u00e9 Mar\u00eda Vidal, asiste al 30 aniversario de Autocontrol\",\"datePublished\":\"2025-10-20T13:41:53+00:00\",\"dateModified\":\"2025-10-20T13:41:53+00:00\",\"mainEntityOfPage\":{\"@id\":\"https:\/\/cdacv.es\/es\/autocontrol-presidente-cacv-30-aniversario\/\"},\"wordCount\":275,\"publisher\":{\"@id\":\"https:\/\/cdacv.es\/#organization\"},\"articleSection\":[\"Noticias\"],\"inLanguage\":\"es\"},{\"@type\":\"WebPage\",\"@id\":\"https:\/\/cdacv.es\/es\/autocontrol-presidente-cacv-30-aniversario\/\",\"url\":\"https:\/\/cdacv.es\/es\/autocontrol-presidente-cacv-30-aniversario\/\",\"name\":\"Autocontrol: El Presidente del CACV asiste al 30 aniversario\",\"isPartOf\":{\"@id\":\"https:\/\/cdacv.es\/#website\"},\"datePublished\":\"2025-10-20T13:41:53+00:00\",\"dateModified\":\"2025-10-20T13:41:53+00:00\",\"description\":\"El presidente del Consell de l\u2019Audiovisual de la Comunitat Valenciana (CACV), Jos\u00e9 Mar\u00eda Vidal Beltr\u00e1n, asisti\u00f3 al acto conmemorativo del 30 aniversario de Autocontrol, celebrado recientemente en Madrid, en el que se reconoci\u00f3 la trayectoria de esta entidad en la promoci\u00f3n de una publicidad responsable, veraz y \u00e9tica en Espa\u00f1a.\",\"breadcrumb\":{\"@id\":\"https:\/\/cdacv.es\/es\/autocontrol-presidente-cacv-30-aniversario\/#breadcrumb\"},\"inLanguage\":\"es\",\"potentialAction\":[{\"@type\":\"ReadAction\",\"target\":[\"https:\/\/cdacv.es\/es\/autocontrol-presidente-cacv-30-aniversario\/\"]}]},{\"@type\":\"BreadcrumbList\",\"@id\":\"https:\/\/cdacv.es\/es\/autocontrol-presidente-cacv-30-aniversario\/#breadcrumb\",\"itemListElement\":[{\"@type\":\"ListItem\",\"position\":1,\"name\":\"Home\",\"item\":\"https:\/\/cdacv.es\/es\/\"},{\"@type\":\"ListItem\",\"position\":2,\"name\":\"El presidente del CACV, Jos\u00e9 Mar\u00eda Vidal, asiste al 30 aniversario de Autocontrol\"}]},{\"@type\":\"WebSite\",\"@id\":\"https:\/\/cdacv.es\/#website\",\"url\":\"https:\/\/cdacv.es\/\",\"name\":\"Consell De L\u2019Audiovisual De La Comunitat Valenciana\",\"description\":\"\u00c9s l\u2019autoritat audiovisual independent encarregada de vetlar pel respecte dels drets, llibertats i valors constitucionals i estatutaris en l\u2019\u00e0mbit dels mitjans audiovisuals a la Comunitat Valenciana\",\"publisher\":{\"@id\":\"https:\/\/cdacv.es\/#organization\"},\"potentialAction\":[{\"@type\":\"SearchAction\",\"target\":{\"@type\":\"EntryPoint\",\"urlTemplate\":\"https:\/\/cdacv.es\/?s={search_term_string}\"},\"query-input\":\"required name=search_term_string\"}],\"inLanguage\":\"es\"},{\"@type\":\"Organization\",\"@id\":\"https:\/\/cdacv.es\/#organization\",\"name\":\"Consell De L\u2019Audiovisual De La Comunitat Valenciana\",\"url\":\"https:\/\/cdacv.es\/\",\"logo\":{\"@type\":\"ImageObject\",\"inLanguage\":\"es\",\"@id\":\"https:\/\/cdacv.es\/#\/schema\/logo\/image\/\",\"url\":\"https:\/\/cdacv.es\/wp-content\/uploads\/2023\/02\/fav.png\",\"contentUrl\":\"https:\/\/cdacv.es\/wp-content\/uploads\/2023\/02\/fav.png\",\"width\":300,\"height\":300,\"caption\":\"Consell De L\u2019Audiovisual De La Comunitat Valenciana\"},\"image\":{\"@id\":\"https:\/\/cdacv.es\/#\/schema\/logo\/image\/\"}},{\"@type\":\"Person\",\"@id\":\"https:\/\/cdacv.es\/#\/schema\/person\/2fe6d2110f66d6021bc485b6eb33b046\",\"name\":\"AdminNexora\",\"image\":{\"@type\":\"ImageObject\",\"inLanguage\":\"es\",\"@id\":\"https:\/\/cdacv.es\/#\/schema\/person\/image\/\",\"url\":\"https:\/\/secure.gravatar.com\/avatar\/1dc9274a96bed2cdf016317fc52f0df0b0b46b9297a4d6eec4cc4035611cf5b1?s=96&d=mm&r=g\",\"contentUrl\":\"https:\/\/secure.gravatar.com\/avatar\/1dc9274a96bed2cdf016317fc52f0df0b0b46b9297a4d6eec4cc4035611cf5b1?s=96&d=mm&r=g\",\"caption\":\"AdminNexora\"},\"url\":\"https:\/\/cdacv.es\/es\/author\/adminnexora\/\"}]}<\/script>\n<!-- \/ Yoast SEO plugin. -->","yoast_head_json":{"title":"Autocontrol: El Presidente del CACV asiste al 30 aniversario","description":"El presidente del Consell de l\u2019Audiovisual de la Comunitat Valenciana (CACV), Jos\u00e9 Mar\u00eda Vidal Beltr\u00e1n, asisti\u00f3 al acto conmemorativo del 30 aniversario de Autocontrol, celebrado recientemente en Madrid, en el que se reconoci\u00f3 la trayectoria de esta entidad en la promoci\u00f3n de una publicidad responsable, veraz y \u00e9tica en Espa\u00f1a.","robots":{"index":"index","follow":"follow","max-snippet":"max-snippet:-1","max-image-preview":"max-image-preview:large","max-video-preview":"max-video-preview:-1"},"canonical":"https:\/\/cdacv.es\/es\/autocontrol-presidente-cacv-30-aniversario\/","og_locale":"es_ES","og_type":"article","og_title":"Autocontrol: El Presidente del CACV asiste al 30 aniversario","og_description":"El presidente del Consell de l\u2019Audiovisual de la Comunitat Valenciana (CACV), Jos\u00e9 Mar\u00eda Vidal Beltr\u00e1n, asisti\u00f3 al acto conmemorativo del 30 aniversario de Autocontrol, celebrado recientemente en Madrid, en el que se reconoci\u00f3 la trayectoria de esta entidad en la promoci\u00f3n de una publicidad responsable, veraz y \u00e9tica en Espa\u00f1a.","og_url":"https:\/\/cdacv.es\/es\/autocontrol-presidente-cacv-30-aniversario\/","og_site_name":"Consell De L\u2019Audiovisual De La Comunitat Valenciana","article_published_time":"2025-10-20T13:41:53+00:00","og_image":[{"width":2048,"height":1366,"url":"https:\/\/cdacv.es\/wp-content\/uploads\/2025\/10\/Autocontrol-2.jpg","type":"image\/jpeg"}],"author":"AdminNexora","twitter_card":"summary_large_image","twitter_misc":{"Escrito por":"AdminNexora","Tiempo de lectura":"2 minutos"},"schema":{"@context":"https:\/\/schema.org","@graph":[{"@type":"Article","@id":"https:\/\/cdacv.es\/es\/autocontrol-presidente-cacv-30-aniversario\/#article","isPartOf":{"@id":"https:\/\/cdacv.es\/es\/autocontrol-presidente-cacv-30-aniversario\/"},"author":{"name":"AdminNexora","@id":"https:\/\/cdacv.es\/#\/schema\/person\/2fe6d2110f66d6021bc485b6eb33b046"},"headline":"El presidente del CACV, Jos\u00e9 Mar\u00eda Vidal, asiste al 30 aniversario de Autocontrol","datePublished":"2025-10-20T13:41:53+00:00","dateModified":"2025-10-20T13:41:53+00:00","mainEntityOfPage":{"@id":"https:\/\/cdacv.es\/es\/autocontrol-presidente-cacv-30-aniversario\/"},"wordCount":275,"publisher":{"@id":"https:\/\/cdacv.es\/#organization"},"articleSection":["Noticias"],"inLanguage":"es"},{"@type":"WebPage","@id":"https:\/\/cdacv.es\/es\/autocontrol-presidente-cacv-30-aniversario\/","url":"https:\/\/cdacv.es\/es\/autocontrol-presidente-cacv-30-aniversario\/","name":"Autocontrol: El Presidente del CACV asiste al 30 aniversario","isPartOf":{"@id":"https:\/\/cdacv.es\/#website"},"datePublished":"2025-10-20T13:41:53+00:00","dateModified":"2025-10-20T13:41:53+00:00","description":"El presidente del Consell de l\u2019Audiovisual de la Comunitat Valenciana (CACV), Jos\u00e9 Mar\u00eda Vidal Beltr\u00e1n, asisti\u00f3 al acto conmemorativo del 30 aniversario de Autocontrol, celebrado recientemente en Madrid, en el que se reconoci\u00f3 la trayectoria de esta entidad en la promoci\u00f3n de una publicidad responsable, veraz y \u00e9tica en Espa\u00f1a.","breadcrumb":{"@id":"https:\/\/cdacv.es\/es\/autocontrol-presidente-cacv-30-aniversario\/#breadcrumb"},"inLanguage":"es","potentialAction":[{"@type":"ReadAction","target":["https:\/\/cdacv.es\/es\/autocontrol-presidente-cacv-30-aniversario\/"]}]},{"@type":"BreadcrumbList","@id":"https:\/\/cdacv.es\/es\/autocontrol-presidente-cacv-30-aniversario\/#breadcrumb","itemListElement":[{"@type":"ListItem","position":1,"name":"Home","item":"https:\/\/cdacv.es\/es\/"},{"@type":"ListItem","position":2,"name":"El presidente del CACV, Jos\u00e9 Mar\u00eda Vidal, asiste al 30 aniversario de Autocontrol"}]},{"@type":"WebSite","@id":"https:\/\/cdacv.es\/#website","url":"https:\/\/cdacv.es\/","name":"Consell De L\u2019Audiovisual De La Comunitat Valenciana","description":"\u00c9s l\u2019autoritat audiovisual independent encarregada de vetlar pel respecte dels drets, llibertats i valors constitucionals i estatutaris en l\u2019\u00e0mbit dels mitjans audiovisuals a la Comunitat Valenciana","publisher":{"@id":"https:\/\/cdacv.es\/#organization"},"potentialAction":[{"@type":"SearchAction","target":{"@type":"EntryPoint","urlTemplate":"https:\/\/cdacv.es\/?s={search_term_string}"},"query-input":"required name=search_term_string"}],"inLanguage":"es"},{"@type":"Organization","@id":"https:\/\/cdacv.es\/#organization","name":"Consell De L\u2019Audiovisual De La Comunitat Valenciana","url":"https:\/\/cdacv.es\/","logo":{"@type":"ImageObject","inLanguage":"es","@id":"https:\/\/cdacv.es\/#\/schema\/logo\/image\/","url":"https:\/\/cdacv.es\/wp-content\/uploads\/2023\/02\/fav.png","contentUrl":"https:\/\/cdacv.es\/wp-content\/uploads\/2023\/02\/fav.png","width":300,"height":300,"caption":"Consell De L\u2019Audiovisual De La Comunitat Valenciana"},"image":{"@id":"https:\/\/cdacv.es\/#\/schema\/logo\/image\/"}},{"@type":"Person","@id":"https:\/\/cdacv.es\/#\/schema\/person\/2fe6d2110f66d6021bc485b6eb33b046","name":"AdminNexora","image":{"@type":"ImageObject","inLanguage":"es","@id":"https:\/\/cdacv.es\/#\/schema\/person\/image\/","url":"https:\/\/secure.gravatar.com\/avatar\/1dc9274a96bed2cdf016317fc52f0df0b0b46b9297a4d6eec4cc4035611cf5b1?s=96&d=mm&r=g","contentUrl":"https:\/\/secure.gravatar.com\/avatar\/1dc9274a96bed2cdf016317fc52f0df0b0b46b9297a4d6eec4cc4035611cf5b1?s=96&d=mm&r=g","caption":"AdminNexora"},"url":"https:\/\/cdacv.es\/es\/author\/adminnexora\/"}]}},"_links":{"self":[{"href":"https:\/\/cdacv.es\/es\/wp-json\/wp\/v2\/posts\/4110","targetHints":{"allow":["GET"]}}],"collection":[{"href":"https:\/\/cdacv.es\/es\/wp-json\/wp\/v2\/posts"}],"about":[{"href":"https:\/\/cdacv.es\/es\/wp-json\/wp\/v2\/types\/post"}],"author":[{"embeddable":true,"href":"https:\/\/cdacv.es\/es\/wp-json\/wp\/v2\/users\/1"}],"replies":[{"embeddable":true,"href":"https:\/\/cdacv.es\/es\/wp-json\/wp\/v2\/comments?post=4110"}],"version-history":[{"count":1,"href":"https:\/\/cdacv.es\/es\/wp-json\/wp\/v2\/posts\/4110\/revisions"}],"predecessor-version":[{"id":4115,"href":"https:\/\/cdacv.es\/es\/wp-json\/wp\/v2\/posts\/4110\/revisions\/4115"}],"wp:featuredmedia":[{"embeddable":true,"href":"https:\/\/cdacv.es\/es\/wp-json\/wp\/v2\/media\/4113"}],"wp:attachment":[{"href":"https:\/\/cdacv.es\/es\/wp-json\/wp\/v2\/media?parent=4110"}],"wp:term":[{"taxonomy":"category","embeddable":true,"href":"https:\/\/cdacv.es\/es\/wp-json\/wp\/v2\/categories?post=4110"},{"taxonomy":"post_tag","embeddable":true,"href":"https:\/\/cdacv.es\/es\/wp-json\/wp\/v2\/tags?post=4110"}],"curies":[{"name":"wp","href":"https:\/\/api.w.org\/{rel}","templated":true}]}}