{"id":4006,"date":"2025-10-03T09:56:05","date_gmt":"2025-10-03T07:56:05","guid":{"rendered":"https:\/\/cdacv.es\/?p=4006"},"modified":"2025-10-03T09:56:05","modified_gmt":"2025-10-03T07:56:05","slug":"la-umh-organiza-en-el-seno-de-la-catedra-de-analisis-y-prospectiva-del-audiovisual-una-visita-para-conocer-el-centro-de-documentacion-de-la-filmoteca-valenciana","status":"publish","type":"post","link":"https:\/\/cdacv.es\/es\/la-umh-organiza-en-el-seno-de-la-catedra-de-analisis-y-prospectiva-del-audiovisual-una-visita-para-conocer-el-centro-de-documentacion-de-la-filmoteca-valenciana\/","title":{"rendered":"La UMH organiza en el seno de la C\u00e1tedra de An\u00e1lisis y Prospectiva del Audiovisual una visita para conocer el Centro de Documentaci\u00f3n de la Filmoteca Valenciana"},"content":{"rendered":"<p><strong>La C\u00e1tedra de An\u00e1lisis y Prospecci\u00f3n del Audiovisual de la UMH<\/strong> ofrece a la poblaci\u00f3n interesada de Elche y sus alrededores la oportunidad de visitar el Centro de Documentaci\u00f3n de la Filmoteca Valenciana. Esta actividad se enmarca dentro de la iniciativa <strong><em>\u201cSI EL AUDIOVISUAL Y EL CINE NO VIENEN A CASA, \u00a1VAMOS NOSOTROS!\u201d<\/em><\/strong>, cuyo objetivo es acercar la industria audiovisual y cinematogr\u00e1fica a la sociedad en general mediante experiencias culturales y enriquecedoras, como esta visita gratuita organizada para ir en autob\u00fas.<\/p>\n<p>Durante la jornada, adem\u00e1s de conocer este emblem\u00e1tico espacio de archivo que conserva los fondos m\u00e1s relevantes de la cinematograf\u00eda valenciana, se asistir\u00e1 a la exposici\u00f3n de proyectos del programa Atenea, una iniciativa destinada a promover el talento de j\u00f3venes directoras en la fase final de sus estudios universitarios o reci\u00e9n graduadas. En un momento en el que las aulas de Comunicaci\u00f3n Audiovisual cuentan con una mayor\u00eda de mujeres, pero los puestos de mayor responsabilidad en la industria cinematogr\u00e1fica siguen ocupados en su mayor\u00eda por hombres, la C\u00e1tedra CAPA UMH, sensibilizada con esta realidad, ha querido organizar la asistencia a este evento.<\/p>\n<p>La salida est\u00e1 prevista para el lunes 3 de noviembre, a las 7:00 horas desde Elche. El regreso desde Valencia ser\u00e1 a las 16:00 horas, con llegada aproximada a Elche a las 18:00 horas.<\/p>\n<p>Dado que ambas actividades cuentan con aforo limitado, la inscripci\u00f3n debe formalizarse enviando un correo electr\u00f3nico a <a href=\"mailto:catedracapa@umh.es\">catedracapa@umh.es<\/a> . La reserva de plaza se confirmar\u00e1 mediante respuesta a dicho correo y se asignar\u00e1 por orden de recepci\u00f3n de solicitudes hasta completar el cupo disponible.<\/p>\n<p>Para m\u00e1s informaci\u00f3n escribe a <a href=\"mailto:catedracapa@umh.es\">catedracapa@umh.es<\/a><\/p>\n<p>&nbsp;<\/p>\n","protected":false},"excerpt":{"rendered":"<p>La C\u00e1tedra de An\u00e1lisis y Prospecci\u00f3n del Audiovisual de la UMH ofrece a la poblaci\u00f3n interesada de Elche y sus alrededores la oportunidad de visitar el Centro de Documentaci\u00f3n de&#8230;<\/p>\n","protected":false},"author":1,"featured_media":4007,"comment_status":"closed","ping_status":"open","sticky":false,"template":"","format":"standard","meta":{"footnotes":""},"categories":[15],"tags":[],"class_list":["post-4006","post","type-post","status-publish","format-standard","has-post-thumbnail","category-noticias"],"yoast_head":"<!-- This site is optimized with the Yoast SEO plugin v20.1 - https:\/\/yoast.com\/wordpress\/plugins\/seo\/ -->\n<title>Visita para conocer el Centro de Documentaci\u00f3n de la Filmoteca Valenciana<\/title>\n<meta name=\"description\" content=\"La UMH organiza en el seno de la C\u00e1tedra de An\u00e1lisis y Prospectiva del Audiovisual una visita para conocer el Centro de Documentaci\u00f3n de la Filmoteca Valenciana\" \/>\n<meta name=\"robots\" content=\"index, follow, max-snippet:-1, max-image-preview:large, max-video-preview:-1\" \/>\n<link rel=\"canonical\" href=\"https:\/\/cdacv.es\/es\/la-umh-organiza-en-el-seno-de-la-catedra-de-analisis-y-prospectiva-del-audiovisual-una-visita-para-conocer-el-centro-de-documentacion-de-la-filmoteca-valenciana\/\" \/>\n<meta property=\"og:locale\" content=\"es_ES\" \/>\n<meta property=\"og:type\" content=\"article\" \/>\n<meta property=\"og:title\" content=\"Visita para conocer el Centro de Documentaci\u00f3n de la Filmoteca Valenciana\" \/>\n<meta property=\"og:description\" content=\"La UMH organiza en el seno de la C\u00e1tedra de An\u00e1lisis y Prospectiva del Audiovisual una visita para conocer el Centro de Documentaci\u00f3n de la Filmoteca Valenciana\" \/>\n<meta property=\"og:url\" content=\"https:\/\/cdacv.es\/es\/la-umh-organiza-en-el-seno-de-la-catedra-de-analisis-y-prospectiva-del-audiovisual-una-visita-para-conocer-el-centro-de-documentacion-de-la-filmoteca-valenciana\/\" \/>\n<meta property=\"og:site_name\" content=\"Consell De L\u2019Audiovisual De La Comunitat Valenciana\" \/>\n<meta property=\"article:published_time\" content=\"2025-10-03T07:56:05+00:00\" \/>\n<meta property=\"og:image\" content=\"https:\/\/cdacv.es\/wp-content\/uploads\/2025\/10\/Cartel-visita-Centro-de-Documentacion-Filmoteca-3-noviembre-2025.png\" \/>\n\t<meta property=\"og:image:width\" content=\"1587\" \/>\n\t<meta property=\"og:image:height\" content=\"2245\" \/>\n\t<meta property=\"og:image:type\" content=\"image\/png\" \/>\n<meta name=\"author\" content=\"AdminNexora\" \/>\n<meta name=\"twitter:card\" content=\"summary_large_image\" \/>\n<meta name=\"twitter:label1\" content=\"Escrito por\" \/>\n\t<meta name=\"twitter:data1\" content=\"AdminNexora\" \/>\n\t<meta name=\"twitter:label2\" content=\"Tiempo de lectura\" \/>\n\t<meta name=\"twitter:data2\" content=\"2 minutos\" \/>\n<script type=\"application\/ld+json\" class=\"yoast-schema-graph\">{\"@context\":\"https:\/\/schema.org\",\"@graph\":[{\"@type\":\"Article\",\"@id\":\"https:\/\/cdacv.es\/es\/la-umh-organiza-en-el-seno-de-la-catedra-de-analisis-y-prospectiva-del-audiovisual-una-visita-para-conocer-el-centro-de-documentacion-de-la-filmoteca-valenciana\/#article\",\"isPartOf\":{\"@id\":\"https:\/\/cdacv.es\/es\/la-umh-organiza-en-el-seno-de-la-catedra-de-analisis-y-prospectiva-del-audiovisual-una-visita-para-conocer-el-centro-de-documentacion-de-la-filmoteca-valenciana\/\"},\"author\":{\"name\":\"AdminNexora\",\"@id\":\"https:\/\/cdacv.es\/#\/schema\/person\/2fe6d2110f66d6021bc485b6eb33b046\"},\"headline\":\"La UMH organiza en el seno de la C\u00e1tedra de An\u00e1lisis y Prospectiva del Audiovisual una visita para conocer el Centro de Documentaci\u00f3n de la Filmoteca Valenciana\",\"datePublished\":\"2025-10-03T07:56:05+00:00\",\"dateModified\":\"2025-10-03T07:56:05+00:00\",\"mainEntityOfPage\":{\"@id\":\"https:\/\/cdacv.es\/es\/la-umh-organiza-en-el-seno-de-la-catedra-de-analisis-y-prospectiva-del-audiovisual-una-visita-para-conocer-el-centro-de-documentacion-de-la-filmoteca-valenciana\/\"},\"wordCount\":321,\"publisher\":{\"@id\":\"https:\/\/cdacv.es\/#organization\"},\"articleSection\":[\"Noticias\"],\"inLanguage\":\"es\"},{\"@type\":\"WebPage\",\"@id\":\"https:\/\/cdacv.es\/es\/la-umh-organiza-en-el-seno-de-la-catedra-de-analisis-y-prospectiva-del-audiovisual-una-visita-para-conocer-el-centro-de-documentacion-de-la-filmoteca-valenciana\/\",\"url\":\"https:\/\/cdacv.es\/es\/la-umh-organiza-en-el-seno-de-la-catedra-de-analisis-y-prospectiva-del-audiovisual-una-visita-para-conocer-el-centro-de-documentacion-de-la-filmoteca-valenciana\/\",\"name\":\"Visita para conocer el Centro de Documentaci\u00f3n de la Filmoteca Valenciana\",\"isPartOf\":{\"@id\":\"https:\/\/cdacv.es\/#website\"},\"datePublished\":\"2025-10-03T07:56:05+00:00\",\"dateModified\":\"2025-10-03T07:56:05+00:00\",\"description\":\"La UMH organiza en el seno de la C\u00e1tedra de An\u00e1lisis y Prospectiva del Audiovisual una visita para conocer el Centro de Documentaci\u00f3n de la Filmoteca Valenciana\",\"breadcrumb\":{\"@id\":\"https:\/\/cdacv.es\/es\/la-umh-organiza-en-el-seno-de-la-catedra-de-analisis-y-prospectiva-del-audiovisual-una-visita-para-conocer-el-centro-de-documentacion-de-la-filmoteca-valenciana\/#breadcrumb\"},\"inLanguage\":\"es\",\"potentialAction\":[{\"@type\":\"ReadAction\",\"target\":[\"https:\/\/cdacv.es\/es\/la-umh-organiza-en-el-seno-de-la-catedra-de-analisis-y-prospectiva-del-audiovisual-una-visita-para-conocer-el-centro-de-documentacion-de-la-filmoteca-valenciana\/\"]}]},{\"@type\":\"BreadcrumbList\",\"@id\":\"https:\/\/cdacv.es\/es\/la-umh-organiza-en-el-seno-de-la-catedra-de-analisis-y-prospectiva-del-audiovisual-una-visita-para-conocer-el-centro-de-documentacion-de-la-filmoteca-valenciana\/#breadcrumb\",\"itemListElement\":[{\"@type\":\"ListItem\",\"position\":1,\"name\":\"Home\",\"item\":\"https:\/\/cdacv.es\/es\/\"},{\"@type\":\"ListItem\",\"position\":2,\"name\":\"La UMH organiza en el seno de la C\u00e1tedra de An\u00e1lisis y Prospectiva del Audiovisual una visita para conocer el Centro de Documentaci\u00f3n de la Filmoteca Valenciana\"}]},{\"@type\":\"WebSite\",\"@id\":\"https:\/\/cdacv.es\/#website\",\"url\":\"https:\/\/cdacv.es\/\",\"name\":\"Consell De L\u2019Audiovisual De La Comunitat Valenciana\",\"description\":\"\u00c9s l\u2019autoritat audiovisual independent encarregada de vetlar pel respecte dels drets, llibertats i valors constitucionals i estatutaris en l\u2019\u00e0mbit dels mitjans audiovisuals a la Comunitat Valenciana\",\"publisher\":{\"@id\":\"https:\/\/cdacv.es\/#organization\"},\"potentialAction\":[{\"@type\":\"SearchAction\",\"target\":{\"@type\":\"EntryPoint\",\"urlTemplate\":\"https:\/\/cdacv.es\/?s={search_term_string}\"},\"query-input\":\"required name=search_term_string\"}],\"inLanguage\":\"es\"},{\"@type\":\"Organization\",\"@id\":\"https:\/\/cdacv.es\/#organization\",\"name\":\"Consell De L\u2019Audiovisual De La Comunitat Valenciana\",\"url\":\"https:\/\/cdacv.es\/\",\"logo\":{\"@type\":\"ImageObject\",\"inLanguage\":\"es\",\"@id\":\"https:\/\/cdacv.es\/#\/schema\/logo\/image\/\",\"url\":\"https:\/\/cdacv.es\/wp-content\/uploads\/2023\/02\/fav.png\",\"contentUrl\":\"https:\/\/cdacv.es\/wp-content\/uploads\/2023\/02\/fav.png\",\"width\":300,\"height\":300,\"caption\":\"Consell De L\u2019Audiovisual De La Comunitat Valenciana\"},\"image\":{\"@id\":\"https:\/\/cdacv.es\/#\/schema\/logo\/image\/\"}},{\"@type\":\"Person\",\"@id\":\"https:\/\/cdacv.es\/#\/schema\/person\/2fe6d2110f66d6021bc485b6eb33b046\",\"name\":\"AdminNexora\",\"image\":{\"@type\":\"ImageObject\",\"inLanguage\":\"es\",\"@id\":\"https:\/\/cdacv.es\/#\/schema\/person\/image\/\",\"url\":\"https:\/\/secure.gravatar.com\/avatar\/1dc9274a96bed2cdf016317fc52f0df0b0b46b9297a4d6eec4cc4035611cf5b1?s=96&d=mm&r=g\",\"contentUrl\":\"https:\/\/secure.gravatar.com\/avatar\/1dc9274a96bed2cdf016317fc52f0df0b0b46b9297a4d6eec4cc4035611cf5b1?s=96&d=mm&r=g\",\"caption\":\"AdminNexora\"},\"url\":\"https:\/\/cdacv.es\/es\/author\/adminnexora\/\"}]}<\/script>\n<!-- \/ Yoast SEO plugin. -->","yoast_head_json":{"title":"Visita para conocer el Centro de Documentaci\u00f3n de la Filmoteca Valenciana","description":"La UMH organiza en el seno de la C\u00e1tedra de An\u00e1lisis y Prospectiva del Audiovisual una visita para conocer el Centro de Documentaci\u00f3n de la Filmoteca Valenciana","robots":{"index":"index","follow":"follow","max-snippet":"max-snippet:-1","max-image-preview":"max-image-preview:large","max-video-preview":"max-video-preview:-1"},"canonical":"https:\/\/cdacv.es\/es\/la-umh-organiza-en-el-seno-de-la-catedra-de-analisis-y-prospectiva-del-audiovisual-una-visita-para-conocer-el-centro-de-documentacion-de-la-filmoteca-valenciana\/","og_locale":"es_ES","og_type":"article","og_title":"Visita para conocer el Centro de Documentaci\u00f3n de la Filmoteca Valenciana","og_description":"La UMH organiza en el seno de la C\u00e1tedra de An\u00e1lisis y Prospectiva del Audiovisual una visita para conocer el Centro de Documentaci\u00f3n de la Filmoteca Valenciana","og_url":"https:\/\/cdacv.es\/es\/la-umh-organiza-en-el-seno-de-la-catedra-de-analisis-y-prospectiva-del-audiovisual-una-visita-para-conocer-el-centro-de-documentacion-de-la-filmoteca-valenciana\/","og_site_name":"Consell De L\u2019Audiovisual De La Comunitat Valenciana","article_published_time":"2025-10-03T07:56:05+00:00","og_image":[{"width":1587,"height":2245,"url":"https:\/\/cdacv.es\/wp-content\/uploads\/2025\/10\/Cartel-visita-Centro-de-Documentacion-Filmoteca-3-noviembre-2025.png","type":"image\/png"}],"author":"AdminNexora","twitter_card":"summary_large_image","twitter_misc":{"Escrito por":"AdminNexora","Tiempo de lectura":"2 minutos"},"schema":{"@context":"https:\/\/schema.org","@graph":[{"@type":"Article","@id":"https:\/\/cdacv.es\/es\/la-umh-organiza-en-el-seno-de-la-catedra-de-analisis-y-prospectiva-del-audiovisual-una-visita-para-conocer-el-centro-de-documentacion-de-la-filmoteca-valenciana\/#article","isPartOf":{"@id":"https:\/\/cdacv.es\/es\/la-umh-organiza-en-el-seno-de-la-catedra-de-analisis-y-prospectiva-del-audiovisual-una-visita-para-conocer-el-centro-de-documentacion-de-la-filmoteca-valenciana\/"},"author":{"name":"AdminNexora","@id":"https:\/\/cdacv.es\/#\/schema\/person\/2fe6d2110f66d6021bc485b6eb33b046"},"headline":"La UMH organiza en el seno de la C\u00e1tedra de An\u00e1lisis y Prospectiva del Audiovisual una visita para conocer el Centro de Documentaci\u00f3n de la Filmoteca Valenciana","datePublished":"2025-10-03T07:56:05+00:00","dateModified":"2025-10-03T07:56:05+00:00","mainEntityOfPage":{"@id":"https:\/\/cdacv.es\/es\/la-umh-organiza-en-el-seno-de-la-catedra-de-analisis-y-prospectiva-del-audiovisual-una-visita-para-conocer-el-centro-de-documentacion-de-la-filmoteca-valenciana\/"},"wordCount":321,"publisher":{"@id":"https:\/\/cdacv.es\/#organization"},"articleSection":["Noticias"],"inLanguage":"es"},{"@type":"WebPage","@id":"https:\/\/cdacv.es\/es\/la-umh-organiza-en-el-seno-de-la-catedra-de-analisis-y-prospectiva-del-audiovisual-una-visita-para-conocer-el-centro-de-documentacion-de-la-filmoteca-valenciana\/","url":"https:\/\/cdacv.es\/es\/la-umh-organiza-en-el-seno-de-la-catedra-de-analisis-y-prospectiva-del-audiovisual-una-visita-para-conocer-el-centro-de-documentacion-de-la-filmoteca-valenciana\/","name":"Visita para conocer el Centro de Documentaci\u00f3n de la Filmoteca Valenciana","isPartOf":{"@id":"https:\/\/cdacv.es\/#website"},"datePublished":"2025-10-03T07:56:05+00:00","dateModified":"2025-10-03T07:56:05+00:00","description":"La UMH organiza en el seno de la C\u00e1tedra de An\u00e1lisis y Prospectiva del Audiovisual una visita para conocer el Centro de Documentaci\u00f3n de la Filmoteca Valenciana","breadcrumb":{"@id":"https:\/\/cdacv.es\/es\/la-umh-organiza-en-el-seno-de-la-catedra-de-analisis-y-prospectiva-del-audiovisual-una-visita-para-conocer-el-centro-de-documentacion-de-la-filmoteca-valenciana\/#breadcrumb"},"inLanguage":"es","potentialAction":[{"@type":"ReadAction","target":["https:\/\/cdacv.es\/es\/la-umh-organiza-en-el-seno-de-la-catedra-de-analisis-y-prospectiva-del-audiovisual-una-visita-para-conocer-el-centro-de-documentacion-de-la-filmoteca-valenciana\/"]}]},{"@type":"BreadcrumbList","@id":"https:\/\/cdacv.es\/es\/la-umh-organiza-en-el-seno-de-la-catedra-de-analisis-y-prospectiva-del-audiovisual-una-visita-para-conocer-el-centro-de-documentacion-de-la-filmoteca-valenciana\/#breadcrumb","itemListElement":[{"@type":"ListItem","position":1,"name":"Home","item":"https:\/\/cdacv.es\/es\/"},{"@type":"ListItem","position":2,"name":"La UMH organiza en el seno de la C\u00e1tedra de An\u00e1lisis y Prospectiva del Audiovisual una visita para conocer el Centro de Documentaci\u00f3n de la Filmoteca Valenciana"}]},{"@type":"WebSite","@id":"https:\/\/cdacv.es\/#website","url":"https:\/\/cdacv.es\/","name":"Consell De L\u2019Audiovisual De La Comunitat Valenciana","description":"\u00c9s l\u2019autoritat audiovisual independent encarregada de vetlar pel respecte dels drets, llibertats i valors constitucionals i estatutaris en l\u2019\u00e0mbit dels mitjans audiovisuals a la Comunitat Valenciana","publisher":{"@id":"https:\/\/cdacv.es\/#organization"},"potentialAction":[{"@type":"SearchAction","target":{"@type":"EntryPoint","urlTemplate":"https:\/\/cdacv.es\/?s={search_term_string}"},"query-input":"required name=search_term_string"}],"inLanguage":"es"},{"@type":"Organization","@id":"https:\/\/cdacv.es\/#organization","name":"Consell De L\u2019Audiovisual De La Comunitat Valenciana","url":"https:\/\/cdacv.es\/","logo":{"@type":"ImageObject","inLanguage":"es","@id":"https:\/\/cdacv.es\/#\/schema\/logo\/image\/","url":"https:\/\/cdacv.es\/wp-content\/uploads\/2023\/02\/fav.png","contentUrl":"https:\/\/cdacv.es\/wp-content\/uploads\/2023\/02\/fav.png","width":300,"height":300,"caption":"Consell De L\u2019Audiovisual De La Comunitat Valenciana"},"image":{"@id":"https:\/\/cdacv.es\/#\/schema\/logo\/image\/"}},{"@type":"Person","@id":"https:\/\/cdacv.es\/#\/schema\/person\/2fe6d2110f66d6021bc485b6eb33b046","name":"AdminNexora","image":{"@type":"ImageObject","inLanguage":"es","@id":"https:\/\/cdacv.es\/#\/schema\/person\/image\/","url":"https:\/\/secure.gravatar.com\/avatar\/1dc9274a96bed2cdf016317fc52f0df0b0b46b9297a4d6eec4cc4035611cf5b1?s=96&d=mm&r=g","contentUrl":"https:\/\/secure.gravatar.com\/avatar\/1dc9274a96bed2cdf016317fc52f0df0b0b46b9297a4d6eec4cc4035611cf5b1?s=96&d=mm&r=g","caption":"AdminNexora"},"url":"https:\/\/cdacv.es\/es\/author\/adminnexora\/"}]}},"_links":{"self":[{"href":"https:\/\/cdacv.es\/es\/wp-json\/wp\/v2\/posts\/4006","targetHints":{"allow":["GET"]}}],"collection":[{"href":"https:\/\/cdacv.es\/es\/wp-json\/wp\/v2\/posts"}],"about":[{"href":"https:\/\/cdacv.es\/es\/wp-json\/wp\/v2\/types\/post"}],"author":[{"embeddable":true,"href":"https:\/\/cdacv.es\/es\/wp-json\/wp\/v2\/users\/1"}],"replies":[{"embeddable":true,"href":"https:\/\/cdacv.es\/es\/wp-json\/wp\/v2\/comments?post=4006"}],"version-history":[{"count":1,"href":"https:\/\/cdacv.es\/es\/wp-json\/wp\/v2\/posts\/4006\/revisions"}],"predecessor-version":[{"id":4009,"href":"https:\/\/cdacv.es\/es\/wp-json\/wp\/v2\/posts\/4006\/revisions\/4009"}],"wp:featuredmedia":[{"embeddable":true,"href":"https:\/\/cdacv.es\/es\/wp-json\/wp\/v2\/media\/4007"}],"wp:attachment":[{"href":"https:\/\/cdacv.es\/es\/wp-json\/wp\/v2\/media?parent=4006"}],"wp:term":[{"taxonomy":"category","embeddable":true,"href":"https:\/\/cdacv.es\/es\/wp-json\/wp\/v2\/categories?post=4006"},{"taxonomy":"post_tag","embeddable":true,"href":"https:\/\/cdacv.es\/es\/wp-json\/wp\/v2\/tags?post=4006"}],"curies":[{"name":"wp","href":"https:\/\/api.w.org\/{rel}","templated":true}]}}