{"id":3965,"date":"2025-09-24T08:52:31","date_gmt":"2025-09-24T06:52:31","guid":{"rendered":"https:\/\/cdacv.es\/?p=3965"},"modified":"2025-09-30T10:16:47","modified_gmt":"2025-09-30T08:16:47","slug":"el-consell-de-laudiovisual-de-la-comunitat-valenciana-inicia-la-verificacion-previa-a-la-renovacion-automatica-de-las-licencias-audiovisuales","status":"publish","type":"post","link":"https:\/\/cdacv.es\/es\/el-consell-de-laudiovisual-de-la-comunitat-valenciana-inicia-la-verificacion-previa-a-la-renovacion-automatica-de-las-licencias-audiovisuales\/","title":{"rendered":"El Consell de l\u2019Audiovisual de la Comunitat Valenciana inicia la verificaci\u00f3n previa a la renovaci\u00f3n autom\u00e1tica de las licencias audiovisuales"},"content":{"rendered":"<p>El <strong>Consell de l\u2019Audiovisual de la Comunitat Valenciana (CACV)<\/strong> ha iniciado el proceso de <strong>verificaci\u00f3n previa a la renovaci\u00f3n autom\u00e1tica<\/strong> de las licencias de comunicaci\u00f3n audiovisual de radio y televisi\u00f3n digital terrestre (TDT), cuyo per\u00edodo de vigencia de quince a\u00f1os finaliza el pr\u00f3ximo <strong>29 de julio de 2026<\/strong>.<\/p>\n<p>Este procedimiento se lleva a cabo de conformidad con lo dispuesto en el <strong>art\u00edculo 18 del Decreto 4\/2017, de 20 de enero, del Consell<\/strong>, y en ejercicio de las competencias atribuidas al CACV como autoridad audiovisual independiente, seg\u00fan la <strong>Ley 10\/2018, de 18 de mayo<\/strong>.<\/p>\n<p><strong>Tr\u00e1mite telem\u00e1tico habilitado<\/strong><\/p>\n<p>Con car\u00e1cter previo a la renovaci\u00f3n autom\u00e1tica, el CACV ha puesto a disposici\u00f3n de los operadores un <strong>tr\u00e1mite electr\u00f3nico<\/strong> accesible desde el portal de la Generalitat, a trav\u00e9s del cual deber\u00e1n:<\/p>\n<ul>\n<li>Manifestar su voluntad de continuar prestando el servicio.<\/li>\n<li>Presentar una <strong>declaraci\u00f3n responsable<\/strong> de cumplimiento de los requisitos legales.<\/li>\n<li>Aportar documentaci\u00f3n t\u00e9cnica y administrativa actualizada.<\/li>\n<li>Acreditar el <strong>pago de las tasas correspondientes.<\/strong><\/li>\n<\/ul>\n<p>La realizaci\u00f3n de este tr\u00e1mite dentro del plazo establecido es <strong>requisito imprescindible<\/strong> para la continuidad del t\u00edtulo habilitante.<\/p>\n<p><strong>Evaluaci\u00f3n y control<\/strong><\/p>\n<p>La renovaci\u00f3n autom\u00e1tica est\u00e1 condicionada a que se verifique el cumplimiento de los requisitos previstos en la legislaci\u00f3n vigente. En caso contrario, podr\u00e1 incoarse un procedimiento contradictorio que podr\u00eda concluir con la no renovaci\u00f3n.<\/p>\n<p>Este procedimiento garantiza el respeto al marco normativo, ofrece seguridad jur\u00eddica a los operadores y refuerza el papel del CACV como garante de un sistema audiovisual plural, transparente y estable.<\/p>\n<p><strong>M\u00e1s informaci\u00f3n<\/strong><\/p>\n<p>Pueden encontrar el enlace al procedimiento en la p\u00e1gina web del CACV:<br \/>\n<a href=\"https:\/\/cdacv.es\/es\/registro-de-prestadores\/\">https:\/\/cdacv.es\/es\/registro-de-prestadores\/<\/a><\/p>\n<p>Para cualquier aclaraci\u00f3n adicional, no dude en contactar con el CACV a trav\u00e9s del correo electr\u00f3nico <a href=\"mailto:juridico@cdacv.es\">juridico@cdacv.es<\/a> \u00a0o a los tel\u00e9fonos 964 464352\/964 464348.<\/p>\n","protected":false},"excerpt":{"rendered":"<p>El Consell de l\u2019Audiovisual de la Comunitat Valenciana (CACV) ha iniciado el proceso de verificaci\u00f3n previa a la renovaci\u00f3n autom\u00e1tica de las licencias de comunicaci\u00f3n audiovisual de radio y televisi\u00f3n&#8230;<\/p>\n","protected":false},"author":1,"featured_media":3966,"comment_status":"closed","ping_status":"open","sticky":false,"template":"","format":"standard","meta":{"footnotes":""},"categories":[15],"tags":[],"class_list":["post-3965","post","type-post","status-publish","format-standard","has-post-thumbnail","category-noticias"],"yoast_head":"<!-- This site is optimized with the Yoast SEO plugin v20.1 - https:\/\/yoast.com\/wordpress\/plugins\/seo\/ -->\n<title>El Consell de l\u2019Audiovisual de la Comunitat Valenciana inicia la verificaci\u00f3n previa a la renovaci\u00f3n autom\u00e1tica de las licencias audiovisuales - Consell De L\u2019Audiovisual De La Comunitat Valenciana<\/title>\n<meta name=\"robots\" content=\"index, follow, max-snippet:-1, max-image-preview:large, max-video-preview:-1\" \/>\n<link rel=\"canonical\" href=\"https:\/\/cdacv.es\/es\/el-consell-de-laudiovisual-de-la-comunitat-valenciana-inicia-la-verificacion-previa-a-la-renovacion-automatica-de-las-licencias-audiovisuales\/\" \/>\n<meta property=\"og:locale\" content=\"es_ES\" \/>\n<meta property=\"og:type\" content=\"article\" \/>\n<meta property=\"og:title\" content=\"El Consell de l\u2019Audiovisual de la Comunitat Valenciana inicia la verificaci\u00f3n previa a la renovaci\u00f3n autom\u00e1tica de las licencias audiovisuales - Consell De L\u2019Audiovisual De La Comunitat Valenciana\" \/>\n<meta property=\"og:description\" content=\"El Consell de l\u2019Audiovisual de la Comunitat Valenciana (CACV) ha iniciado el proceso de verificaci\u00f3n previa a la renovaci\u00f3n autom\u00e1tica de las licencias de comunicaci\u00f3n audiovisual de radio y televisi\u00f3n...\" \/>\n<meta property=\"og:url\" content=\"https:\/\/cdacv.es\/es\/el-consell-de-laudiovisual-de-la-comunitat-valenciana-inicia-la-verificacion-previa-a-la-renovacion-automatica-de-las-licencias-audiovisuales\/\" \/>\n<meta property=\"og:site_name\" content=\"Consell De L\u2019Audiovisual De La Comunitat Valenciana\" \/>\n<meta property=\"article:published_time\" content=\"2025-09-24T06:52:31+00:00\" \/>\n<meta property=\"article:modified_time\" content=\"2025-09-30T08:16:47+00:00\" \/>\n<meta property=\"og:image\" content=\"https:\/\/cdacv.es\/wp-content\/uploads\/2025\/09\/Registro-de-prestadores.jpg\" \/>\n\t<meta property=\"og:image:width\" content=\"626\" \/>\n\t<meta property=\"og:image:height\" content=\"417\" \/>\n\t<meta property=\"og:image:type\" content=\"image\/jpeg\" \/>\n<meta name=\"author\" content=\"AdminNexora\" \/>\n<meta name=\"twitter:card\" content=\"summary_large_image\" \/>\n<meta name=\"twitter:label1\" content=\"Escrito por\" \/>\n\t<meta name=\"twitter:data1\" content=\"AdminNexora\" \/>\n\t<meta name=\"twitter:label2\" content=\"Tiempo de lectura\" \/>\n\t<meta name=\"twitter:data2\" content=\"2 minutos\" \/>\n<script type=\"application\/ld+json\" class=\"yoast-schema-graph\">{\"@context\":\"https:\/\/schema.org\",\"@graph\":[{\"@type\":\"Article\",\"@id\":\"https:\/\/cdacv.es\/es\/el-consell-de-laudiovisual-de-la-comunitat-valenciana-inicia-la-verificacion-previa-a-la-renovacion-automatica-de-las-licencias-audiovisuales\/#article\",\"isPartOf\":{\"@id\":\"https:\/\/cdacv.es\/es\/el-consell-de-laudiovisual-de-la-comunitat-valenciana-inicia-la-verificacion-previa-a-la-renovacion-automatica-de-las-licencias-audiovisuales\/\"},\"author\":{\"name\":\"AdminNexora\",\"@id\":\"https:\/\/cdacv.es\/#\/schema\/person\/2fe6d2110f66d6021bc485b6eb33b046\"},\"headline\":\"El Consell de l\u2019Audiovisual de la Comunitat Valenciana inicia la verificaci\u00f3n previa a la renovaci\u00f3n autom\u00e1tica de las licencias audiovisuales\",\"datePublished\":\"2025-09-24T06:52:31+00:00\",\"dateModified\":\"2025-09-30T08:16:47+00:00\",\"mainEntityOfPage\":{\"@id\":\"https:\/\/cdacv.es\/es\/el-consell-de-laudiovisual-de-la-comunitat-valenciana-inicia-la-verificacion-previa-a-la-renovacion-automatica-de-las-licencias-audiovisuales\/\"},\"wordCount\":343,\"publisher\":{\"@id\":\"https:\/\/cdacv.es\/#organization\"},\"articleSection\":[\"Noticias\"],\"inLanguage\":\"es\"},{\"@type\":\"WebPage\",\"@id\":\"https:\/\/cdacv.es\/es\/el-consell-de-laudiovisual-de-la-comunitat-valenciana-inicia-la-verificacion-previa-a-la-renovacion-automatica-de-las-licencias-audiovisuales\/\",\"url\":\"https:\/\/cdacv.es\/es\/el-consell-de-laudiovisual-de-la-comunitat-valenciana-inicia-la-verificacion-previa-a-la-renovacion-automatica-de-las-licencias-audiovisuales\/\",\"name\":\"El Consell de l\u2019Audiovisual de la Comunitat Valenciana inicia la verificaci\u00f3n previa a la renovaci\u00f3n autom\u00e1tica de las licencias audiovisuales - Consell De L\u2019Audiovisual De La Comunitat Valenciana\",\"isPartOf\":{\"@id\":\"https:\/\/cdacv.es\/#website\"},\"datePublished\":\"2025-09-24T06:52:31+00:00\",\"dateModified\":\"2025-09-30T08:16:47+00:00\",\"breadcrumb\":{\"@id\":\"https:\/\/cdacv.es\/es\/el-consell-de-laudiovisual-de-la-comunitat-valenciana-inicia-la-verificacion-previa-a-la-renovacion-automatica-de-las-licencias-audiovisuales\/#breadcrumb\"},\"inLanguage\":\"es\",\"potentialAction\":[{\"@type\":\"ReadAction\",\"target\":[\"https:\/\/cdacv.es\/es\/el-consell-de-laudiovisual-de-la-comunitat-valenciana-inicia-la-verificacion-previa-a-la-renovacion-automatica-de-las-licencias-audiovisuales\/\"]}]},{\"@type\":\"BreadcrumbList\",\"@id\":\"https:\/\/cdacv.es\/es\/el-consell-de-laudiovisual-de-la-comunitat-valenciana-inicia-la-verificacion-previa-a-la-renovacion-automatica-de-las-licencias-audiovisuales\/#breadcrumb\",\"itemListElement\":[{\"@type\":\"ListItem\",\"position\":1,\"name\":\"Home\",\"item\":\"https:\/\/cdacv.es\/es\/\"},{\"@type\":\"ListItem\",\"position\":2,\"name\":\"El Consell de l\u2019Audiovisual de la Comunitat Valenciana inicia la verificaci\u00f3n previa a la renovaci\u00f3n autom\u00e1tica de las licencias audiovisuales\"}]},{\"@type\":\"WebSite\",\"@id\":\"https:\/\/cdacv.es\/#website\",\"url\":\"https:\/\/cdacv.es\/\",\"name\":\"Consell De L\u2019Audiovisual De La Comunitat Valenciana\",\"description\":\"\u00c9s l\u2019autoritat audiovisual independent encarregada de vetlar pel respecte dels drets, llibertats i valors constitucionals i estatutaris en l\u2019\u00e0mbit dels mitjans audiovisuals a la Comunitat Valenciana\",\"publisher\":{\"@id\":\"https:\/\/cdacv.es\/#organization\"},\"potentialAction\":[{\"@type\":\"SearchAction\",\"target\":{\"@type\":\"EntryPoint\",\"urlTemplate\":\"https:\/\/cdacv.es\/?s={search_term_string}\"},\"query-input\":\"required name=search_term_string\"}],\"inLanguage\":\"es\"},{\"@type\":\"Organization\",\"@id\":\"https:\/\/cdacv.es\/#organization\",\"name\":\"Consell De L\u2019Audiovisual De La Comunitat Valenciana\",\"url\":\"https:\/\/cdacv.es\/\",\"logo\":{\"@type\":\"ImageObject\",\"inLanguage\":\"es\",\"@id\":\"https:\/\/cdacv.es\/#\/schema\/logo\/image\/\",\"url\":\"https:\/\/cdacv.es\/wp-content\/uploads\/2023\/02\/fav.png\",\"contentUrl\":\"https:\/\/cdacv.es\/wp-content\/uploads\/2023\/02\/fav.png\",\"width\":300,\"height\":300,\"caption\":\"Consell De L\u2019Audiovisual De La Comunitat Valenciana\"},\"image\":{\"@id\":\"https:\/\/cdacv.es\/#\/schema\/logo\/image\/\"}},{\"@type\":\"Person\",\"@id\":\"https:\/\/cdacv.es\/#\/schema\/person\/2fe6d2110f66d6021bc485b6eb33b046\",\"name\":\"AdminNexora\",\"image\":{\"@type\":\"ImageObject\",\"inLanguage\":\"es\",\"@id\":\"https:\/\/cdacv.es\/#\/schema\/person\/image\/\",\"url\":\"https:\/\/secure.gravatar.com\/avatar\/1dc9274a96bed2cdf016317fc52f0df0b0b46b9297a4d6eec4cc4035611cf5b1?s=96&d=mm&r=g\",\"contentUrl\":\"https:\/\/secure.gravatar.com\/avatar\/1dc9274a96bed2cdf016317fc52f0df0b0b46b9297a4d6eec4cc4035611cf5b1?s=96&d=mm&r=g\",\"caption\":\"AdminNexora\"},\"url\":\"https:\/\/cdacv.es\/es\/author\/adminnexora\/\"}]}<\/script>\n<!-- \/ Yoast SEO plugin. -->","yoast_head_json":{"title":"El Consell de l\u2019Audiovisual de la Comunitat Valenciana inicia la verificaci\u00f3n previa a la renovaci\u00f3n autom\u00e1tica de las licencias audiovisuales - Consell De L\u2019Audiovisual De La Comunitat Valenciana","robots":{"index":"index","follow":"follow","max-snippet":"max-snippet:-1","max-image-preview":"max-image-preview:large","max-video-preview":"max-video-preview:-1"},"canonical":"https:\/\/cdacv.es\/es\/el-consell-de-laudiovisual-de-la-comunitat-valenciana-inicia-la-verificacion-previa-a-la-renovacion-automatica-de-las-licencias-audiovisuales\/","og_locale":"es_ES","og_type":"article","og_title":"El Consell de l\u2019Audiovisual de la Comunitat Valenciana inicia la verificaci\u00f3n previa a la renovaci\u00f3n autom\u00e1tica de las licencias audiovisuales - Consell De L\u2019Audiovisual De La Comunitat Valenciana","og_description":"El Consell de l\u2019Audiovisual de la Comunitat Valenciana (CACV) ha iniciado el proceso de verificaci\u00f3n previa a la renovaci\u00f3n autom\u00e1tica de las licencias de comunicaci\u00f3n audiovisual de radio y televisi\u00f3n...","og_url":"https:\/\/cdacv.es\/es\/el-consell-de-laudiovisual-de-la-comunitat-valenciana-inicia-la-verificacion-previa-a-la-renovacion-automatica-de-las-licencias-audiovisuales\/","og_site_name":"Consell De L\u2019Audiovisual De La Comunitat Valenciana","article_published_time":"2025-09-24T06:52:31+00:00","article_modified_time":"2025-09-30T08:16:47+00:00","og_image":[{"width":626,"height":417,"url":"https:\/\/cdacv.es\/wp-content\/uploads\/2025\/09\/Registro-de-prestadores.jpg","type":"image\/jpeg"}],"author":"AdminNexora","twitter_card":"summary_large_image","twitter_misc":{"Escrito por":"AdminNexora","Tiempo de lectura":"2 minutos"},"schema":{"@context":"https:\/\/schema.org","@graph":[{"@type":"Article","@id":"https:\/\/cdacv.es\/es\/el-consell-de-laudiovisual-de-la-comunitat-valenciana-inicia-la-verificacion-previa-a-la-renovacion-automatica-de-las-licencias-audiovisuales\/#article","isPartOf":{"@id":"https:\/\/cdacv.es\/es\/el-consell-de-laudiovisual-de-la-comunitat-valenciana-inicia-la-verificacion-previa-a-la-renovacion-automatica-de-las-licencias-audiovisuales\/"},"author":{"name":"AdminNexora","@id":"https:\/\/cdacv.es\/#\/schema\/person\/2fe6d2110f66d6021bc485b6eb33b046"},"headline":"El Consell de l\u2019Audiovisual de la Comunitat Valenciana inicia la verificaci\u00f3n previa a la renovaci\u00f3n autom\u00e1tica de las licencias audiovisuales","datePublished":"2025-09-24T06:52:31+00:00","dateModified":"2025-09-30T08:16:47+00:00","mainEntityOfPage":{"@id":"https:\/\/cdacv.es\/es\/el-consell-de-laudiovisual-de-la-comunitat-valenciana-inicia-la-verificacion-previa-a-la-renovacion-automatica-de-las-licencias-audiovisuales\/"},"wordCount":343,"publisher":{"@id":"https:\/\/cdacv.es\/#organization"},"articleSection":["Noticias"],"inLanguage":"es"},{"@type":"WebPage","@id":"https:\/\/cdacv.es\/es\/el-consell-de-laudiovisual-de-la-comunitat-valenciana-inicia-la-verificacion-previa-a-la-renovacion-automatica-de-las-licencias-audiovisuales\/","url":"https:\/\/cdacv.es\/es\/el-consell-de-laudiovisual-de-la-comunitat-valenciana-inicia-la-verificacion-previa-a-la-renovacion-automatica-de-las-licencias-audiovisuales\/","name":"El Consell de l\u2019Audiovisual de la Comunitat Valenciana inicia la verificaci\u00f3n previa a la renovaci\u00f3n autom\u00e1tica de las licencias audiovisuales - Consell De L\u2019Audiovisual De La Comunitat Valenciana","isPartOf":{"@id":"https:\/\/cdacv.es\/#website"},"datePublished":"2025-09-24T06:52:31+00:00","dateModified":"2025-09-30T08:16:47+00:00","breadcrumb":{"@id":"https:\/\/cdacv.es\/es\/el-consell-de-laudiovisual-de-la-comunitat-valenciana-inicia-la-verificacion-previa-a-la-renovacion-automatica-de-las-licencias-audiovisuales\/#breadcrumb"},"inLanguage":"es","potentialAction":[{"@type":"ReadAction","target":["https:\/\/cdacv.es\/es\/el-consell-de-laudiovisual-de-la-comunitat-valenciana-inicia-la-verificacion-previa-a-la-renovacion-automatica-de-las-licencias-audiovisuales\/"]}]},{"@type":"BreadcrumbList","@id":"https:\/\/cdacv.es\/es\/el-consell-de-laudiovisual-de-la-comunitat-valenciana-inicia-la-verificacion-previa-a-la-renovacion-automatica-de-las-licencias-audiovisuales\/#breadcrumb","itemListElement":[{"@type":"ListItem","position":1,"name":"Home","item":"https:\/\/cdacv.es\/es\/"},{"@type":"ListItem","position":2,"name":"El Consell de l\u2019Audiovisual de la Comunitat Valenciana inicia la verificaci\u00f3n previa a la renovaci\u00f3n autom\u00e1tica de las licencias audiovisuales"}]},{"@type":"WebSite","@id":"https:\/\/cdacv.es\/#website","url":"https:\/\/cdacv.es\/","name":"Consell De L\u2019Audiovisual De La Comunitat Valenciana","description":"\u00c9s l\u2019autoritat audiovisual independent encarregada de vetlar pel respecte dels drets, llibertats i valors constitucionals i estatutaris en l\u2019\u00e0mbit dels mitjans audiovisuals a la Comunitat Valenciana","publisher":{"@id":"https:\/\/cdacv.es\/#organization"},"potentialAction":[{"@type":"SearchAction","target":{"@type":"EntryPoint","urlTemplate":"https:\/\/cdacv.es\/?s={search_term_string}"},"query-input":"required name=search_term_string"}],"inLanguage":"es"},{"@type":"Organization","@id":"https:\/\/cdacv.es\/#organization","name":"Consell De L\u2019Audiovisual De La Comunitat Valenciana","url":"https:\/\/cdacv.es\/","logo":{"@type":"ImageObject","inLanguage":"es","@id":"https:\/\/cdacv.es\/#\/schema\/logo\/image\/","url":"https:\/\/cdacv.es\/wp-content\/uploads\/2023\/02\/fav.png","contentUrl":"https:\/\/cdacv.es\/wp-content\/uploads\/2023\/02\/fav.png","width":300,"height":300,"caption":"Consell De L\u2019Audiovisual De La Comunitat Valenciana"},"image":{"@id":"https:\/\/cdacv.es\/#\/schema\/logo\/image\/"}},{"@type":"Person","@id":"https:\/\/cdacv.es\/#\/schema\/person\/2fe6d2110f66d6021bc485b6eb33b046","name":"AdminNexora","image":{"@type":"ImageObject","inLanguage":"es","@id":"https:\/\/cdacv.es\/#\/schema\/person\/image\/","url":"https:\/\/secure.gravatar.com\/avatar\/1dc9274a96bed2cdf016317fc52f0df0b0b46b9297a4d6eec4cc4035611cf5b1?s=96&d=mm&r=g","contentUrl":"https:\/\/secure.gravatar.com\/avatar\/1dc9274a96bed2cdf016317fc52f0df0b0b46b9297a4d6eec4cc4035611cf5b1?s=96&d=mm&r=g","caption":"AdminNexora"},"url":"https:\/\/cdacv.es\/es\/author\/adminnexora\/"}]}},"_links":{"self":[{"href":"https:\/\/cdacv.es\/es\/wp-json\/wp\/v2\/posts\/3965","targetHints":{"allow":["GET"]}}],"collection":[{"href":"https:\/\/cdacv.es\/es\/wp-json\/wp\/v2\/posts"}],"about":[{"href":"https:\/\/cdacv.es\/es\/wp-json\/wp\/v2\/types\/post"}],"author":[{"embeddable":true,"href":"https:\/\/cdacv.es\/es\/wp-json\/wp\/v2\/users\/1"}],"replies":[{"embeddable":true,"href":"https:\/\/cdacv.es\/es\/wp-json\/wp\/v2\/comments?post=3965"}],"version-history":[{"count":2,"href":"https:\/\/cdacv.es\/es\/wp-json\/wp\/v2\/posts\/3965\/revisions"}],"predecessor-version":[{"id":3999,"href":"https:\/\/cdacv.es\/es\/wp-json\/wp\/v2\/posts\/3965\/revisions\/3999"}],"wp:featuredmedia":[{"embeddable":true,"href":"https:\/\/cdacv.es\/es\/wp-json\/wp\/v2\/media\/3966"}],"wp:attachment":[{"href":"https:\/\/cdacv.es\/es\/wp-json\/wp\/v2\/media?parent=3965"}],"wp:term":[{"taxonomy":"category","embeddable":true,"href":"https:\/\/cdacv.es\/es\/wp-json\/wp\/v2\/categories?post=3965"},{"taxonomy":"post_tag","embeddable":true,"href":"https:\/\/cdacv.es\/es\/wp-json\/wp\/v2\/tags?post=3965"}],"curies":[{"name":"wp","href":"https:\/\/api.w.org\/{rel}","templated":true}]}}