{"id":3898,"date":"2025-08-01T09:00:30","date_gmt":"2025-08-01T07:00:30","guid":{"rendered":"https:\/\/cdacv.es\/?p=3898"},"modified":"2025-08-01T09:00:30","modified_gmt":"2025-08-01T07:00:30","slug":"el-cacv-remite-a-la-cnmc-una-queja-contra-netflix-por-el-documental-sobre-vinicius-jr-baila-vini","status":"publish","type":"post","link":"https:\/\/cdacv.es\/es\/el-cacv-remite-a-la-cnmc-una-queja-contra-netflix-por-el-documental-sobre-vinicius-jr-baila-vini\/","title":{"rendered":"El CACV remite a la CNMC una queja contra Netflix por el documental sobre Vinicius JR \u201cBaila, Vini\u201d"},"content":{"rendered":"<p>El <strong>Consell de l\u2019Audiovisual de la Comunidad Valenciana<\/strong>, CACV, ha acordado remitir a la Comisi\u00f3n Nacional de Mercados y de la Competencia, CNMC, una queja recibida contra la plataforma Netflix por el documental \u201cBaila, Vini\u201d sobre el jugador de f\u00fatbol Vinicius Jr. El regulador valenciano, tras estudiar la reclamaci\u00f3n, <strong>ha emitido un informe en el que determina la posible falta de veracidad de la informaci\u00f3n proporcionada en el documental, en relaci\u00f3n con el \u00e1mbito de discursos de odio<\/strong>. El CACV solicita al regulador estatal \u2013CNMC- que proceda a iniciar el pertinente expediente de investigaci\u00f3n frente a Netflix y, en su caso, le requiera la rectificaci\u00f3n del v\u00eddeo denunciado as\u00ed como que traslade la denuncia a la European Regulators Group for Audiovisual Media Services- ERGA y al regulador audiovisual de Paises Bajos, Commissariaat voor de Media (CVDM).<\/p>\n<p>El CACV adopt\u00f3 el acuerdo en su sesi\u00f3n plenaria de julio de 2025. El regulador valenciano cuenta entre sus funciones velar y garantizar la igualdad de trato hacia las minor\u00edas en los medios audiovisuales y su preocupaci\u00f3n por las cuestiones relacionadas con los discursos de odio en la difusi\u00f3n de contenidos es patente. Prueba de ello es el informe <a href=\"https:\/\/cdacv.es\/wp-content\/uploads\/2024\/11\/Delictes-dodi.pdf\" target=\"_blank\" rel=\"noopener\"><strong>\u201cDiscursos de odio: libertad de expresi\u00f3n, redes sociales y esfera p\u00fablica <\/strong><\/a>elaborado y publicado por esta instituci\u00f3n en 2023, as\u00ed como las <a href=\"https:\/\/cdacv.es\/wp-content\/uploads\/2024\/11\/RECOMENDACIONES-CASTELLA.pdf\" target=\"_blank\" rel=\"noopener\">recomendaciones emanadas de dicho documento<\/a>.<\/p>\n<p>Siguiendo este informe y sus recomendaciones, el CACV remarca la importancia de la responsabilidad de los creadores de contenidos y medios de comunicaci\u00f3n as\u00ed como la necesidad de trabajar para que los discursos de odio no generen una imagen distorsionada de la realidad. En este caso, <strong>el CACV incide en que \u201cse trata de un documental, no de una obra de ficci\u00f3n y, por tanto, est\u00e1 sujeto al deber de veracidad y a la obligaci\u00f3n de ajustarse a los hechos reales\u201d<\/strong>.<\/p>\n<p>En su informe sobre la producci\u00f3n de Netflix, el CACV se\u00f1ala que <strong>\u201clo grave de este documental y, en concreto de la escena se\u00f1alada, es que con la aparente manipulaci\u00f3n de un audio y un subtitulado intencionado se intenta proyectar y atribuir una conducta de odio racista sobre el resto de los 45.000 asistentes al encuentro, falseando una realidad e, indirectamente, acusando a decenas de miles de personas de un comportamiento de odio racista\u201d.<\/strong> Adem\u00e1s, a\u00f1ade que \u201cresulta especialmente grave que no se respete o, en su caso, no se contraste la veracidad sobre estos contenidos y, lo que puede ser peor, que se falsee la realidad en aras a una intenci\u00f3n discursiva.\u201d<\/p>\n<p>El reclamante solicit\u00f3 la intervenci\u00f3n del CACV por la \u201ctergiversaci\u00f3n deliberada de hechos\u201d durante la emisi\u00f3n del citado documental. En concreto en relaci\u00f3n al momento en que en la producci\u00f3n audiovisual se atribu\u00eda a la afici\u00f3n valencianista gritar \u201cmono, mono\u201d al jugador, en lugar de \u201ctonto, tonto\u201d que era, a juzgar por otros documentos audiovisuales del momento, \u00a0el c\u00e1ntico mayoritario durante el partido de f\u00fatbol.<\/p>\n<p>El CACV es el \u00f3rgano estatutario independiente y regulador encargado de velar por el respeto de los derechos, libertades y valores constitucionales y estatutarios en el \u00e1mbito de los medios audiovisuales en la Comunidad Valenciana y por el cumplimiento de la normativa vigente en materia audiovisual y de publicidad, de acuerdo con los principios de actuaci\u00f3n y funciones que le atribuyen el Estatuto de autonom\u00eda y la ley 10\/2028, de 18 de mayo, de creaci\u00f3n del CACV.<\/p>\n<p>La Comisi\u00f3n sobre el car\u00e1cter formativo de los Medios de Comunicaci\u00f3n y Derechos de la Ciudadan\u00eda del CACV ha sido la receptora de la queja y la tramitadora del expediente.<a href=\"#_ftnref1\" name=\"_ftn1\"><\/a><\/p>\n","protected":false},"excerpt":{"rendered":"<p>El Consell de l\u2019Audiovisual de la Comunidad Valenciana, CACV, ha acordado remitir a la Comisi\u00f3n Nacional de Mercados y de la Competencia, CNMC, una queja recibida contra la plataforma Netflix&#8230;<\/p>\n","protected":false},"author":1,"featured_media":3899,"comment_status":"closed","ping_status":"open","sticky":false,"template":"","format":"standard","meta":{"footnotes":""},"categories":[15],"tags":[],"class_list":["post-3898","post","type-post","status-publish","format-standard","has-post-thumbnail","category-noticias"],"yoast_head":"<!-- This site is optimized with the Yoast SEO plugin v20.1 - https:\/\/yoast.com\/wordpress\/plugins\/seo\/ -->\n<title>El CACV remite a la CNMC una queja contra Netflix por el documental Baila, Vini<\/title>\n<meta name=\"description\" content=\"ha emitido un informe en el que determina la posible falta de veracidad de la informaci\u00f3n proporcionada en el documental, en relaci\u00f3n con el \u00e1mbito de discursos de odio\" \/>\n<meta name=\"robots\" content=\"index, follow, max-snippet:-1, max-image-preview:large, max-video-preview:-1\" \/>\n<link rel=\"canonical\" href=\"https:\/\/cdacv.es\/es\/el-cacv-remite-a-la-cnmc-una-queja-contra-netflix-por-el-documental-sobre-vinicius-jr-baila-vini\/\" \/>\n<meta property=\"og:locale\" content=\"es_ES\" \/>\n<meta property=\"og:type\" content=\"article\" \/>\n<meta property=\"og:title\" content=\"El CACV remite a la CNMC una queja contra Netflix por el documental Baila, Vini\" \/>\n<meta property=\"og:description\" content=\"ha emitido un informe en el que determina la posible falta de veracidad de la informaci\u00f3n proporcionada en el documental, en relaci\u00f3n con el \u00e1mbito de discursos de odio\" \/>\n<meta property=\"og:url\" content=\"https:\/\/cdacv.es\/es\/el-cacv-remite-a-la-cnmc-una-queja-contra-netflix-por-el-documental-sobre-vinicius-jr-baila-vini\/\" \/>\n<meta property=\"og:site_name\" content=\"Consell De L\u2019Audiovisual De La Comunitat Valenciana\" \/>\n<meta property=\"article:published_time\" content=\"2025-08-01T07:00:30+00:00\" \/>\n<meta property=\"og:image\" content=\"https:\/\/cdacv.es\/wp-content\/uploads\/2025\/08\/Baila-Vini.webp\" \/>\n\t<meta property=\"og:image:width\" content=\"1200\" \/>\n\t<meta property=\"og:image:height\" content=\"675\" \/>\n\t<meta property=\"og:image:type\" content=\"image\/webp\" \/>\n<meta name=\"author\" content=\"AdminNexora\" \/>\n<meta name=\"twitter:card\" content=\"summary_large_image\" \/>\n<meta name=\"twitter:label1\" content=\"Escrito por\" \/>\n\t<meta name=\"twitter:data1\" content=\"AdminNexora\" \/>\n\t<meta name=\"twitter:label2\" content=\"Tiempo de lectura\" \/>\n\t<meta name=\"twitter:data2\" content=\"3 minutos\" \/>\n<script type=\"application\/ld+json\" class=\"yoast-schema-graph\">{\"@context\":\"https:\/\/schema.org\",\"@graph\":[{\"@type\":\"Article\",\"@id\":\"https:\/\/cdacv.es\/es\/el-cacv-remite-a-la-cnmc-una-queja-contra-netflix-por-el-documental-sobre-vinicius-jr-baila-vini\/#article\",\"isPartOf\":{\"@id\":\"https:\/\/cdacv.es\/es\/el-cacv-remite-a-la-cnmc-una-queja-contra-netflix-por-el-documental-sobre-vinicius-jr-baila-vini\/\"},\"author\":{\"name\":\"AdminNexora\",\"@id\":\"https:\/\/cdacv.es\/#\/schema\/person\/2fe6d2110f66d6021bc485b6eb33b046\"},\"headline\":\"El CACV remite a la CNMC una queja contra Netflix por el documental sobre Vinicius JR \u201cBaila, Vini\u201d\",\"datePublished\":\"2025-08-01T07:00:30+00:00\",\"dateModified\":\"2025-08-01T07:00:30+00:00\",\"mainEntityOfPage\":{\"@id\":\"https:\/\/cdacv.es\/es\/el-cacv-remite-a-la-cnmc-una-queja-contra-netflix-por-el-documental-sobre-vinicius-jr-baila-vini\/\"},\"wordCount\":643,\"publisher\":{\"@id\":\"https:\/\/cdacv.es\/#organization\"},\"articleSection\":[\"Noticias\"],\"inLanguage\":\"es\"},{\"@type\":\"WebPage\",\"@id\":\"https:\/\/cdacv.es\/es\/el-cacv-remite-a-la-cnmc-una-queja-contra-netflix-por-el-documental-sobre-vinicius-jr-baila-vini\/\",\"url\":\"https:\/\/cdacv.es\/es\/el-cacv-remite-a-la-cnmc-una-queja-contra-netflix-por-el-documental-sobre-vinicius-jr-baila-vini\/\",\"name\":\"El CACV remite a la CNMC una queja contra Netflix por el documental Baila, Vini\",\"isPartOf\":{\"@id\":\"https:\/\/cdacv.es\/#website\"},\"datePublished\":\"2025-08-01T07:00:30+00:00\",\"dateModified\":\"2025-08-01T07:00:30+00:00\",\"description\":\"ha emitido un informe en el que determina la posible falta de veracidad de la informaci\u00f3n proporcionada en el documental, en relaci\u00f3n con el \u00e1mbito de discursos de odio\",\"breadcrumb\":{\"@id\":\"https:\/\/cdacv.es\/es\/el-cacv-remite-a-la-cnmc-una-queja-contra-netflix-por-el-documental-sobre-vinicius-jr-baila-vini\/#breadcrumb\"},\"inLanguage\":\"es\",\"potentialAction\":[{\"@type\":\"ReadAction\",\"target\":[\"https:\/\/cdacv.es\/es\/el-cacv-remite-a-la-cnmc-una-queja-contra-netflix-por-el-documental-sobre-vinicius-jr-baila-vini\/\"]}]},{\"@type\":\"BreadcrumbList\",\"@id\":\"https:\/\/cdacv.es\/es\/el-cacv-remite-a-la-cnmc-una-queja-contra-netflix-por-el-documental-sobre-vinicius-jr-baila-vini\/#breadcrumb\",\"itemListElement\":[{\"@type\":\"ListItem\",\"position\":1,\"name\":\"Home\",\"item\":\"https:\/\/cdacv.es\/es\/\"},{\"@type\":\"ListItem\",\"position\":2,\"name\":\"El CACV remite a la CNMC una queja contra Netflix por el documental sobre Vinicius JR \u201cBaila, Vini\u201d\"}]},{\"@type\":\"WebSite\",\"@id\":\"https:\/\/cdacv.es\/#website\",\"url\":\"https:\/\/cdacv.es\/\",\"name\":\"Consell De L\u2019Audiovisual De La Comunitat Valenciana\",\"description\":\"\u00c9s l\u2019autoritat audiovisual independent encarregada de vetlar pel respecte dels drets, llibertats i valors constitucionals i estatutaris en l\u2019\u00e0mbit dels mitjans audiovisuals a la Comunitat Valenciana\",\"publisher\":{\"@id\":\"https:\/\/cdacv.es\/#organization\"},\"potentialAction\":[{\"@type\":\"SearchAction\",\"target\":{\"@type\":\"EntryPoint\",\"urlTemplate\":\"https:\/\/cdacv.es\/?s={search_term_string}\"},\"query-input\":\"required name=search_term_string\"}],\"inLanguage\":\"es\"},{\"@type\":\"Organization\",\"@id\":\"https:\/\/cdacv.es\/#organization\",\"name\":\"Consell De L\u2019Audiovisual De La Comunitat Valenciana\",\"url\":\"https:\/\/cdacv.es\/\",\"logo\":{\"@type\":\"ImageObject\",\"inLanguage\":\"es\",\"@id\":\"https:\/\/cdacv.es\/#\/schema\/logo\/image\/\",\"url\":\"https:\/\/cdacv.es\/wp-content\/uploads\/2023\/02\/fav.png\",\"contentUrl\":\"https:\/\/cdacv.es\/wp-content\/uploads\/2023\/02\/fav.png\",\"width\":300,\"height\":300,\"caption\":\"Consell De L\u2019Audiovisual De La Comunitat Valenciana\"},\"image\":{\"@id\":\"https:\/\/cdacv.es\/#\/schema\/logo\/image\/\"}},{\"@type\":\"Person\",\"@id\":\"https:\/\/cdacv.es\/#\/schema\/person\/2fe6d2110f66d6021bc485b6eb33b046\",\"name\":\"AdminNexora\",\"image\":{\"@type\":\"ImageObject\",\"inLanguage\":\"es\",\"@id\":\"https:\/\/cdacv.es\/#\/schema\/person\/image\/\",\"url\":\"https:\/\/secure.gravatar.com\/avatar\/1dc9274a96bed2cdf016317fc52f0df0b0b46b9297a4d6eec4cc4035611cf5b1?s=96&d=mm&r=g\",\"contentUrl\":\"https:\/\/secure.gravatar.com\/avatar\/1dc9274a96bed2cdf016317fc52f0df0b0b46b9297a4d6eec4cc4035611cf5b1?s=96&d=mm&r=g\",\"caption\":\"AdminNexora\"},\"url\":\"https:\/\/cdacv.es\/es\/author\/adminnexora\/\"}]}<\/script>\n<!-- \/ Yoast SEO plugin. -->","yoast_head_json":{"title":"El CACV remite a la CNMC una queja contra Netflix por el documental Baila, Vini","description":"ha emitido un informe en el que determina la posible falta de veracidad de la informaci\u00f3n proporcionada en el documental, en relaci\u00f3n con el \u00e1mbito de discursos de odio","robots":{"index":"index","follow":"follow","max-snippet":"max-snippet:-1","max-image-preview":"max-image-preview:large","max-video-preview":"max-video-preview:-1"},"canonical":"https:\/\/cdacv.es\/es\/el-cacv-remite-a-la-cnmc-una-queja-contra-netflix-por-el-documental-sobre-vinicius-jr-baila-vini\/","og_locale":"es_ES","og_type":"article","og_title":"El CACV remite a la CNMC una queja contra Netflix por el documental Baila, Vini","og_description":"ha emitido un informe en el que determina la posible falta de veracidad de la informaci\u00f3n proporcionada en el documental, en relaci\u00f3n con el \u00e1mbito de discursos de odio","og_url":"https:\/\/cdacv.es\/es\/el-cacv-remite-a-la-cnmc-una-queja-contra-netflix-por-el-documental-sobre-vinicius-jr-baila-vini\/","og_site_name":"Consell De L\u2019Audiovisual De La Comunitat Valenciana","article_published_time":"2025-08-01T07:00:30+00:00","og_image":[{"width":1200,"height":675,"url":"https:\/\/cdacv.es\/wp-content\/uploads\/2025\/08\/Baila-Vini.webp","type":"image\/webp"}],"author":"AdminNexora","twitter_card":"summary_large_image","twitter_misc":{"Escrito por":"AdminNexora","Tiempo de lectura":"3 minutos"},"schema":{"@context":"https:\/\/schema.org","@graph":[{"@type":"Article","@id":"https:\/\/cdacv.es\/es\/el-cacv-remite-a-la-cnmc-una-queja-contra-netflix-por-el-documental-sobre-vinicius-jr-baila-vini\/#article","isPartOf":{"@id":"https:\/\/cdacv.es\/es\/el-cacv-remite-a-la-cnmc-una-queja-contra-netflix-por-el-documental-sobre-vinicius-jr-baila-vini\/"},"author":{"name":"AdminNexora","@id":"https:\/\/cdacv.es\/#\/schema\/person\/2fe6d2110f66d6021bc485b6eb33b046"},"headline":"El CACV remite a la CNMC una queja contra Netflix por el documental sobre Vinicius JR \u201cBaila, Vini\u201d","datePublished":"2025-08-01T07:00:30+00:00","dateModified":"2025-08-01T07:00:30+00:00","mainEntityOfPage":{"@id":"https:\/\/cdacv.es\/es\/el-cacv-remite-a-la-cnmc-una-queja-contra-netflix-por-el-documental-sobre-vinicius-jr-baila-vini\/"},"wordCount":643,"publisher":{"@id":"https:\/\/cdacv.es\/#organization"},"articleSection":["Noticias"],"inLanguage":"es"},{"@type":"WebPage","@id":"https:\/\/cdacv.es\/es\/el-cacv-remite-a-la-cnmc-una-queja-contra-netflix-por-el-documental-sobre-vinicius-jr-baila-vini\/","url":"https:\/\/cdacv.es\/es\/el-cacv-remite-a-la-cnmc-una-queja-contra-netflix-por-el-documental-sobre-vinicius-jr-baila-vini\/","name":"El CACV remite a la CNMC una queja contra Netflix por el documental Baila, Vini","isPartOf":{"@id":"https:\/\/cdacv.es\/#website"},"datePublished":"2025-08-01T07:00:30+00:00","dateModified":"2025-08-01T07:00:30+00:00","description":"ha emitido un informe en el que determina la posible falta de veracidad de la informaci\u00f3n proporcionada en el documental, en relaci\u00f3n con el \u00e1mbito de discursos de odio","breadcrumb":{"@id":"https:\/\/cdacv.es\/es\/el-cacv-remite-a-la-cnmc-una-queja-contra-netflix-por-el-documental-sobre-vinicius-jr-baila-vini\/#breadcrumb"},"inLanguage":"es","potentialAction":[{"@type":"ReadAction","target":["https:\/\/cdacv.es\/es\/el-cacv-remite-a-la-cnmc-una-queja-contra-netflix-por-el-documental-sobre-vinicius-jr-baila-vini\/"]}]},{"@type":"BreadcrumbList","@id":"https:\/\/cdacv.es\/es\/el-cacv-remite-a-la-cnmc-una-queja-contra-netflix-por-el-documental-sobre-vinicius-jr-baila-vini\/#breadcrumb","itemListElement":[{"@type":"ListItem","position":1,"name":"Home","item":"https:\/\/cdacv.es\/es\/"},{"@type":"ListItem","position":2,"name":"El CACV remite a la CNMC una queja contra Netflix por el documental sobre Vinicius JR \u201cBaila, Vini\u201d"}]},{"@type":"WebSite","@id":"https:\/\/cdacv.es\/#website","url":"https:\/\/cdacv.es\/","name":"Consell De L\u2019Audiovisual De La Comunitat Valenciana","description":"\u00c9s l\u2019autoritat audiovisual independent encarregada de vetlar pel respecte dels drets, llibertats i valors constitucionals i estatutaris en l\u2019\u00e0mbit dels mitjans audiovisuals a la Comunitat Valenciana","publisher":{"@id":"https:\/\/cdacv.es\/#organization"},"potentialAction":[{"@type":"SearchAction","target":{"@type":"EntryPoint","urlTemplate":"https:\/\/cdacv.es\/?s={search_term_string}"},"query-input":"required name=search_term_string"}],"inLanguage":"es"},{"@type":"Organization","@id":"https:\/\/cdacv.es\/#organization","name":"Consell De L\u2019Audiovisual De La Comunitat Valenciana","url":"https:\/\/cdacv.es\/","logo":{"@type":"ImageObject","inLanguage":"es","@id":"https:\/\/cdacv.es\/#\/schema\/logo\/image\/","url":"https:\/\/cdacv.es\/wp-content\/uploads\/2023\/02\/fav.png","contentUrl":"https:\/\/cdacv.es\/wp-content\/uploads\/2023\/02\/fav.png","width":300,"height":300,"caption":"Consell De L\u2019Audiovisual De La Comunitat Valenciana"},"image":{"@id":"https:\/\/cdacv.es\/#\/schema\/logo\/image\/"}},{"@type":"Person","@id":"https:\/\/cdacv.es\/#\/schema\/person\/2fe6d2110f66d6021bc485b6eb33b046","name":"AdminNexora","image":{"@type":"ImageObject","inLanguage":"es","@id":"https:\/\/cdacv.es\/#\/schema\/person\/image\/","url":"https:\/\/secure.gravatar.com\/avatar\/1dc9274a96bed2cdf016317fc52f0df0b0b46b9297a4d6eec4cc4035611cf5b1?s=96&d=mm&r=g","contentUrl":"https:\/\/secure.gravatar.com\/avatar\/1dc9274a96bed2cdf016317fc52f0df0b0b46b9297a4d6eec4cc4035611cf5b1?s=96&d=mm&r=g","caption":"AdminNexora"},"url":"https:\/\/cdacv.es\/es\/author\/adminnexora\/"}]}},"_links":{"self":[{"href":"https:\/\/cdacv.es\/es\/wp-json\/wp\/v2\/posts\/3898","targetHints":{"allow":["GET"]}}],"collection":[{"href":"https:\/\/cdacv.es\/es\/wp-json\/wp\/v2\/posts"}],"about":[{"href":"https:\/\/cdacv.es\/es\/wp-json\/wp\/v2\/types\/post"}],"author":[{"embeddable":true,"href":"https:\/\/cdacv.es\/es\/wp-json\/wp\/v2\/users\/1"}],"replies":[{"embeddable":true,"href":"https:\/\/cdacv.es\/es\/wp-json\/wp\/v2\/comments?post=3898"}],"version-history":[{"count":1,"href":"https:\/\/cdacv.es\/es\/wp-json\/wp\/v2\/posts\/3898\/revisions"}],"predecessor-version":[{"id":3901,"href":"https:\/\/cdacv.es\/es\/wp-json\/wp\/v2\/posts\/3898\/revisions\/3901"}],"wp:featuredmedia":[{"embeddable":true,"href":"https:\/\/cdacv.es\/es\/wp-json\/wp\/v2\/media\/3899"}],"wp:attachment":[{"href":"https:\/\/cdacv.es\/es\/wp-json\/wp\/v2\/media?parent=3898"}],"wp:term":[{"taxonomy":"category","embeddable":true,"href":"https:\/\/cdacv.es\/es\/wp-json\/wp\/v2\/categories?post=3898"},{"taxonomy":"post_tag","embeddable":true,"href":"https:\/\/cdacv.es\/es\/wp-json\/wp\/v2\/tags?post=3898"}],"curies":[{"name":"wp","href":"https:\/\/api.w.org\/{rel}","templated":true}]}}