{"id":3381,"date":"2025-05-13T04:20:47","date_gmt":"2025-05-13T04:20:47","guid":{"rendered":"https:\/\/cdacv.es\/?p=3381"},"modified":"2025-05-14T08:48:46","modified_gmt":"2025-05-14T08:48:46","slug":"catedra-audiovisual-cacv-webinar-alfabetizacion-mediatica","status":"publish","type":"post","link":"https:\/\/cdacv.es\/es\/catedra-audiovisual-cacv-webinar-alfabetizacion-mediatica\/","title":{"rendered":"La UJI organiza en el seno de la C\u00e1tedra de An\u00e1lisis y Prospectiva del Audiovisual, del CACV y la UJI, un webinar con Joan Ferr\u00e9s para impulsar la alfabetitzaci\u00f3n medi\u00e1tica en Espa\u00f1a"},"content":{"rendered":"<p class=\"p1\">La Universitat Jaume I, en el seno de la C\u00e1tedra de An\u00e1lisis y Prospectiva del Audiovisual, celebrar\u00e1 el pr\u00f3ximo <span class=\"s1\"><b>lunes 12 de mayo, de 16:00 a 17:30 horas<\/b><\/span>, el webinar titulado <span class=\"s1\"><b>\u201cPropuestas para Impulsar la Alfabetizaci\u00f3n Medi\u00e1tica en Espa\u00f1a\u201d<\/b><\/span>, un encuentro virtual que contar\u00e1 con la participaci\u00f3n destacada de <span class=\"s1\"><b>Joan Ferr\u00e9s Prats<\/b><\/span>, profesor titular de Comunicaci\u00f3n Audiovisual y Publicidad en la <i>Universitat Pompeu Fabra (UPF)<\/i>.<\/p>\n<p class=\"p1\">La sesi\u00f3n, que se desarrollar\u00e1 a trav\u00e9s del enlace <a href=\"https:\/\/meet.google.com\/trq-wzmf-zoc\">https:\/\/meet.google.com\/trq-wzmf-zoc<\/a>, est\u00e1 dirigida a un p\u00fablico especializado: miembros del Grupo de Trabajo sobre Alfabetizaci\u00f3n Medi\u00e1tica de la CNMC, participantes del Foro contra la Desinformaci\u00f3n del Departamento de Seguridad Nacional, investigadores del proyecto AMI-EDUCOM y del grupo ITACA-UJI, as\u00ed como estudiantes de doctorado y otros invitados interesados en la tem\u00e1tica. La documentaci\u00f3n de apoyo se encuentra disponible <a href=\"https:\/\/drive.google.com\/drive\/folders\/1Cdu_QZxv6rv8EcSUgzqZh860IUCzaiYP?usp=sharing\">aqu\u00ed<\/a>.<\/p>\n<p class=\"p1\">El encuentro ser\u00e1 moderado por <span class=\"s1\"><b>Javier Marzal Felici<\/b><\/span>, director de la C\u00e1tedra APA CACV-UJI; <span class=\"s1\"><b>Roberto Arnau Rosell\u00f3<\/b><\/span>, profesor titular de Comunicaci\u00f3n Audiovisual y Publicidad en la UJI; y <span class=\"s1\"><b>Teresa Sorolla Romero<\/b><\/span>, directora de la C\u00e1tedra RTVE-UJI.<\/p>\n<p class=\"p1\">En un contexto cada vez m\u00e1s marcado por la desinformaci\u00f3n, los discursos de odio y la proliferaci\u00f3n de bulos, la alfabetizaci\u00f3n medi\u00e1tica se presenta como una herramienta esencial para fortalecer la democracia y la cohesi\u00f3n social. Este webinar tiene como objetivo reflexionar y debatir sobre el alcance real del concepto de <i>alfabetizaci\u00f3n medi\u00e1tica<\/i>, diferenci\u00e1ndolo de otros como la <i>alfabetizaci\u00f3n digital<\/i>, y proponer estrategias efectivas que puedan aplicarse en los \u00e1mbitos educativo, comunicativo, social y cultural.<\/p>\n<p class=\"p1\">Con un enfoque din\u00e1mico e interactivo, la sesi\u00f3n fomentar\u00e1 el intercambio de ideas entre especialistas y asistentes, buscando generar propuestas concretas que contribuyan a mejorar la formaci\u00f3n cr\u00edtica de la ciudadan\u00eda frente a los retos del ecosistema medi\u00e1tico actual.<\/p>\n<p><strong>Directores del webinar<\/strong><\/p>\n<p>\u2013Javier Marzal Felici. Catedr\u00e1tico de Comunicaci\u00f3n Audiovisual y Publicidad. Universitat Jaume I. Director de la C\u00e1tedra APA CACV-UJI<\/p>\n<p>\u2013Roberto Arnau Rosell\u00f3. Profesor Titular de Comunicaci\u00f3n Audiovisual y Publicidad. Universitat Jaume I<\/p>\n<p>\u2013Teresa Sorolla Romero. Profesora Titular de Comunicaci\u00f3n Audiovisual y Publicidad. Universitat Jaume I. Directora de la C\u00e1tedra RTVE-UJI<\/p>\n","protected":false},"excerpt":{"rendered":"<p>La Universitat Jaume I, en el seno de la C\u00e1tedra de An\u00e1lisis y Prospectiva del Audiovisual, celebrar\u00e1 el pr\u00f3ximo lunes 12 de mayo, de 16:00 a 17:30 horas, el webinar&#8230;<\/p>\n","protected":false},"author":1,"featured_media":3382,"comment_status":"closed","ping_status":"open","sticky":false,"template":"","format":"standard","meta":{"footnotes":""},"categories":[15],"tags":[],"class_list":["post-3381","post","type-post","status-publish","format-standard","has-post-thumbnail","category-noticias"],"yoast_head":"<!-- This site is optimized with the Yoast SEO plugin v20.1 - https:\/\/yoast.com\/wordpress\/plugins\/seo\/ -->\n<title>El CACV organiza un webinar sobre alfabetizaci\u00f3n medi\u00e1tica<\/title>\n<meta name=\"description\" content=\"La C\u00e1tedra de An\u00e1lisis y Prospectiva del Audiovisual del (CACV) celebra en la UJI un webinar titulado \u201cPropuestas para Impulsar la Alfabetizaci\u00f3n Medi\u00e1tica en Espa\u00f1a\u201d\" \/>\n<meta name=\"robots\" content=\"index, follow, max-snippet:-1, max-image-preview:large, max-video-preview:-1\" \/>\n<link rel=\"canonical\" href=\"https:\/\/cdacv.es\/es\/catedra-audiovisual-cacv-webinar-alfabetizacion-mediatica\/\" \/>\n<meta property=\"og:locale\" content=\"es_ES\" \/>\n<meta property=\"og:type\" content=\"article\" \/>\n<meta property=\"og:title\" content=\"El CACV organiza un webinar sobre alfabetizaci\u00f3n medi\u00e1tica\" \/>\n<meta property=\"og:description\" content=\"La C\u00e1tedra de An\u00e1lisis y Prospectiva del Audiovisual del (CACV) celebra en la UJI un webinar titulado \u201cPropuestas para Impulsar la Alfabetizaci\u00f3n Medi\u00e1tica en Espa\u00f1a\u201d\" \/>\n<meta property=\"og:url\" content=\"https:\/\/cdacv.es\/es\/catedra-audiovisual-cacv-webinar-alfabetizacion-mediatica\/\" \/>\n<meta property=\"og:site_name\" content=\"Consell De L\u2019Audiovisual De La Comunitat Valenciana\" \/>\n<meta property=\"article:published_time\" content=\"2025-05-13T04:20:47+00:00\" \/>\n<meta property=\"article:modified_time\" content=\"2025-05-14T08:48:46+00:00\" \/>\n<meta property=\"og:image\" content=\"https:\/\/cdacv.es\/wp-content\/uploads\/2025\/05\/Alfabetizacion-mediatica.jpg\" \/>\n\t<meta property=\"og:image:width\" content=\"768\" \/>\n\t<meta property=\"og:image:height\" content=\"426\" \/>\n\t<meta property=\"og:image:type\" content=\"image\/jpeg\" \/>\n<meta name=\"author\" content=\"AdminNexora\" \/>\n<meta name=\"twitter:card\" content=\"summary_large_image\" \/>\n<meta name=\"twitter:label1\" content=\"Escrito por\" \/>\n\t<meta name=\"twitter:data1\" content=\"AdminNexora\" \/>\n\t<meta name=\"twitter:label2\" content=\"Tiempo de lectura\" \/>\n\t<meta name=\"twitter:data2\" content=\"2 minutos\" \/>\n<script type=\"application\/ld+json\" class=\"yoast-schema-graph\">{\"@context\":\"https:\/\/schema.org\",\"@graph\":[{\"@type\":\"Article\",\"@id\":\"https:\/\/cdacv.es\/es\/catedra-audiovisual-cacv-webinar-alfabetizacion-mediatica\/#article\",\"isPartOf\":{\"@id\":\"https:\/\/cdacv.es\/es\/catedra-audiovisual-cacv-webinar-alfabetizacion-mediatica\/\"},\"author\":{\"name\":\"AdminNexora\",\"@id\":\"https:\/\/cdacv.es\/#\/schema\/person\/2fe6d2110f66d6021bc485b6eb33b046\"},\"headline\":\"La UJI organiza en el seno de la C\u00e1tedra de An\u00e1lisis y Prospectiva del Audiovisual, del CACV y la UJI, un webinar con Joan Ferr\u00e9s para impulsar la alfabetitzaci\u00f3n medi\u00e1tica en Espa\u00f1a\",\"datePublished\":\"2025-05-13T04:20:47+00:00\",\"dateModified\":\"2025-05-14T08:48:46+00:00\",\"mainEntityOfPage\":{\"@id\":\"https:\/\/cdacv.es\/es\/catedra-audiovisual-cacv-webinar-alfabetizacion-mediatica\/\"},\"wordCount\":414,\"publisher\":{\"@id\":\"https:\/\/cdacv.es\/#organization\"},\"articleSection\":[\"Noticias\"],\"inLanguage\":\"es\"},{\"@type\":\"WebPage\",\"@id\":\"https:\/\/cdacv.es\/es\/catedra-audiovisual-cacv-webinar-alfabetizacion-mediatica\/\",\"url\":\"https:\/\/cdacv.es\/es\/catedra-audiovisual-cacv-webinar-alfabetizacion-mediatica\/\",\"name\":\"El CACV organiza un webinar sobre alfabetizaci\u00f3n medi\u00e1tica\",\"isPartOf\":{\"@id\":\"https:\/\/cdacv.es\/#website\"},\"datePublished\":\"2025-05-13T04:20:47+00:00\",\"dateModified\":\"2025-05-14T08:48:46+00:00\",\"description\":\"La C\u00e1tedra de An\u00e1lisis y Prospectiva del Audiovisual del (CACV) celebra en la UJI un webinar titulado \u201cPropuestas para Impulsar la Alfabetizaci\u00f3n Medi\u00e1tica en Espa\u00f1a\u201d\",\"breadcrumb\":{\"@id\":\"https:\/\/cdacv.es\/es\/catedra-audiovisual-cacv-webinar-alfabetizacion-mediatica\/#breadcrumb\"},\"inLanguage\":\"es\",\"potentialAction\":[{\"@type\":\"ReadAction\",\"target\":[\"https:\/\/cdacv.es\/es\/catedra-audiovisual-cacv-webinar-alfabetizacion-mediatica\/\"]}]},{\"@type\":\"BreadcrumbList\",\"@id\":\"https:\/\/cdacv.es\/es\/catedra-audiovisual-cacv-webinar-alfabetizacion-mediatica\/#breadcrumb\",\"itemListElement\":[{\"@type\":\"ListItem\",\"position\":1,\"name\":\"Home\",\"item\":\"https:\/\/cdacv.es\/es\/\"},{\"@type\":\"ListItem\",\"position\":2,\"name\":\"La UJI organiza en el seno de la C\u00e1tedra de An\u00e1lisis y Prospectiva del Audiovisual, del CACV y la UJI, un webinar con Joan Ferr\u00e9s para impulsar la alfabetitzaci\u00f3n medi\u00e1tica en Espa\u00f1a\"}]},{\"@type\":\"WebSite\",\"@id\":\"https:\/\/cdacv.es\/#website\",\"url\":\"https:\/\/cdacv.es\/\",\"name\":\"Consell De L\u2019Audiovisual De La Comunitat Valenciana\",\"description\":\"\u00c9s l\u2019autoritat audiovisual independent encarregada de vetlar pel respecte dels drets, llibertats i valors constitucionals i estatutaris en l\u2019\u00e0mbit dels mitjans audiovisuals a la Comunitat Valenciana\",\"publisher\":{\"@id\":\"https:\/\/cdacv.es\/#organization\"},\"potentialAction\":[{\"@type\":\"SearchAction\",\"target\":{\"@type\":\"EntryPoint\",\"urlTemplate\":\"https:\/\/cdacv.es\/?s={search_term_string}\"},\"query-input\":\"required name=search_term_string\"}],\"inLanguage\":\"es\"},{\"@type\":\"Organization\",\"@id\":\"https:\/\/cdacv.es\/#organization\",\"name\":\"Consell De L\u2019Audiovisual De La Comunitat Valenciana\",\"url\":\"https:\/\/cdacv.es\/\",\"logo\":{\"@type\":\"ImageObject\",\"inLanguage\":\"es\",\"@id\":\"https:\/\/cdacv.es\/#\/schema\/logo\/image\/\",\"url\":\"https:\/\/cdacv.es\/wp-content\/uploads\/2023\/02\/fav.png\",\"contentUrl\":\"https:\/\/cdacv.es\/wp-content\/uploads\/2023\/02\/fav.png\",\"width\":300,\"height\":300,\"caption\":\"Consell De L\u2019Audiovisual De La Comunitat Valenciana\"},\"image\":{\"@id\":\"https:\/\/cdacv.es\/#\/schema\/logo\/image\/\"}},{\"@type\":\"Person\",\"@id\":\"https:\/\/cdacv.es\/#\/schema\/person\/2fe6d2110f66d6021bc485b6eb33b046\",\"name\":\"AdminNexora\",\"image\":{\"@type\":\"ImageObject\",\"inLanguage\":\"es\",\"@id\":\"https:\/\/cdacv.es\/#\/schema\/person\/image\/\",\"url\":\"https:\/\/secure.gravatar.com\/avatar\/1dc9274a96bed2cdf016317fc52f0df0b0b46b9297a4d6eec4cc4035611cf5b1?s=96&d=mm&r=g\",\"contentUrl\":\"https:\/\/secure.gravatar.com\/avatar\/1dc9274a96bed2cdf016317fc52f0df0b0b46b9297a4d6eec4cc4035611cf5b1?s=96&d=mm&r=g\",\"caption\":\"AdminNexora\"},\"url\":\"https:\/\/cdacv.es\/es\/author\/adminnexora\/\"}]}<\/script>\n<!-- \/ Yoast SEO plugin. -->","yoast_head_json":{"title":"El CACV organiza un webinar sobre alfabetizaci\u00f3n medi\u00e1tica","description":"La C\u00e1tedra de An\u00e1lisis y Prospectiva del Audiovisual del (CACV) celebra en la UJI un webinar titulado \u201cPropuestas para Impulsar la Alfabetizaci\u00f3n Medi\u00e1tica en Espa\u00f1a\u201d","robots":{"index":"index","follow":"follow","max-snippet":"max-snippet:-1","max-image-preview":"max-image-preview:large","max-video-preview":"max-video-preview:-1"},"canonical":"https:\/\/cdacv.es\/es\/catedra-audiovisual-cacv-webinar-alfabetizacion-mediatica\/","og_locale":"es_ES","og_type":"article","og_title":"El CACV organiza un webinar sobre alfabetizaci\u00f3n medi\u00e1tica","og_description":"La C\u00e1tedra de An\u00e1lisis y Prospectiva del Audiovisual del (CACV) celebra en la UJI un webinar titulado \u201cPropuestas para Impulsar la Alfabetizaci\u00f3n Medi\u00e1tica en Espa\u00f1a\u201d","og_url":"https:\/\/cdacv.es\/es\/catedra-audiovisual-cacv-webinar-alfabetizacion-mediatica\/","og_site_name":"Consell De L\u2019Audiovisual De La Comunitat Valenciana","article_published_time":"2025-05-13T04:20:47+00:00","article_modified_time":"2025-05-14T08:48:46+00:00","og_image":[{"width":768,"height":426,"url":"https:\/\/cdacv.es\/wp-content\/uploads\/2025\/05\/Alfabetizacion-mediatica.jpg","type":"image\/jpeg"}],"author":"AdminNexora","twitter_card":"summary_large_image","twitter_misc":{"Escrito por":"AdminNexora","Tiempo de lectura":"2 minutos"},"schema":{"@context":"https:\/\/schema.org","@graph":[{"@type":"Article","@id":"https:\/\/cdacv.es\/es\/catedra-audiovisual-cacv-webinar-alfabetizacion-mediatica\/#article","isPartOf":{"@id":"https:\/\/cdacv.es\/es\/catedra-audiovisual-cacv-webinar-alfabetizacion-mediatica\/"},"author":{"name":"AdminNexora","@id":"https:\/\/cdacv.es\/#\/schema\/person\/2fe6d2110f66d6021bc485b6eb33b046"},"headline":"La UJI organiza en el seno de la C\u00e1tedra de An\u00e1lisis y Prospectiva del Audiovisual, del CACV y la UJI, un webinar con Joan Ferr\u00e9s para impulsar la alfabetitzaci\u00f3n medi\u00e1tica en Espa\u00f1a","datePublished":"2025-05-13T04:20:47+00:00","dateModified":"2025-05-14T08:48:46+00:00","mainEntityOfPage":{"@id":"https:\/\/cdacv.es\/es\/catedra-audiovisual-cacv-webinar-alfabetizacion-mediatica\/"},"wordCount":414,"publisher":{"@id":"https:\/\/cdacv.es\/#organization"},"articleSection":["Noticias"],"inLanguage":"es"},{"@type":"WebPage","@id":"https:\/\/cdacv.es\/es\/catedra-audiovisual-cacv-webinar-alfabetizacion-mediatica\/","url":"https:\/\/cdacv.es\/es\/catedra-audiovisual-cacv-webinar-alfabetizacion-mediatica\/","name":"El CACV organiza un webinar sobre alfabetizaci\u00f3n medi\u00e1tica","isPartOf":{"@id":"https:\/\/cdacv.es\/#website"},"datePublished":"2025-05-13T04:20:47+00:00","dateModified":"2025-05-14T08:48:46+00:00","description":"La C\u00e1tedra de An\u00e1lisis y Prospectiva del Audiovisual del (CACV) celebra en la UJI un webinar titulado \u201cPropuestas para Impulsar la Alfabetizaci\u00f3n Medi\u00e1tica en Espa\u00f1a\u201d","breadcrumb":{"@id":"https:\/\/cdacv.es\/es\/catedra-audiovisual-cacv-webinar-alfabetizacion-mediatica\/#breadcrumb"},"inLanguage":"es","potentialAction":[{"@type":"ReadAction","target":["https:\/\/cdacv.es\/es\/catedra-audiovisual-cacv-webinar-alfabetizacion-mediatica\/"]}]},{"@type":"BreadcrumbList","@id":"https:\/\/cdacv.es\/es\/catedra-audiovisual-cacv-webinar-alfabetizacion-mediatica\/#breadcrumb","itemListElement":[{"@type":"ListItem","position":1,"name":"Home","item":"https:\/\/cdacv.es\/es\/"},{"@type":"ListItem","position":2,"name":"La UJI organiza en el seno de la C\u00e1tedra de An\u00e1lisis y Prospectiva del Audiovisual, del CACV y la UJI, un webinar con Joan Ferr\u00e9s para impulsar la alfabetitzaci\u00f3n medi\u00e1tica en Espa\u00f1a"}]},{"@type":"WebSite","@id":"https:\/\/cdacv.es\/#website","url":"https:\/\/cdacv.es\/","name":"Consell De L\u2019Audiovisual De La Comunitat Valenciana","description":"\u00c9s l\u2019autoritat audiovisual independent encarregada de vetlar pel respecte dels drets, llibertats i valors constitucionals i estatutaris en l\u2019\u00e0mbit dels mitjans audiovisuals a la Comunitat Valenciana","publisher":{"@id":"https:\/\/cdacv.es\/#organization"},"potentialAction":[{"@type":"SearchAction","target":{"@type":"EntryPoint","urlTemplate":"https:\/\/cdacv.es\/?s={search_term_string}"},"query-input":"required name=search_term_string"}],"inLanguage":"es"},{"@type":"Organization","@id":"https:\/\/cdacv.es\/#organization","name":"Consell De L\u2019Audiovisual De La Comunitat Valenciana","url":"https:\/\/cdacv.es\/","logo":{"@type":"ImageObject","inLanguage":"es","@id":"https:\/\/cdacv.es\/#\/schema\/logo\/image\/","url":"https:\/\/cdacv.es\/wp-content\/uploads\/2023\/02\/fav.png","contentUrl":"https:\/\/cdacv.es\/wp-content\/uploads\/2023\/02\/fav.png","width":300,"height":300,"caption":"Consell De L\u2019Audiovisual De La Comunitat Valenciana"},"image":{"@id":"https:\/\/cdacv.es\/#\/schema\/logo\/image\/"}},{"@type":"Person","@id":"https:\/\/cdacv.es\/#\/schema\/person\/2fe6d2110f66d6021bc485b6eb33b046","name":"AdminNexora","image":{"@type":"ImageObject","inLanguage":"es","@id":"https:\/\/cdacv.es\/#\/schema\/person\/image\/","url":"https:\/\/secure.gravatar.com\/avatar\/1dc9274a96bed2cdf016317fc52f0df0b0b46b9297a4d6eec4cc4035611cf5b1?s=96&d=mm&r=g","contentUrl":"https:\/\/secure.gravatar.com\/avatar\/1dc9274a96bed2cdf016317fc52f0df0b0b46b9297a4d6eec4cc4035611cf5b1?s=96&d=mm&r=g","caption":"AdminNexora"},"url":"https:\/\/cdacv.es\/es\/author\/adminnexora\/"}]}},"_links":{"self":[{"href":"https:\/\/cdacv.es\/es\/wp-json\/wp\/v2\/posts\/3381","targetHints":{"allow":["GET"]}}],"collection":[{"href":"https:\/\/cdacv.es\/es\/wp-json\/wp\/v2\/posts"}],"about":[{"href":"https:\/\/cdacv.es\/es\/wp-json\/wp\/v2\/types\/post"}],"author":[{"embeddable":true,"href":"https:\/\/cdacv.es\/es\/wp-json\/wp\/v2\/users\/1"}],"replies":[{"embeddable":true,"href":"https:\/\/cdacv.es\/es\/wp-json\/wp\/v2\/comments?post=3381"}],"version-history":[{"count":3,"href":"https:\/\/cdacv.es\/es\/wp-json\/wp\/v2\/posts\/3381\/revisions"}],"predecessor-version":[{"id":3400,"href":"https:\/\/cdacv.es\/es\/wp-json\/wp\/v2\/posts\/3381\/revisions\/3400"}],"wp:featuredmedia":[{"embeddable":true,"href":"https:\/\/cdacv.es\/es\/wp-json\/wp\/v2\/media\/3382"}],"wp:attachment":[{"href":"https:\/\/cdacv.es\/es\/wp-json\/wp\/v2\/media?parent=3381"}],"wp:term":[{"taxonomy":"category","embeddable":true,"href":"https:\/\/cdacv.es\/es\/wp-json\/wp\/v2\/categories?post=3381"},{"taxonomy":"post_tag","embeddable":true,"href":"https:\/\/cdacv.es\/es\/wp-json\/wp\/v2\/tags?post=3381"}],"curies":[{"name":"wp","href":"https:\/\/api.w.org\/{rel}","templated":true}]}}