{"id":2616,"date":"2024-10-28T08:57:30","date_gmt":"2024-10-28T08:57:30","guid":{"rendered":"https:\/\/cdacv.es\/?p=2616"},"modified":"2024-10-30T12:43:48","modified_gmt":"2024-10-30T12:43:48","slug":"la-catedra-de-cultura-audiovisual-celebra-la-jornada-money-money-movie-para-abordar-la-financiacion-y-emprendimiento-en-el-sector-audiovisual-valenciano","status":"publish","type":"post","link":"https:\/\/cdacv.es\/es\/la-catedra-de-cultura-audiovisual-celebra-la-jornada-money-money-movie-para-abordar-la-financiacion-y-emprendimiento-en-el-sector-audiovisual-valenciano\/","title":{"rendered":"Pospuesto: La C\u00e1tedra de Cultura Audiovisual celebra la jornada \u2018Money Money Movie\u2019 para abordar la financiaci\u00f3n y emprendimiento en el sector audiovisual valenciano"},"content":{"rendered":"<p class=\"p1\">El pr\u00f3ximo 31 de octubre, la C\u00e1tedra de Cultura Audiovisual organiza la <strong>jornada \u201cMoney Money Movie\u201d<\/strong>, un <strong>encuentro dedicado a la financiaci\u00f3n, emprendimiento y fortalecimiento del tejido audiovisual en la Comunidad Valenciana<\/strong>. El evento reunir\u00e1 a destacadas personalidades de la industria, quienes compartir\u00e1n su experiencia y visi\u00f3n sobre los desaf\u00edos y oportunidades en el sector audiovisual.<\/p>\n<p class=\"p1\">Entre los ponentes se encuentran <em>Elena Vilanova, directora de contenidos en \u00c0 Punt; Lina Badenes, productora de Turanga Films; Sergio G\u00f3mez Trillo, director general del Audiovisual Mediterranean Hub de la Regi\u00f3n de Valencia; y Kiko Mart\u00ednez, presidente del Cl\u00faster Audiovisual de la Comunidad Valenciana<\/em>. Cada uno de ellos aportar\u00e1 su perspectiva profesional sobre el crecimiento del sector y las estrategias de financiaci\u00f3n y apoyo a la producci\u00f3n local.<\/p>\n<p class=\"p1\">Esta jornada representa una oportunidad \u00fanica para los profesionales y emprendedores del sector, quienes podr\u00e1n conocer de primera mano las claves para impulsar sus proyectos en un mercado cada vez m\u00e1s competitivo y en crecimiento.<\/p>\n","protected":false},"excerpt":{"rendered":"<p>El pr\u00f3ximo 31 de octubre, la C\u00e1tedra de Cultura Audiovisual organiza la jornada \u201cMoney Money Movie\u201d, un encuentro dedicado a la financiaci\u00f3n, emprendimiento y fortalecimiento del tejido audiovisual en la&#8230;<\/p>\n","protected":false},"author":1,"featured_media":2617,"comment_status":"closed","ping_status":"open","sticky":false,"template":"","format":"standard","meta":{"footnotes":""},"categories":[15],"tags":[],"class_list":["post-2616","post","type-post","status-publish","format-standard","has-post-thumbnail","category-noticias"],"yoast_head":"<!-- This site is optimized with the Yoast SEO plugin v20.1 - https:\/\/yoast.com\/wordpress\/plugins\/seo\/ -->\n<title>Pospuesto: La C\u00e1tedra de Cultura Audiovisual celebra la jornada \u2018Money Money Movie\u2019 para abordar la financiaci\u00f3n y emprendimiento en el sector audiovisual valenciano - Consell De L\u2019Audiovisual De La Comunitat Valenciana<\/title>\n<meta name=\"robots\" content=\"index, follow, max-snippet:-1, max-image-preview:large, max-video-preview:-1\" \/>\n<link rel=\"canonical\" href=\"https:\/\/cdacv.es\/es\/la-catedra-de-cultura-audiovisual-celebra-la-jornada-money-money-movie-para-abordar-la-financiacion-y-emprendimiento-en-el-sector-audiovisual-valenciano\/\" \/>\n<meta property=\"og:locale\" content=\"es_ES\" \/>\n<meta property=\"og:type\" content=\"article\" \/>\n<meta property=\"og:title\" content=\"Pospuesto: La C\u00e1tedra de Cultura Audiovisual celebra la jornada \u2018Money Money Movie\u2019 para abordar la financiaci\u00f3n y emprendimiento en el sector audiovisual valenciano - Consell De L\u2019Audiovisual De La Comunitat Valenciana\" \/>\n<meta property=\"og:description\" content=\"El pr\u00f3ximo 31 de octubre, la C\u00e1tedra de Cultura Audiovisual organiza la jornada \u201cMoney Money Movie\u201d, un encuentro dedicado a la financiaci\u00f3n, emprendimiento y fortalecimiento del tejido audiovisual en la...\" \/>\n<meta property=\"og:url\" content=\"https:\/\/cdacv.es\/es\/la-catedra-de-cultura-audiovisual-celebra-la-jornada-money-money-movie-para-abordar-la-financiacion-y-emprendimiento-en-el-sector-audiovisual-valenciano\/\" \/>\n<meta property=\"og:site_name\" content=\"Consell De L\u2019Audiovisual De La Comunitat Valenciana\" \/>\n<meta property=\"article:published_time\" content=\"2024-10-28T08:57:30+00:00\" \/>\n<meta property=\"article:modified_time\" content=\"2024-10-30T12:43:48+00:00\" \/>\n<meta property=\"og:image\" content=\"https:\/\/cdacv.es\/wp-content\/uploads\/2024\/10\/CARTEL_MONEYMONEYMOVIE_Mesa-de-trabajo-155.jpg-scaled.jpeg\" \/>\n\t<meta property=\"og:image:width\" content=\"1440\" \/>\n\t<meta property=\"og:image:height\" content=\"2560\" \/>\n\t<meta property=\"og:image:type\" content=\"image\/jpeg\" \/>\n<meta name=\"author\" content=\"AdminNexora\" \/>\n<meta name=\"twitter:card\" content=\"summary_large_image\" \/>\n<meta name=\"twitter:label1\" content=\"Escrito por\" \/>\n\t<meta name=\"twitter:data1\" content=\"AdminNexora\" \/>\n\t<meta name=\"twitter:label2\" content=\"Tiempo de lectura\" \/>\n\t<meta name=\"twitter:data2\" content=\"1 minuto\" \/>\n<script type=\"application\/ld+json\" class=\"yoast-schema-graph\">{\"@context\":\"https:\/\/schema.org\",\"@graph\":[{\"@type\":\"Article\",\"@id\":\"https:\/\/cdacv.es\/es\/la-catedra-de-cultura-audiovisual-celebra-la-jornada-money-money-movie-para-abordar-la-financiacion-y-emprendimiento-en-el-sector-audiovisual-valenciano\/#article\",\"isPartOf\":{\"@id\":\"https:\/\/cdacv.es\/es\/la-catedra-de-cultura-audiovisual-celebra-la-jornada-money-money-movie-para-abordar-la-financiacion-y-emprendimiento-en-el-sector-audiovisual-valenciano\/\"},\"author\":{\"name\":\"AdminNexora\",\"@id\":\"https:\/\/cdacv.es\/#\/schema\/person\/2fe6d2110f66d6021bc485b6eb33b046\"},\"headline\":\"Pospuesto: La C\u00e1tedra de Cultura Audiovisual celebra la jornada \u2018Money Money Movie\u2019 para abordar la financiaci\u00f3n y emprendimiento en el sector audiovisual valenciano\",\"datePublished\":\"2024-10-28T08:57:30+00:00\",\"dateModified\":\"2024-10-30T12:43:48+00:00\",\"mainEntityOfPage\":{\"@id\":\"https:\/\/cdacv.es\/es\/la-catedra-de-cultura-audiovisual-celebra-la-jornada-money-money-movie-para-abordar-la-financiacion-y-emprendimiento-en-el-sector-audiovisual-valenciano\/\"},\"wordCount\":196,\"publisher\":{\"@id\":\"https:\/\/cdacv.es\/#organization\"},\"articleSection\":[\"Noticias\"],\"inLanguage\":\"es\"},{\"@type\":\"WebPage\",\"@id\":\"https:\/\/cdacv.es\/es\/la-catedra-de-cultura-audiovisual-celebra-la-jornada-money-money-movie-para-abordar-la-financiacion-y-emprendimiento-en-el-sector-audiovisual-valenciano\/\",\"url\":\"https:\/\/cdacv.es\/es\/la-catedra-de-cultura-audiovisual-celebra-la-jornada-money-money-movie-para-abordar-la-financiacion-y-emprendimiento-en-el-sector-audiovisual-valenciano\/\",\"name\":\"Pospuesto: La C\u00e1tedra de Cultura Audiovisual celebra la jornada \u2018Money Money Movie\u2019 para abordar la financiaci\u00f3n y emprendimiento en el sector audiovisual valenciano - Consell De L\u2019Audiovisual De La Comunitat Valenciana\",\"isPartOf\":{\"@id\":\"https:\/\/cdacv.es\/#website\"},\"datePublished\":\"2024-10-28T08:57:30+00:00\",\"dateModified\":\"2024-10-30T12:43:48+00:00\",\"breadcrumb\":{\"@id\":\"https:\/\/cdacv.es\/es\/la-catedra-de-cultura-audiovisual-celebra-la-jornada-money-money-movie-para-abordar-la-financiacion-y-emprendimiento-en-el-sector-audiovisual-valenciano\/#breadcrumb\"},\"inLanguage\":\"es\",\"potentialAction\":[{\"@type\":\"ReadAction\",\"target\":[\"https:\/\/cdacv.es\/es\/la-catedra-de-cultura-audiovisual-celebra-la-jornada-money-money-movie-para-abordar-la-financiacion-y-emprendimiento-en-el-sector-audiovisual-valenciano\/\"]}]},{\"@type\":\"BreadcrumbList\",\"@id\":\"https:\/\/cdacv.es\/es\/la-catedra-de-cultura-audiovisual-celebra-la-jornada-money-money-movie-para-abordar-la-financiacion-y-emprendimiento-en-el-sector-audiovisual-valenciano\/#breadcrumb\",\"itemListElement\":[{\"@type\":\"ListItem\",\"position\":1,\"name\":\"Home\",\"item\":\"https:\/\/cdacv.es\/es\/\"},{\"@type\":\"ListItem\",\"position\":2,\"name\":\"Pospuesto: La C\u00e1tedra de Cultura Audiovisual celebra la jornada \u2018Money Money Movie\u2019 para abordar la financiaci\u00f3n y emprendimiento en el sector audiovisual valenciano\"}]},{\"@type\":\"WebSite\",\"@id\":\"https:\/\/cdacv.es\/#website\",\"url\":\"https:\/\/cdacv.es\/\",\"name\":\"Consell De L\u2019Audiovisual De La Comunitat Valenciana\",\"description\":\"\u00c9s l\u2019autoritat audiovisual independent encarregada de vetlar pel respecte dels drets, llibertats i valors constitucionals i estatutaris en l\u2019\u00e0mbit dels mitjans audiovisuals a la Comunitat Valenciana\",\"publisher\":{\"@id\":\"https:\/\/cdacv.es\/#organization\"},\"potentialAction\":[{\"@type\":\"SearchAction\",\"target\":{\"@type\":\"EntryPoint\",\"urlTemplate\":\"https:\/\/cdacv.es\/?s={search_term_string}\"},\"query-input\":\"required name=search_term_string\"}],\"inLanguage\":\"es\"},{\"@type\":\"Organization\",\"@id\":\"https:\/\/cdacv.es\/#organization\",\"name\":\"Consell De L\u2019Audiovisual De La Comunitat Valenciana\",\"url\":\"https:\/\/cdacv.es\/\",\"logo\":{\"@type\":\"ImageObject\",\"inLanguage\":\"es\",\"@id\":\"https:\/\/cdacv.es\/#\/schema\/logo\/image\/\",\"url\":\"https:\/\/cdacv.es\/wp-content\/uploads\/2023\/02\/fav.png\",\"contentUrl\":\"https:\/\/cdacv.es\/wp-content\/uploads\/2023\/02\/fav.png\",\"width\":300,\"height\":300,\"caption\":\"Consell De L\u2019Audiovisual De La Comunitat Valenciana\"},\"image\":{\"@id\":\"https:\/\/cdacv.es\/#\/schema\/logo\/image\/\"}},{\"@type\":\"Person\",\"@id\":\"https:\/\/cdacv.es\/#\/schema\/person\/2fe6d2110f66d6021bc485b6eb33b046\",\"name\":\"AdminNexora\",\"image\":{\"@type\":\"ImageObject\",\"inLanguage\":\"es\",\"@id\":\"https:\/\/cdacv.es\/#\/schema\/person\/image\/\",\"url\":\"https:\/\/secure.gravatar.com\/avatar\/1dc9274a96bed2cdf016317fc52f0df0b0b46b9297a4d6eec4cc4035611cf5b1?s=96&d=mm&r=g\",\"contentUrl\":\"https:\/\/secure.gravatar.com\/avatar\/1dc9274a96bed2cdf016317fc52f0df0b0b46b9297a4d6eec4cc4035611cf5b1?s=96&d=mm&r=g\",\"caption\":\"AdminNexora\"},\"url\":\"https:\/\/cdacv.es\/es\/author\/adminnexora\/\"}]}<\/script>\n<!-- \/ Yoast SEO plugin. -->","yoast_head_json":{"title":"Pospuesto: La C\u00e1tedra de Cultura Audiovisual celebra la jornada \u2018Money Money Movie\u2019 para abordar la financiaci\u00f3n y emprendimiento en el sector audiovisual valenciano - Consell De L\u2019Audiovisual De La Comunitat Valenciana","robots":{"index":"index","follow":"follow","max-snippet":"max-snippet:-1","max-image-preview":"max-image-preview:large","max-video-preview":"max-video-preview:-1"},"canonical":"https:\/\/cdacv.es\/es\/la-catedra-de-cultura-audiovisual-celebra-la-jornada-money-money-movie-para-abordar-la-financiacion-y-emprendimiento-en-el-sector-audiovisual-valenciano\/","og_locale":"es_ES","og_type":"article","og_title":"Pospuesto: La C\u00e1tedra de Cultura Audiovisual celebra la jornada \u2018Money Money Movie\u2019 para abordar la financiaci\u00f3n y emprendimiento en el sector audiovisual valenciano - Consell De L\u2019Audiovisual De La Comunitat Valenciana","og_description":"El pr\u00f3ximo 31 de octubre, la C\u00e1tedra de Cultura Audiovisual organiza la jornada \u201cMoney Money Movie\u201d, un encuentro dedicado a la financiaci\u00f3n, emprendimiento y fortalecimiento del tejido audiovisual en la...","og_url":"https:\/\/cdacv.es\/es\/la-catedra-de-cultura-audiovisual-celebra-la-jornada-money-money-movie-para-abordar-la-financiacion-y-emprendimiento-en-el-sector-audiovisual-valenciano\/","og_site_name":"Consell De L\u2019Audiovisual De La Comunitat Valenciana","article_published_time":"2024-10-28T08:57:30+00:00","article_modified_time":"2024-10-30T12:43:48+00:00","og_image":[{"width":1440,"height":2560,"url":"https:\/\/cdacv.es\/wp-content\/uploads\/2024\/10\/CARTEL_MONEYMONEYMOVIE_Mesa-de-trabajo-155.jpg-scaled.jpeg","type":"image\/jpeg"}],"author":"AdminNexora","twitter_card":"summary_large_image","twitter_misc":{"Escrito por":"AdminNexora","Tiempo de lectura":"1 minuto"},"schema":{"@context":"https:\/\/schema.org","@graph":[{"@type":"Article","@id":"https:\/\/cdacv.es\/es\/la-catedra-de-cultura-audiovisual-celebra-la-jornada-money-money-movie-para-abordar-la-financiacion-y-emprendimiento-en-el-sector-audiovisual-valenciano\/#article","isPartOf":{"@id":"https:\/\/cdacv.es\/es\/la-catedra-de-cultura-audiovisual-celebra-la-jornada-money-money-movie-para-abordar-la-financiacion-y-emprendimiento-en-el-sector-audiovisual-valenciano\/"},"author":{"name":"AdminNexora","@id":"https:\/\/cdacv.es\/#\/schema\/person\/2fe6d2110f66d6021bc485b6eb33b046"},"headline":"Pospuesto: La C\u00e1tedra de Cultura Audiovisual celebra la jornada \u2018Money Money Movie\u2019 para abordar la financiaci\u00f3n y emprendimiento en el sector audiovisual valenciano","datePublished":"2024-10-28T08:57:30+00:00","dateModified":"2024-10-30T12:43:48+00:00","mainEntityOfPage":{"@id":"https:\/\/cdacv.es\/es\/la-catedra-de-cultura-audiovisual-celebra-la-jornada-money-money-movie-para-abordar-la-financiacion-y-emprendimiento-en-el-sector-audiovisual-valenciano\/"},"wordCount":196,"publisher":{"@id":"https:\/\/cdacv.es\/#organization"},"articleSection":["Noticias"],"inLanguage":"es"},{"@type":"WebPage","@id":"https:\/\/cdacv.es\/es\/la-catedra-de-cultura-audiovisual-celebra-la-jornada-money-money-movie-para-abordar-la-financiacion-y-emprendimiento-en-el-sector-audiovisual-valenciano\/","url":"https:\/\/cdacv.es\/es\/la-catedra-de-cultura-audiovisual-celebra-la-jornada-money-money-movie-para-abordar-la-financiacion-y-emprendimiento-en-el-sector-audiovisual-valenciano\/","name":"Pospuesto: La C\u00e1tedra de Cultura Audiovisual celebra la jornada \u2018Money Money Movie\u2019 para abordar la financiaci\u00f3n y emprendimiento en el sector audiovisual valenciano - Consell De L\u2019Audiovisual De La Comunitat Valenciana","isPartOf":{"@id":"https:\/\/cdacv.es\/#website"},"datePublished":"2024-10-28T08:57:30+00:00","dateModified":"2024-10-30T12:43:48+00:00","breadcrumb":{"@id":"https:\/\/cdacv.es\/es\/la-catedra-de-cultura-audiovisual-celebra-la-jornada-money-money-movie-para-abordar-la-financiacion-y-emprendimiento-en-el-sector-audiovisual-valenciano\/#breadcrumb"},"inLanguage":"es","potentialAction":[{"@type":"ReadAction","target":["https:\/\/cdacv.es\/es\/la-catedra-de-cultura-audiovisual-celebra-la-jornada-money-money-movie-para-abordar-la-financiacion-y-emprendimiento-en-el-sector-audiovisual-valenciano\/"]}]},{"@type":"BreadcrumbList","@id":"https:\/\/cdacv.es\/es\/la-catedra-de-cultura-audiovisual-celebra-la-jornada-money-money-movie-para-abordar-la-financiacion-y-emprendimiento-en-el-sector-audiovisual-valenciano\/#breadcrumb","itemListElement":[{"@type":"ListItem","position":1,"name":"Home","item":"https:\/\/cdacv.es\/es\/"},{"@type":"ListItem","position":2,"name":"Pospuesto: La C\u00e1tedra de Cultura Audiovisual celebra la jornada \u2018Money Money Movie\u2019 para abordar la financiaci\u00f3n y emprendimiento en el sector audiovisual valenciano"}]},{"@type":"WebSite","@id":"https:\/\/cdacv.es\/#website","url":"https:\/\/cdacv.es\/","name":"Consell De L\u2019Audiovisual De La Comunitat Valenciana","description":"\u00c9s l\u2019autoritat audiovisual independent encarregada de vetlar pel respecte dels drets, llibertats i valors constitucionals i estatutaris en l\u2019\u00e0mbit dels mitjans audiovisuals a la Comunitat Valenciana","publisher":{"@id":"https:\/\/cdacv.es\/#organization"},"potentialAction":[{"@type":"SearchAction","target":{"@type":"EntryPoint","urlTemplate":"https:\/\/cdacv.es\/?s={search_term_string}"},"query-input":"required name=search_term_string"}],"inLanguage":"es"},{"@type":"Organization","@id":"https:\/\/cdacv.es\/#organization","name":"Consell De L\u2019Audiovisual De La Comunitat Valenciana","url":"https:\/\/cdacv.es\/","logo":{"@type":"ImageObject","inLanguage":"es","@id":"https:\/\/cdacv.es\/#\/schema\/logo\/image\/","url":"https:\/\/cdacv.es\/wp-content\/uploads\/2023\/02\/fav.png","contentUrl":"https:\/\/cdacv.es\/wp-content\/uploads\/2023\/02\/fav.png","width":300,"height":300,"caption":"Consell De L\u2019Audiovisual De La Comunitat Valenciana"},"image":{"@id":"https:\/\/cdacv.es\/#\/schema\/logo\/image\/"}},{"@type":"Person","@id":"https:\/\/cdacv.es\/#\/schema\/person\/2fe6d2110f66d6021bc485b6eb33b046","name":"AdminNexora","image":{"@type":"ImageObject","inLanguage":"es","@id":"https:\/\/cdacv.es\/#\/schema\/person\/image\/","url":"https:\/\/secure.gravatar.com\/avatar\/1dc9274a96bed2cdf016317fc52f0df0b0b46b9297a4d6eec4cc4035611cf5b1?s=96&d=mm&r=g","contentUrl":"https:\/\/secure.gravatar.com\/avatar\/1dc9274a96bed2cdf016317fc52f0df0b0b46b9297a4d6eec4cc4035611cf5b1?s=96&d=mm&r=g","caption":"AdminNexora"},"url":"https:\/\/cdacv.es\/es\/author\/adminnexora\/"}]}},"_links":{"self":[{"href":"https:\/\/cdacv.es\/es\/wp-json\/wp\/v2\/posts\/2616","targetHints":{"allow":["GET"]}}],"collection":[{"href":"https:\/\/cdacv.es\/es\/wp-json\/wp\/v2\/posts"}],"about":[{"href":"https:\/\/cdacv.es\/es\/wp-json\/wp\/v2\/types\/post"}],"author":[{"embeddable":true,"href":"https:\/\/cdacv.es\/es\/wp-json\/wp\/v2\/users\/1"}],"replies":[{"embeddable":true,"href":"https:\/\/cdacv.es\/es\/wp-json\/wp\/v2\/comments?post=2616"}],"version-history":[{"count":2,"href":"https:\/\/cdacv.es\/es\/wp-json\/wp\/v2\/posts\/2616\/revisions"}],"predecessor-version":[{"id":2639,"href":"https:\/\/cdacv.es\/es\/wp-json\/wp\/v2\/posts\/2616\/revisions\/2639"}],"wp:featuredmedia":[{"embeddable":true,"href":"https:\/\/cdacv.es\/es\/wp-json\/wp\/v2\/media\/2617"}],"wp:attachment":[{"href":"https:\/\/cdacv.es\/es\/wp-json\/wp\/v2\/media?parent=2616"}],"wp:term":[{"taxonomy":"category","embeddable":true,"href":"https:\/\/cdacv.es\/es\/wp-json\/wp\/v2\/categories?post=2616"},{"taxonomy":"post_tag","embeddable":true,"href":"https:\/\/cdacv.es\/es\/wp-json\/wp\/v2\/tags?post=2616"}],"curies":[{"name":"wp","href":"https:\/\/api.w.org\/{rel}","templated":true}]}}