{"id":2555,"date":"2024-10-22T20:17:12","date_gmt":"2024-10-22T20:17:12","guid":{"rendered":"https:\/\/cdacv.es\/?p=2555"},"modified":"2024-10-23T11:32:50","modified_gmt":"2024-10-23T11:32:50","slug":"el-cacv-impulsa-la-alfabetizacion-mediatica-con-una-serie-de-videos-educativos-accesibles-para-la-ciudadania","status":"publish","type":"post","link":"https:\/\/cdacv.es\/es\/el-cacv-impulsa-la-alfabetizacion-mediatica-con-una-serie-de-videos-educativos-accesibles-para-la-ciudadania\/","title":{"rendered":"El CACV impulsa la alfabetizaci\u00f3n medi\u00e1tica con una serie de v\u00eddeos educativos accesibles para la ciudadan\u00eda"},"content":{"rendered":"<p class=\"p1\">El <strong>Consell de l\u2019Audiovisual de la Comunitat Valenciana (CACV)<\/strong> contin\u00faa trabajando en su misi\u00f3n de garantizar una ciudadan\u00eda mejor informada y alfabetizada digitalmente. En este sentido, destaca su labor de promoci\u00f3n de la alfabetizaci\u00f3n medi\u00e1tica, especialmente entre los j\u00f3venes y grupos vulnerables, de acuerdo con la Ley General de Comunicaci\u00f3n Audiovisual y la Ley 10\/2018 de creaci\u00f3n del Consejo. Uno de los puntos m\u00e1s destacados de este esfuerzo es la <strong>importancia de la alfabetizaci\u00f3n medi\u00e1tica<\/strong>, que permite a los ciudadanos leer e interpretar correctamente los textos audiovisuales, fomentando el uso responsable de las redes sociales y dispositivos digitales, en especial en entornos escolares.<\/p>\n<p class=\"p1\">En colaboraci\u00f3n con la Universitat Jaume I de Castell\u00f3, el <strong>CACV ha producido una serie de siete v\u00eddeos educativos<\/strong> que abordan temas esenciales para una ciudadan\u00eda cr\u00edtica en el entorno digital. Estos v\u00eddeos exploran cuestiones como el derecho de acceso, la desinformaci\u00f3n, la importancia de los medios locales y la responsabilidad de los medios audiovisuales en la promoci\u00f3n de la igualdad. La serie est\u00e1 disponible para todos los ciudadanos <a href=\"https:\/\/cdacv.es\/es\/alfabetizacion-digital\/\" target=\"_blank\" rel=\"noopener\"><strong>en la web del CACV<\/strong><\/a>, contribuyendo de manera activa a la formaci\u00f3n y concienciaci\u00f3n en un entorno cada vez m\u00e1s audiovisual.<\/p>\n<p class=\"p1\">Adem\u00e1s, el CACV ha puesto especial \u00e9nfasis en el <strong>fomento de la cultura digital<\/strong> para erradicar comportamientos de acoso y violencia en el entorno digital, sensibilizando sobre el uso correcto de los dispositivos. Los v\u00eddeos buscan empoderar a la ciudadan\u00eda con herramientas cr\u00edticas ante los nuevos retos comunicativos, alertando sobre los peligros de la desinformaci\u00f3n y su impacto en la confianza hacia los medios.<\/p>\n<p class=\"p1\">Con esta iniciativa, en el marco de la<span lang=\"ES\"> <a title=\"https:\/\/www.unesco.org\/es\/media-information-literacy-week\" href=\"https:\/\/www.unesco.org\/es\/media-information-literacy-week\" target=\"_blank\" rel=\"noopener\" data-outlook-id=\"a36ec6e0-7f1b-43ee-91c2-fb987fa56950\">semana global de la AMI de la UNESCO, <\/a><\/span><strong>el CACV reafirma su compromiso con la educaci\u00f3n medi\u00e1tica<\/strong>, contribuyendo no solo a un mayor conocimiento del sistema audiovisual, sino tambi\u00e9n a la promoci\u00f3n de valores fundamentales como la tolerancia, la igualdad y el respeto en los contenidos audiovisuales.<\/p>\n","protected":false},"excerpt":{"rendered":"<p>El Consell de l\u2019Audiovisual de la Comunitat Valenciana (CACV) contin\u00faa trabajando en su misi\u00f3n de garantizar una ciudadan\u00eda mejor informada y alfabetizada digitalmente. En este sentido, destaca su labor de&#8230;<\/p>\n","protected":false},"author":1,"featured_media":2556,"comment_status":"closed","ping_status":"open","sticky":true,"template":"","format":"standard","meta":{"footnotes":""},"categories":[15],"tags":[],"class_list":["post-2555","post","type-post","status-publish","format-standard","has-post-thumbnail","category-noticias"],"yoast_head":"<!-- This site is optimized with the Yoast SEO plugin v20.1 - https:\/\/yoast.com\/wordpress\/plugins\/seo\/ -->\n<title>El CACV impulsa la alfabetizaci\u00f3n medi\u00e1tica con una serie de v\u00eddeos educativos<\/title>\n<meta name=\"description\" content=\"El CACV impulsa la alfabetizaci\u00f3n medi\u00e1tica con una serie de v\u00eddeos educativos accesibles para la ciudadan\u00eda\" \/>\n<meta name=\"robots\" content=\"index, follow, max-snippet:-1, max-image-preview:large, max-video-preview:-1\" \/>\n<link rel=\"canonical\" href=\"https:\/\/cdacv.es\/es\/el-cacv-impulsa-la-alfabetizacion-mediatica-con-una-serie-de-videos-educativos-accesibles-para-la-ciudadania\/\" \/>\n<meta property=\"og:locale\" content=\"es_ES\" \/>\n<meta property=\"og:type\" content=\"article\" \/>\n<meta property=\"og:title\" content=\"El CACV impulsa la alfabetizaci\u00f3n medi\u00e1tica con una serie de v\u00eddeos educativos\" \/>\n<meta property=\"og:description\" content=\"El CACV impulsa la alfabetizaci\u00f3n medi\u00e1tica con una serie de v\u00eddeos educativos accesibles para la ciudadan\u00eda\" \/>\n<meta property=\"og:url\" content=\"https:\/\/cdacv.es\/es\/el-cacv-impulsa-la-alfabetizacion-mediatica-con-una-serie-de-videos-educativos-accesibles-para-la-ciudadania\/\" \/>\n<meta property=\"og:site_name\" content=\"Consell De L\u2019Audiovisual De La Comunitat Valenciana\" \/>\n<meta property=\"article:published_time\" content=\"2024-10-22T20:17:12+00:00\" \/>\n<meta property=\"article:modified_time\" content=\"2024-10-23T11:32:50+00:00\" \/>\n<meta property=\"og:image\" content=\"https:\/\/cdacv.es\/wp-content\/uploads\/2024\/10\/alfabetizacion-digital.png\" \/>\n\t<meta property=\"og:image:width\" content=\"886\" \/>\n\t<meta property=\"og:image:height\" content=\"1382\" \/>\n\t<meta property=\"og:image:type\" content=\"image\/png\" \/>\n<meta name=\"author\" content=\"AdminNexora\" \/>\n<meta name=\"twitter:card\" content=\"summary_large_image\" \/>\n<meta name=\"twitter:label1\" content=\"Escrito por\" \/>\n\t<meta name=\"twitter:data1\" content=\"AdminNexora\" \/>\n\t<meta name=\"twitter:label2\" content=\"Tiempo de lectura\" \/>\n\t<meta name=\"twitter:data2\" content=\"2 minutos\" \/>\n<script type=\"application\/ld+json\" class=\"yoast-schema-graph\">{\"@context\":\"https:\/\/schema.org\",\"@graph\":[{\"@type\":\"Article\",\"@id\":\"https:\/\/cdacv.es\/es\/el-cacv-impulsa-la-alfabetizacion-mediatica-con-una-serie-de-videos-educativos-accesibles-para-la-ciudadania\/#article\",\"isPartOf\":{\"@id\":\"https:\/\/cdacv.es\/es\/el-cacv-impulsa-la-alfabetizacion-mediatica-con-una-serie-de-videos-educativos-accesibles-para-la-ciudadania\/\"},\"author\":{\"name\":\"AdminNexora\",\"@id\":\"https:\/\/cdacv.es\/#\/schema\/person\/2fe6d2110f66d6021bc485b6eb33b046\"},\"headline\":\"El CACV impulsa la alfabetizaci\u00f3n medi\u00e1tica con una serie de v\u00eddeos educativos accesibles para la ciudadan\u00eda\",\"datePublished\":\"2024-10-22T20:17:12+00:00\",\"dateModified\":\"2024-10-23T11:32:50+00:00\",\"mainEntityOfPage\":{\"@id\":\"https:\/\/cdacv.es\/es\/el-cacv-impulsa-la-alfabetizacion-mediatica-con-una-serie-de-videos-educativos-accesibles-para-la-ciudadania\/\"},\"wordCount\":363,\"publisher\":{\"@id\":\"https:\/\/cdacv.es\/#organization\"},\"articleSection\":[\"Noticias\"],\"inLanguage\":\"es\"},{\"@type\":\"WebPage\",\"@id\":\"https:\/\/cdacv.es\/es\/el-cacv-impulsa-la-alfabetizacion-mediatica-con-una-serie-de-videos-educativos-accesibles-para-la-ciudadania\/\",\"url\":\"https:\/\/cdacv.es\/es\/el-cacv-impulsa-la-alfabetizacion-mediatica-con-una-serie-de-videos-educativos-accesibles-para-la-ciudadania\/\",\"name\":\"El CACV impulsa la alfabetizaci\u00f3n medi\u00e1tica con una serie de v\u00eddeos educativos\",\"isPartOf\":{\"@id\":\"https:\/\/cdacv.es\/#website\"},\"datePublished\":\"2024-10-22T20:17:12+00:00\",\"dateModified\":\"2024-10-23T11:32:50+00:00\",\"description\":\"El CACV impulsa la alfabetizaci\u00f3n medi\u00e1tica con una serie de v\u00eddeos educativos accesibles para la ciudadan\u00eda\",\"breadcrumb\":{\"@id\":\"https:\/\/cdacv.es\/es\/el-cacv-impulsa-la-alfabetizacion-mediatica-con-una-serie-de-videos-educativos-accesibles-para-la-ciudadania\/#breadcrumb\"},\"inLanguage\":\"es\",\"potentialAction\":[{\"@type\":\"ReadAction\",\"target\":[\"https:\/\/cdacv.es\/es\/el-cacv-impulsa-la-alfabetizacion-mediatica-con-una-serie-de-videos-educativos-accesibles-para-la-ciudadania\/\"]}]},{\"@type\":\"BreadcrumbList\",\"@id\":\"https:\/\/cdacv.es\/es\/el-cacv-impulsa-la-alfabetizacion-mediatica-con-una-serie-de-videos-educativos-accesibles-para-la-ciudadania\/#breadcrumb\",\"itemListElement\":[{\"@type\":\"ListItem\",\"position\":1,\"name\":\"Home\",\"item\":\"https:\/\/cdacv.es\/es\/\"},{\"@type\":\"ListItem\",\"position\":2,\"name\":\"El CACV impulsa la alfabetizaci\u00f3n medi\u00e1tica con una serie de v\u00eddeos educativos accesibles para la ciudadan\u00eda\"}]},{\"@type\":\"WebSite\",\"@id\":\"https:\/\/cdacv.es\/#website\",\"url\":\"https:\/\/cdacv.es\/\",\"name\":\"Consell De L\u2019Audiovisual De La Comunitat Valenciana\",\"description\":\"\u00c9s l\u2019autoritat audiovisual independent encarregada de vetlar pel respecte dels drets, llibertats i valors constitucionals i estatutaris en l\u2019\u00e0mbit dels mitjans audiovisuals a la Comunitat Valenciana\",\"publisher\":{\"@id\":\"https:\/\/cdacv.es\/#organization\"},\"potentialAction\":[{\"@type\":\"SearchAction\",\"target\":{\"@type\":\"EntryPoint\",\"urlTemplate\":\"https:\/\/cdacv.es\/?s={search_term_string}\"},\"query-input\":\"required name=search_term_string\"}],\"inLanguage\":\"es\"},{\"@type\":\"Organization\",\"@id\":\"https:\/\/cdacv.es\/#organization\",\"name\":\"Consell De L\u2019Audiovisual De La Comunitat Valenciana\",\"url\":\"https:\/\/cdacv.es\/\",\"logo\":{\"@type\":\"ImageObject\",\"inLanguage\":\"es\",\"@id\":\"https:\/\/cdacv.es\/#\/schema\/logo\/image\/\",\"url\":\"https:\/\/cdacv.es\/wp-content\/uploads\/2023\/02\/fav.png\",\"contentUrl\":\"https:\/\/cdacv.es\/wp-content\/uploads\/2023\/02\/fav.png\",\"width\":300,\"height\":300,\"caption\":\"Consell De L\u2019Audiovisual De La Comunitat Valenciana\"},\"image\":{\"@id\":\"https:\/\/cdacv.es\/#\/schema\/logo\/image\/\"}},{\"@type\":\"Person\",\"@id\":\"https:\/\/cdacv.es\/#\/schema\/person\/2fe6d2110f66d6021bc485b6eb33b046\",\"name\":\"AdminNexora\",\"image\":{\"@type\":\"ImageObject\",\"inLanguage\":\"es\",\"@id\":\"https:\/\/cdacv.es\/#\/schema\/person\/image\/\",\"url\":\"https:\/\/secure.gravatar.com\/avatar\/1dc9274a96bed2cdf016317fc52f0df0b0b46b9297a4d6eec4cc4035611cf5b1?s=96&d=mm&r=g\",\"contentUrl\":\"https:\/\/secure.gravatar.com\/avatar\/1dc9274a96bed2cdf016317fc52f0df0b0b46b9297a4d6eec4cc4035611cf5b1?s=96&d=mm&r=g\",\"caption\":\"AdminNexora\"},\"url\":\"https:\/\/cdacv.es\/es\/author\/adminnexora\/\"}]}<\/script>\n<!-- \/ Yoast SEO plugin. -->","yoast_head_json":{"title":"El CACV impulsa la alfabetizaci\u00f3n medi\u00e1tica con una serie de v\u00eddeos educativos","description":"El CACV impulsa la alfabetizaci\u00f3n medi\u00e1tica con una serie de v\u00eddeos educativos accesibles para la ciudadan\u00eda","robots":{"index":"index","follow":"follow","max-snippet":"max-snippet:-1","max-image-preview":"max-image-preview:large","max-video-preview":"max-video-preview:-1"},"canonical":"https:\/\/cdacv.es\/es\/el-cacv-impulsa-la-alfabetizacion-mediatica-con-una-serie-de-videos-educativos-accesibles-para-la-ciudadania\/","og_locale":"es_ES","og_type":"article","og_title":"El CACV impulsa la alfabetizaci\u00f3n medi\u00e1tica con una serie de v\u00eddeos educativos","og_description":"El CACV impulsa la alfabetizaci\u00f3n medi\u00e1tica con una serie de v\u00eddeos educativos accesibles para la ciudadan\u00eda","og_url":"https:\/\/cdacv.es\/es\/el-cacv-impulsa-la-alfabetizacion-mediatica-con-una-serie-de-videos-educativos-accesibles-para-la-ciudadania\/","og_site_name":"Consell De L\u2019Audiovisual De La Comunitat Valenciana","article_published_time":"2024-10-22T20:17:12+00:00","article_modified_time":"2024-10-23T11:32:50+00:00","og_image":[{"width":886,"height":1382,"url":"https:\/\/cdacv.es\/wp-content\/uploads\/2024\/10\/alfabetizacion-digital.png","type":"image\/png"}],"author":"AdminNexora","twitter_card":"summary_large_image","twitter_misc":{"Escrito por":"AdminNexora","Tiempo de lectura":"2 minutos"},"schema":{"@context":"https:\/\/schema.org","@graph":[{"@type":"Article","@id":"https:\/\/cdacv.es\/es\/el-cacv-impulsa-la-alfabetizacion-mediatica-con-una-serie-de-videos-educativos-accesibles-para-la-ciudadania\/#article","isPartOf":{"@id":"https:\/\/cdacv.es\/es\/el-cacv-impulsa-la-alfabetizacion-mediatica-con-una-serie-de-videos-educativos-accesibles-para-la-ciudadania\/"},"author":{"name":"AdminNexora","@id":"https:\/\/cdacv.es\/#\/schema\/person\/2fe6d2110f66d6021bc485b6eb33b046"},"headline":"El CACV impulsa la alfabetizaci\u00f3n medi\u00e1tica con una serie de v\u00eddeos educativos accesibles para la ciudadan\u00eda","datePublished":"2024-10-22T20:17:12+00:00","dateModified":"2024-10-23T11:32:50+00:00","mainEntityOfPage":{"@id":"https:\/\/cdacv.es\/es\/el-cacv-impulsa-la-alfabetizacion-mediatica-con-una-serie-de-videos-educativos-accesibles-para-la-ciudadania\/"},"wordCount":363,"publisher":{"@id":"https:\/\/cdacv.es\/#organization"},"articleSection":["Noticias"],"inLanguage":"es"},{"@type":"WebPage","@id":"https:\/\/cdacv.es\/es\/el-cacv-impulsa-la-alfabetizacion-mediatica-con-una-serie-de-videos-educativos-accesibles-para-la-ciudadania\/","url":"https:\/\/cdacv.es\/es\/el-cacv-impulsa-la-alfabetizacion-mediatica-con-una-serie-de-videos-educativos-accesibles-para-la-ciudadania\/","name":"El CACV impulsa la alfabetizaci\u00f3n medi\u00e1tica con una serie de v\u00eddeos educativos","isPartOf":{"@id":"https:\/\/cdacv.es\/#website"},"datePublished":"2024-10-22T20:17:12+00:00","dateModified":"2024-10-23T11:32:50+00:00","description":"El CACV impulsa la alfabetizaci\u00f3n medi\u00e1tica con una serie de v\u00eddeos educativos accesibles para la ciudadan\u00eda","breadcrumb":{"@id":"https:\/\/cdacv.es\/es\/el-cacv-impulsa-la-alfabetizacion-mediatica-con-una-serie-de-videos-educativos-accesibles-para-la-ciudadania\/#breadcrumb"},"inLanguage":"es","potentialAction":[{"@type":"ReadAction","target":["https:\/\/cdacv.es\/es\/el-cacv-impulsa-la-alfabetizacion-mediatica-con-una-serie-de-videos-educativos-accesibles-para-la-ciudadania\/"]}]},{"@type":"BreadcrumbList","@id":"https:\/\/cdacv.es\/es\/el-cacv-impulsa-la-alfabetizacion-mediatica-con-una-serie-de-videos-educativos-accesibles-para-la-ciudadania\/#breadcrumb","itemListElement":[{"@type":"ListItem","position":1,"name":"Home","item":"https:\/\/cdacv.es\/es\/"},{"@type":"ListItem","position":2,"name":"El CACV impulsa la alfabetizaci\u00f3n medi\u00e1tica con una serie de v\u00eddeos educativos accesibles para la ciudadan\u00eda"}]},{"@type":"WebSite","@id":"https:\/\/cdacv.es\/#website","url":"https:\/\/cdacv.es\/","name":"Consell De L\u2019Audiovisual De La Comunitat Valenciana","description":"\u00c9s l\u2019autoritat audiovisual independent encarregada de vetlar pel respecte dels drets, llibertats i valors constitucionals i estatutaris en l\u2019\u00e0mbit dels mitjans audiovisuals a la Comunitat Valenciana","publisher":{"@id":"https:\/\/cdacv.es\/#organization"},"potentialAction":[{"@type":"SearchAction","target":{"@type":"EntryPoint","urlTemplate":"https:\/\/cdacv.es\/?s={search_term_string}"},"query-input":"required name=search_term_string"}],"inLanguage":"es"},{"@type":"Organization","@id":"https:\/\/cdacv.es\/#organization","name":"Consell De L\u2019Audiovisual De La Comunitat Valenciana","url":"https:\/\/cdacv.es\/","logo":{"@type":"ImageObject","inLanguage":"es","@id":"https:\/\/cdacv.es\/#\/schema\/logo\/image\/","url":"https:\/\/cdacv.es\/wp-content\/uploads\/2023\/02\/fav.png","contentUrl":"https:\/\/cdacv.es\/wp-content\/uploads\/2023\/02\/fav.png","width":300,"height":300,"caption":"Consell De L\u2019Audiovisual De La Comunitat Valenciana"},"image":{"@id":"https:\/\/cdacv.es\/#\/schema\/logo\/image\/"}},{"@type":"Person","@id":"https:\/\/cdacv.es\/#\/schema\/person\/2fe6d2110f66d6021bc485b6eb33b046","name":"AdminNexora","image":{"@type":"ImageObject","inLanguage":"es","@id":"https:\/\/cdacv.es\/#\/schema\/person\/image\/","url":"https:\/\/secure.gravatar.com\/avatar\/1dc9274a96bed2cdf016317fc52f0df0b0b46b9297a4d6eec4cc4035611cf5b1?s=96&d=mm&r=g","contentUrl":"https:\/\/secure.gravatar.com\/avatar\/1dc9274a96bed2cdf016317fc52f0df0b0b46b9297a4d6eec4cc4035611cf5b1?s=96&d=mm&r=g","caption":"AdminNexora"},"url":"https:\/\/cdacv.es\/es\/author\/adminnexora\/"}]}},"_links":{"self":[{"href":"https:\/\/cdacv.es\/es\/wp-json\/wp\/v2\/posts\/2555","targetHints":{"allow":["GET"]}}],"collection":[{"href":"https:\/\/cdacv.es\/es\/wp-json\/wp\/v2\/posts"}],"about":[{"href":"https:\/\/cdacv.es\/es\/wp-json\/wp\/v2\/types\/post"}],"author":[{"embeddable":true,"href":"https:\/\/cdacv.es\/es\/wp-json\/wp\/v2\/users\/1"}],"replies":[{"embeddable":true,"href":"https:\/\/cdacv.es\/es\/wp-json\/wp\/v2\/comments?post=2555"}],"version-history":[{"count":2,"href":"https:\/\/cdacv.es\/es\/wp-json\/wp\/v2\/posts\/2555\/revisions"}],"predecessor-version":[{"id":2599,"href":"https:\/\/cdacv.es\/es\/wp-json\/wp\/v2\/posts\/2555\/revisions\/2599"}],"wp:featuredmedia":[{"embeddable":true,"href":"https:\/\/cdacv.es\/es\/wp-json\/wp\/v2\/media\/2556"}],"wp:attachment":[{"href":"https:\/\/cdacv.es\/es\/wp-json\/wp\/v2\/media?parent=2555"}],"wp:term":[{"taxonomy":"category","embeddable":true,"href":"https:\/\/cdacv.es\/es\/wp-json\/wp\/v2\/categories?post=2555"},{"taxonomy":"post_tag","embeddable":true,"href":"https:\/\/cdacv.es\/es\/wp-json\/wp\/v2\/tags?post=2555"}],"curies":[{"name":"wp","href":"https:\/\/api.w.org\/{rel}","templated":true}]}}