{"id":1348,"date":"2023-10-17T12:11:07","date_gmt":"2023-10-17T12:11:07","guid":{"rendered":"https:\/\/cdacv.es\/?p=1348"},"modified":"2024-04-16T07:25:19","modified_gmt":"2024-04-16T07:25:19","slug":"el-consell-de-la-generalitat-autoriza-la-creacion-de-dos-catedras-interuniversitarias-impulsadas-por-el-cacv","status":"publish","type":"post","link":"https:\/\/cdacv.es\/es\/el-consell-de-la-generalitat-autoriza-la-creacion-de-dos-catedras-interuniversitarias-impulsadas-por-el-cacv\/","title":{"rendered":"EL CONSELL DE LA GENERALITAT AUTORIZA LA CREACI\u00d3N DE DOS C\u00c1TEDRAS INTERUNIVERSITARIAS IMPULSADAS POR EL CACV"},"content":{"rendered":"<p>El Consell de la Generalitat ha autorizado este martes 17 de octubre la creaci\u00f3n de <em>la <strong>C\u00e1tedra de An\u00e1lisis y Prospectiva del Audiovisual y la C\u00e1tedra de Cultura Audiovisual<\/strong>,<\/em> a trav\u00e9s de sendos convenios de marco entre el Consell de l\u2019Audiovisual de la Comunitat Valenciana y siete universidades valencianas que cuentan con estudios de comunicaci\u00f3n.<\/p>\n<p>La creaci\u00f3n de estas dos c\u00e1tedras interuniversitarias <strong>tiene como finalidad desarrollar espacios de investigaci\u00f3n interuniversitarios referidos al mundo audiovisual en tanto que eje de conocimiento y de la comunicaci\u00f3n.<\/strong><\/p>\n<p>En este sentido, la <strong><em>C\u00e1tedra de An\u00e1lisis y Prospectiva del Audiovisual<\/em><\/strong> estar\u00e1 integrada por las cinco universidades p\u00fablicas de la Comunitat Valenciana: <strong>la Universitat de <\/strong><em><strong>Valencia-Estudio General, la Universidad Polit\u00e9cnica de Valencia, la Universidad Jaume I de Castell\u00f3n, la Universidad de Alicante y la Universidad Miguel Hern\u00e1ndez de Elche<\/strong>.<\/em> Su finalidad ser\u00e1 constituir un espacio de investigaci\u00f3n sobre el mundo audiovisual en cuanto vector de conocimiento y de la comunicaci\u00f3n y sobre las tendencias de transformaci\u00f3n del sistema comunicativo como consecuencia de la convergencia de la industria de la comunicaci\u00f3n, la del conocimiento, las telecomunicaciones y an\u00e1lisis de sus diversas implantaciones sociales<\/p>\n<p>Por su parte, la <strong>C\u00e1tedra de C<em>ultura<\/em> <em>Audiovisual<\/em> <\/strong>estar\u00e1 integrada por dos universidades privadas de la Comunitat Valenciana que imparten comunicaci\u00f3n audiovisual (<strong>CEU Cardenal Herrera y la Universidad Internacional Valenciana-VIU<\/strong>). Y su finalidad ser\u00e1 promover una plataforma acad\u00e9mica interuniversitaria que permita la creaci\u00f3n un espacio de investigaci\u00f3n sobre las din\u00e1micas, conceptos y v\u00edas de desarrollo de la cultura audiovisual, incardinando lo audiovisual en su contexto social, econ\u00f3mico, ideol\u00f3gico, etc. y vincul\u00e1ndolo con otras formas de expresi\u00f3n cultural.<\/p>\n<p>Ambos convenios marco tendr\u00e1n una vigencia de 4 a\u00f1os y para el desarrollo de las actividades espec\u00edficas el CACV subscribir\u00e1 los oportunos acuerdos singulares con cada universidad, financiando estas actividades con la aportaci\u00f3n econ\u00f3mica anual que se establezca en sus presupuestos del ejercicio correspondiente.<\/p>\n<p>Teniendo en cuenta que vivimos en un mundo que ya no se entiende sin la tecnolog\u00eda, y que cada tecnolog\u00eda implica unas formas de acci\u00f3n y de relaci\u00f3n, que acaban articulando los imaginarios y condicionando comportamientos y maneras de hacer la realidad, la creaci\u00f3n de las dos c\u00e1tedras hace posible y fomenta el conocimiento y la difusi\u00f3n de la tecnolog\u00eda. Tambi\u00e9n se ocupa de aspectos como la alfabetizaci\u00f3n medi\u00e1tica, encargada de programar significados formativos para la comprensi\u00f3n de aquellas pr\u00e1cticas educativas articuladas por los nuevos medios digitales.<\/p>\n<p>Con la finalidad de afrontar los objetivos propuestos, <strong>las dos c\u00e1tedras desarrollar\u00e1n actividades de investigaci\u00f3n, de docencia y de difusi\u00f3n del campo audiovisual<\/strong>. Ambas c\u00e1tedras podr\u00e1n realizar jornadas de divulgaci\u00f3n, tendr\u00e1n la oportunidad de llevar a cabo publicaciones sobre los temas de inter\u00e9s circunscritos al \u00e1mbito de la c\u00e1tedra, as\u00ed como la organizaci\u00f3n de exposiciones, de conferencias, la promoci\u00f3n de eventos cient\u00edficos y la articulaci\u00f3n de actividades culturales.<\/p>\n<p>El Consell de l\u2019Audiovisual de la Comunitat Valenciana es la\u00a0 <strong>autoridad audiovisual independiente,<\/strong> creada mediante la Ley 10\/2018, de 10 de mayo, en cumplimiento de lo dispuesto en<strong> art\u00edculo 56.3 del Estatut de Autonom\u00eda de la Comunitat Valenciana<\/strong>, encargada de velar por el respecto de los derechos, libertades y valores constitucionales y estatutarios en el \u00e1mbito de los medios audiovisuales en la Comunitat Valenciana y por el cumplimiento de la normativa vigente en materia audiovisual y de publicidad, de acuerdo con los principios de actuaci\u00f3n y funciones que le atribuyen la normativa vigente<strong>. <\/strong>Si bien su Ley de creaci\u00f3n del CACV se aprob\u00f3 en 2018, el nombramiento de los consejeros y consejeras y del presidente de la entidad se realiz\u00f3 el 28 de julio de 2021.<\/p>\n","protected":false},"excerpt":{"rendered":"<p>El Consell de la Generalitat ha autorizado este martes 17 de octubre la creaci\u00f3n de la C\u00e1tedra de An\u00e1lisis y Prospectiva del Audiovisual y la C\u00e1tedra de Cultura Audiovisual, a&#8230;<\/p>\n","protected":false},"author":1,"featured_media":0,"comment_status":"closed","ping_status":"open","sticky":false,"template":"","format":"standard","meta":{"footnotes":""},"categories":[15],"tags":[],"class_list":["post-1348","post","type-post","status-publish","format-standard","category-noticias"],"yoast_head":"<!-- This site is optimized with the Yoast SEO plugin v20.1 - https:\/\/yoast.com\/wordpress\/plugins\/seo\/ -->\n<title>CREACI\u00d3N DE DOS C\u00c1TEDRAS INTERUNIVERSITARIAS IMPULSADAS POR EL CACV<\/title>\n<meta name=\"description\" content=\"El Consell de la Generalitat ha autorizado la creaci\u00f3n de la C\u00e1tedra de An\u00e1lisis y Prospectiva del Audiovisual y la C\u00e1tedra de Cultura Audiovisual, a trav\u00e9s de sendos convenios de marco entre el Consell de l\u2019Audiovisual de la Comunitat Valenciana y siete universidades valencianas que cuentan con estudios de comunicaci\u00f3n.\" \/>\n<meta name=\"robots\" content=\"index, follow, max-snippet:-1, max-image-preview:large, max-video-preview:-1\" \/>\n<link rel=\"canonical\" href=\"https:\/\/cdacv.es\/es\/el-consell-de-la-generalitat-autoriza-la-creacion-de-dos-catedras-interuniversitarias-impulsadas-por-el-cacv\/\" \/>\n<meta property=\"og:locale\" content=\"es_ES\" \/>\n<meta property=\"og:type\" content=\"article\" \/>\n<meta property=\"og:title\" content=\"CREACI\u00d3N DE DOS C\u00c1TEDRAS INTERUNIVERSITARIAS IMPULSADAS POR EL CACV\" \/>\n<meta property=\"og:description\" content=\"El Consell de la Generalitat ha autorizado la creaci\u00f3n de la C\u00e1tedra de An\u00e1lisis y Prospectiva del Audiovisual y la C\u00e1tedra de Cultura Audiovisual, a trav\u00e9s de sendos convenios de marco entre el Consell de l\u2019Audiovisual de la Comunitat Valenciana y siete universidades valencianas que cuentan con estudios de comunicaci\u00f3n.\" \/>\n<meta property=\"og:url\" content=\"https:\/\/cdacv.es\/es\/el-consell-de-la-generalitat-autoriza-la-creacion-de-dos-catedras-interuniversitarias-impulsadas-por-el-cacv\/\" \/>\n<meta property=\"og:site_name\" content=\"Consell De L\u2019Audiovisual De La Comunitat Valenciana\" \/>\n<meta property=\"article:published_time\" content=\"2023-10-17T12:11:07+00:00\" \/>\n<meta property=\"article:modified_time\" content=\"2024-04-16T07:25:19+00:00\" \/>\n<meta name=\"author\" content=\"AdminNexora\" \/>\n<meta name=\"twitter:card\" content=\"summary_large_image\" \/>\n<meta name=\"twitter:label1\" content=\"Escrito por\" \/>\n\t<meta name=\"twitter:data1\" content=\"AdminNexora\" \/>\n\t<meta name=\"twitter:label2\" content=\"Tiempo de lectura\" \/>\n\t<meta name=\"twitter:data2\" content=\"3 minutos\" \/>\n<script type=\"application\/ld+json\" class=\"yoast-schema-graph\">{\"@context\":\"https:\/\/schema.org\",\"@graph\":[{\"@type\":\"Article\",\"@id\":\"https:\/\/cdacv.es\/es\/el-consell-de-la-generalitat-autoriza-la-creacion-de-dos-catedras-interuniversitarias-impulsadas-por-el-cacv\/#article\",\"isPartOf\":{\"@id\":\"https:\/\/cdacv.es\/es\/el-consell-de-la-generalitat-autoriza-la-creacion-de-dos-catedras-interuniversitarias-impulsadas-por-el-cacv\/\"},\"author\":{\"name\":\"AdminNexora\",\"@id\":\"https:\/\/cdacv.es\/#\/schema\/person\/2fe6d2110f66d6021bc485b6eb33b046\"},\"headline\":\"EL CONSELL DE LA GENERALITAT AUTORIZA LA CREACI\u00d3N DE DOS C\u00c1TEDRAS INTERUNIVERSITARIAS IMPULSADAS POR EL CACV\",\"datePublished\":\"2023-10-17T12:11:07+00:00\",\"dateModified\":\"2024-04-16T07:25:19+00:00\",\"mainEntityOfPage\":{\"@id\":\"https:\/\/cdacv.es\/es\/el-consell-de-la-generalitat-autoriza-la-creacion-de-dos-catedras-interuniversitarias-impulsadas-por-el-cacv\/\"},\"wordCount\":668,\"publisher\":{\"@id\":\"https:\/\/cdacv.es\/#organization\"},\"articleSection\":[\"Noticias\"],\"inLanguage\":\"es\"},{\"@type\":\"WebPage\",\"@id\":\"https:\/\/cdacv.es\/es\/el-consell-de-la-generalitat-autoriza-la-creacion-de-dos-catedras-interuniversitarias-impulsadas-por-el-cacv\/\",\"url\":\"https:\/\/cdacv.es\/es\/el-consell-de-la-generalitat-autoriza-la-creacion-de-dos-catedras-interuniversitarias-impulsadas-por-el-cacv\/\",\"name\":\"CREACI\u00d3N DE DOS C\u00c1TEDRAS INTERUNIVERSITARIAS IMPULSADAS POR EL CACV\",\"isPartOf\":{\"@id\":\"https:\/\/cdacv.es\/#website\"},\"datePublished\":\"2023-10-17T12:11:07+00:00\",\"dateModified\":\"2024-04-16T07:25:19+00:00\",\"description\":\"El Consell de la Generalitat ha autorizado la creaci\u00f3n de la C\u00e1tedra de An\u00e1lisis y Prospectiva del Audiovisual y la C\u00e1tedra de Cultura Audiovisual, a trav\u00e9s de sendos convenios de marco entre el Consell de l\u2019Audiovisual de la Comunitat Valenciana y siete universidades valencianas que cuentan con estudios de comunicaci\u00f3n.\",\"breadcrumb\":{\"@id\":\"https:\/\/cdacv.es\/es\/el-consell-de-la-generalitat-autoriza-la-creacion-de-dos-catedras-interuniversitarias-impulsadas-por-el-cacv\/#breadcrumb\"},\"inLanguage\":\"es\",\"potentialAction\":[{\"@type\":\"ReadAction\",\"target\":[\"https:\/\/cdacv.es\/es\/el-consell-de-la-generalitat-autoriza-la-creacion-de-dos-catedras-interuniversitarias-impulsadas-por-el-cacv\/\"]}]},{\"@type\":\"BreadcrumbList\",\"@id\":\"https:\/\/cdacv.es\/es\/el-consell-de-la-generalitat-autoriza-la-creacion-de-dos-catedras-interuniversitarias-impulsadas-por-el-cacv\/#breadcrumb\",\"itemListElement\":[{\"@type\":\"ListItem\",\"position\":1,\"name\":\"Home\",\"item\":\"https:\/\/cdacv.es\/es\/\"},{\"@type\":\"ListItem\",\"position\":2,\"name\":\"EL CONSELL DE LA GENERALITAT AUTORIZA LA CREACI\u00d3N DE DOS C\u00c1TEDRAS INTERUNIVERSITARIAS IMPULSADAS POR EL CACV\"}]},{\"@type\":\"WebSite\",\"@id\":\"https:\/\/cdacv.es\/#website\",\"url\":\"https:\/\/cdacv.es\/\",\"name\":\"Consell De L\u2019Audiovisual De La Comunitat Valenciana\",\"description\":\"\u00c9s l\u2019autoritat audiovisual independent encarregada de vetlar pel respecte dels drets, llibertats i valors constitucionals i estatutaris en l\u2019\u00e0mbit dels mitjans audiovisuals a la Comunitat Valenciana\",\"publisher\":{\"@id\":\"https:\/\/cdacv.es\/#organization\"},\"potentialAction\":[{\"@type\":\"SearchAction\",\"target\":{\"@type\":\"EntryPoint\",\"urlTemplate\":\"https:\/\/cdacv.es\/?s={search_term_string}\"},\"query-input\":\"required name=search_term_string\"}],\"inLanguage\":\"es\"},{\"@type\":\"Organization\",\"@id\":\"https:\/\/cdacv.es\/#organization\",\"name\":\"Consell De L\u2019Audiovisual De La Comunitat Valenciana\",\"url\":\"https:\/\/cdacv.es\/\",\"logo\":{\"@type\":\"ImageObject\",\"inLanguage\":\"es\",\"@id\":\"https:\/\/cdacv.es\/#\/schema\/logo\/image\/\",\"url\":\"https:\/\/cdacv.es\/wp-content\/uploads\/2023\/02\/fav.png\",\"contentUrl\":\"https:\/\/cdacv.es\/wp-content\/uploads\/2023\/02\/fav.png\",\"width\":300,\"height\":300,\"caption\":\"Consell De L\u2019Audiovisual De La Comunitat Valenciana\"},\"image\":{\"@id\":\"https:\/\/cdacv.es\/#\/schema\/logo\/image\/\"}},{\"@type\":\"Person\",\"@id\":\"https:\/\/cdacv.es\/#\/schema\/person\/2fe6d2110f66d6021bc485b6eb33b046\",\"name\":\"AdminNexora\",\"image\":{\"@type\":\"ImageObject\",\"inLanguage\":\"es\",\"@id\":\"https:\/\/cdacv.es\/#\/schema\/person\/image\/\",\"url\":\"https:\/\/secure.gravatar.com\/avatar\/1dc9274a96bed2cdf016317fc52f0df0b0b46b9297a4d6eec4cc4035611cf5b1?s=96&d=mm&r=g\",\"contentUrl\":\"https:\/\/secure.gravatar.com\/avatar\/1dc9274a96bed2cdf016317fc52f0df0b0b46b9297a4d6eec4cc4035611cf5b1?s=96&d=mm&r=g\",\"caption\":\"AdminNexora\"},\"url\":\"https:\/\/cdacv.es\/es\/author\/adminnexora\/\"}]}<\/script>\n<!-- \/ Yoast SEO plugin. -->","yoast_head_json":{"title":"CREACI\u00d3N DE DOS C\u00c1TEDRAS INTERUNIVERSITARIAS IMPULSADAS POR EL CACV","description":"El Consell de la Generalitat ha autorizado la creaci\u00f3n de la C\u00e1tedra de An\u00e1lisis y Prospectiva del Audiovisual y la C\u00e1tedra de Cultura Audiovisual, a trav\u00e9s de sendos convenios de marco entre el Consell de l\u2019Audiovisual de la Comunitat Valenciana y siete universidades valencianas que cuentan con estudios de comunicaci\u00f3n.","robots":{"index":"index","follow":"follow","max-snippet":"max-snippet:-1","max-image-preview":"max-image-preview:large","max-video-preview":"max-video-preview:-1"},"canonical":"https:\/\/cdacv.es\/es\/el-consell-de-la-generalitat-autoriza-la-creacion-de-dos-catedras-interuniversitarias-impulsadas-por-el-cacv\/","og_locale":"es_ES","og_type":"article","og_title":"CREACI\u00d3N DE DOS C\u00c1TEDRAS INTERUNIVERSITARIAS IMPULSADAS POR EL CACV","og_description":"El Consell de la Generalitat ha autorizado la creaci\u00f3n de la C\u00e1tedra de An\u00e1lisis y Prospectiva del Audiovisual y la C\u00e1tedra de Cultura Audiovisual, a trav\u00e9s de sendos convenios de marco entre el Consell de l\u2019Audiovisual de la Comunitat Valenciana y siete universidades valencianas que cuentan con estudios de comunicaci\u00f3n.","og_url":"https:\/\/cdacv.es\/es\/el-consell-de-la-generalitat-autoriza-la-creacion-de-dos-catedras-interuniversitarias-impulsadas-por-el-cacv\/","og_site_name":"Consell De L\u2019Audiovisual De La Comunitat Valenciana","article_published_time":"2023-10-17T12:11:07+00:00","article_modified_time":"2024-04-16T07:25:19+00:00","author":"AdminNexora","twitter_card":"summary_large_image","twitter_misc":{"Escrito por":"AdminNexora","Tiempo de lectura":"3 minutos"},"schema":{"@context":"https:\/\/schema.org","@graph":[{"@type":"Article","@id":"https:\/\/cdacv.es\/es\/el-consell-de-la-generalitat-autoriza-la-creacion-de-dos-catedras-interuniversitarias-impulsadas-por-el-cacv\/#article","isPartOf":{"@id":"https:\/\/cdacv.es\/es\/el-consell-de-la-generalitat-autoriza-la-creacion-de-dos-catedras-interuniversitarias-impulsadas-por-el-cacv\/"},"author":{"name":"AdminNexora","@id":"https:\/\/cdacv.es\/#\/schema\/person\/2fe6d2110f66d6021bc485b6eb33b046"},"headline":"EL CONSELL DE LA GENERALITAT AUTORIZA LA CREACI\u00d3N DE DOS C\u00c1TEDRAS INTERUNIVERSITARIAS IMPULSADAS POR EL CACV","datePublished":"2023-10-17T12:11:07+00:00","dateModified":"2024-04-16T07:25:19+00:00","mainEntityOfPage":{"@id":"https:\/\/cdacv.es\/es\/el-consell-de-la-generalitat-autoriza-la-creacion-de-dos-catedras-interuniversitarias-impulsadas-por-el-cacv\/"},"wordCount":668,"publisher":{"@id":"https:\/\/cdacv.es\/#organization"},"articleSection":["Noticias"],"inLanguage":"es"},{"@type":"WebPage","@id":"https:\/\/cdacv.es\/es\/el-consell-de-la-generalitat-autoriza-la-creacion-de-dos-catedras-interuniversitarias-impulsadas-por-el-cacv\/","url":"https:\/\/cdacv.es\/es\/el-consell-de-la-generalitat-autoriza-la-creacion-de-dos-catedras-interuniversitarias-impulsadas-por-el-cacv\/","name":"CREACI\u00d3N DE DOS C\u00c1TEDRAS INTERUNIVERSITARIAS IMPULSADAS POR EL CACV","isPartOf":{"@id":"https:\/\/cdacv.es\/#website"},"datePublished":"2023-10-17T12:11:07+00:00","dateModified":"2024-04-16T07:25:19+00:00","description":"El Consell de la Generalitat ha autorizado la creaci\u00f3n de la C\u00e1tedra de An\u00e1lisis y Prospectiva del Audiovisual y la C\u00e1tedra de Cultura Audiovisual, a trav\u00e9s de sendos convenios de marco entre el Consell de l\u2019Audiovisual de la Comunitat Valenciana y siete universidades valencianas que cuentan con estudios de comunicaci\u00f3n.","breadcrumb":{"@id":"https:\/\/cdacv.es\/es\/el-consell-de-la-generalitat-autoriza-la-creacion-de-dos-catedras-interuniversitarias-impulsadas-por-el-cacv\/#breadcrumb"},"inLanguage":"es","potentialAction":[{"@type":"ReadAction","target":["https:\/\/cdacv.es\/es\/el-consell-de-la-generalitat-autoriza-la-creacion-de-dos-catedras-interuniversitarias-impulsadas-por-el-cacv\/"]}]},{"@type":"BreadcrumbList","@id":"https:\/\/cdacv.es\/es\/el-consell-de-la-generalitat-autoriza-la-creacion-de-dos-catedras-interuniversitarias-impulsadas-por-el-cacv\/#breadcrumb","itemListElement":[{"@type":"ListItem","position":1,"name":"Home","item":"https:\/\/cdacv.es\/es\/"},{"@type":"ListItem","position":2,"name":"EL CONSELL DE LA GENERALITAT AUTORIZA LA CREACI\u00d3N DE DOS C\u00c1TEDRAS INTERUNIVERSITARIAS IMPULSADAS POR EL CACV"}]},{"@type":"WebSite","@id":"https:\/\/cdacv.es\/#website","url":"https:\/\/cdacv.es\/","name":"Consell De L\u2019Audiovisual De La Comunitat Valenciana","description":"\u00c9s l\u2019autoritat audiovisual independent encarregada de vetlar pel respecte dels drets, llibertats i valors constitucionals i estatutaris en l\u2019\u00e0mbit dels mitjans audiovisuals a la Comunitat Valenciana","publisher":{"@id":"https:\/\/cdacv.es\/#organization"},"potentialAction":[{"@type":"SearchAction","target":{"@type":"EntryPoint","urlTemplate":"https:\/\/cdacv.es\/?s={search_term_string}"},"query-input":"required name=search_term_string"}],"inLanguage":"es"},{"@type":"Organization","@id":"https:\/\/cdacv.es\/#organization","name":"Consell De L\u2019Audiovisual De La Comunitat Valenciana","url":"https:\/\/cdacv.es\/","logo":{"@type":"ImageObject","inLanguage":"es","@id":"https:\/\/cdacv.es\/#\/schema\/logo\/image\/","url":"https:\/\/cdacv.es\/wp-content\/uploads\/2023\/02\/fav.png","contentUrl":"https:\/\/cdacv.es\/wp-content\/uploads\/2023\/02\/fav.png","width":300,"height":300,"caption":"Consell De L\u2019Audiovisual De La Comunitat Valenciana"},"image":{"@id":"https:\/\/cdacv.es\/#\/schema\/logo\/image\/"}},{"@type":"Person","@id":"https:\/\/cdacv.es\/#\/schema\/person\/2fe6d2110f66d6021bc485b6eb33b046","name":"AdminNexora","image":{"@type":"ImageObject","inLanguage":"es","@id":"https:\/\/cdacv.es\/#\/schema\/person\/image\/","url":"https:\/\/secure.gravatar.com\/avatar\/1dc9274a96bed2cdf016317fc52f0df0b0b46b9297a4d6eec4cc4035611cf5b1?s=96&d=mm&r=g","contentUrl":"https:\/\/secure.gravatar.com\/avatar\/1dc9274a96bed2cdf016317fc52f0df0b0b46b9297a4d6eec4cc4035611cf5b1?s=96&d=mm&r=g","caption":"AdminNexora"},"url":"https:\/\/cdacv.es\/es\/author\/adminnexora\/"}]}},"_links":{"self":[{"href":"https:\/\/cdacv.es\/es\/wp-json\/wp\/v2\/posts\/1348","targetHints":{"allow":["GET"]}}],"collection":[{"href":"https:\/\/cdacv.es\/es\/wp-json\/wp\/v2\/posts"}],"about":[{"href":"https:\/\/cdacv.es\/es\/wp-json\/wp\/v2\/types\/post"}],"author":[{"embeddable":true,"href":"https:\/\/cdacv.es\/es\/wp-json\/wp\/v2\/users\/1"}],"replies":[{"embeddable":true,"href":"https:\/\/cdacv.es\/es\/wp-json\/wp\/v2\/comments?post=1348"}],"version-history":[{"count":3,"href":"https:\/\/cdacv.es\/es\/wp-json\/wp\/v2\/posts\/1348\/revisions"}],"predecessor-version":[{"id":1652,"href":"https:\/\/cdacv.es\/es\/wp-json\/wp\/v2\/posts\/1348\/revisions\/1652"}],"wp:attachment":[{"href":"https:\/\/cdacv.es\/es\/wp-json\/wp\/v2\/media?parent=1348"}],"wp:term":[{"taxonomy":"category","embeddable":true,"href":"https:\/\/cdacv.es\/es\/wp-json\/wp\/v2\/categories?post=1348"},{"taxonomy":"post_tag","embeddable":true,"href":"https:\/\/cdacv.es\/es\/wp-json\/wp\/v2\/tags?post=1348"}],"curies":[{"name":"wp","href":"https:\/\/api.w.org\/{rel}","templated":true}]}}