{"id":5001,"global_id":"cdacv.es\/es\/?id=5001","global_id_lineage":["cdacv.es\/es\/?id=5001"],"author":"1","status":"publish","date":"2026-03-26 14:07:18","date_utc":"2026-03-26 13:07:18","modified":"2026-03-26 14:51:35","modified_utc":"2026-03-26 13:51:35","url":"https:\/\/cdacv.es\/es\/agenda\/reunion-por-videoconferencia-del-grupo-de-trabajo-de-promocion-de-obra-europea-del-gassca\/","rest_url":"https:\/\/cdacv.es\/es\/wp-json\/tribe\/events\/v1\/events\/5001","title":"Reuni\u00f3n por videoconferencia del \u201cGrupo de Trabajo de Promoci\u00f3n de Obra Europea del GASSCA\u201d","description":"<ul>\n<li>Reuni\u00f3n por <strong>videoconferencia<\/strong>, del \u201c<strong>Grupo de Trabajo de Promoci\u00f3n de Obra Europea del GASSCA<\/strong>\u201d coordinado por el CACV <strong>el d\u00eda 26 de Marzo de 2026 a las 13:00h.<\/strong><\/li>\n<li><strong>ASISTEN:<\/strong>\n<ul>\n<li>El Presidente del CACV: Jos\u00e9 M\u00aa. Vidal Beltr\u00e1n<\/li>\n<li>El Consejero del CACV: \u00c0lvar Peris Blanes<\/li>\n<li>La Secretaria General del CACV: Amparo Latonda Pedraza<\/li>\n<li>Jefe \u00c1rea Contenidos, Estudios e Investigaci\u00f3n del CACV: Marc Pallar\u00e9s Piquer<\/li>\n<li>Representantes de:\n<ul>\n<li>Junta de Andaluc\u00eda<\/li>\n<li>Catalu\u00f1a<\/li>\n<li>CNMC<\/li>\n<li>Comunidad de Madrid<\/li>\n<\/ul>\n<\/li>\n<\/ul>\n<\/li>\n<\/ul>","excerpt":"","slug":"reunion-por-videoconferencia-del-grupo-de-trabajo-de-promocion-de-obra-europea-del-gassca","image":false,"all_day":false,"start_date":"2026-03-26 13:00:00","start_date_details":{"year":"2026","month":"03","day":"26","hour":"13","minutes":"00","seconds":"00"},"end_date":"2026-03-26 14:30:00","end_date_details":{"year":"2026","month":"03","day":"26","hour":"14","minutes":"30","seconds":"00"},"utc_start_date":"2026-03-26 12:00:00","utc_start_date_details":{"year":"2026","month":"03","day":"26","hour":"12","minutes":"00","seconds":"00"},"utc_end_date":"2026-03-26 13:30:00","utc_end_date_details":{"year":"2026","month":"03","day":"26","hour":"13","minutes":"30","seconds":"00"},"timezone":"Europe\/Madrid","timezone_abbr":"CET","cost":"","cost_details":{"currency_symbol":"","currency_code":"","currency_position":"prefix","values":[]},"website":"","show_map":true,"show_map_link":true,"hide_from_listings":false,"sticky":false,"featured":false,"categories":[],"tags":[],"venue":[],"organizer":[],"json_ld":{"@context":"http:\/\/schema.org","@type":"Event","name":"Reuni\u00f3n por videoconferencia del \u201cGrupo de Trabajo de Promoci\u00f3n de Obra Europea del GASSCA\u201d","description":"&lt;p&gt;Reuni\u00f3n por videoconferencia, del \u201cGrupo de Trabajo de Promoci\u00f3n de Obra Europea del GASSCA\u201d coordinado por el CACV el d\u00eda 26 de Marzo de 2026 a las 13:00h. ASISTEN: El...&lt;\/p&gt;\\n","url":"https:\/\/cdacv.es\/es\/agenda\/reunion-por-videoconferencia-del-grupo-de-trabajo-de-promocion-de-obra-europea-del-gassca\/","eventAttendanceMode":"https:\/\/schema.org\/OfflineEventAttendanceMode","startDate":"2026-03-26T13:00:00+01:00","endDate":"2026-03-26T14:30:00+01:00","location":false,"organizer":false,"performer":"Organization"}}