{"id":4792,"global_id":"cdacv.es\/es\/?id=4792","global_id_lineage":["cdacv.es\/es\/?id=4792"],"author":"1","status":"publish","date":"2026-02-25 09:24:12","date_utc":"2026-02-25 08:24:12","modified":"2026-02-25 10:36:55","modified_utc":"2026-02-25 09:36:55","url":"https:\/\/cdacv.es\/es\/agenda\/presentacion-mas-vecinas\/","rest_url":"https:\/\/cdacv.es\/es\/wp-json\/tribe\/events\/v1\/events\/4792","title":"Presentaci\u00f3n M\u00e1s Vecinas","description":"<ul>\n<li>De la Asociaci\u00f3n M\u00e1s Mujeres Creativas.<\/li>\n<li>Asiste la Vicepresidenta del CACV, Carmen Carret\u00f3n.<\/li>\n<li>Alicante.<\/li>\n<\/ul>","excerpt":"","slug":"presentacion-mas-vecinas","image":false,"all_day":false,"start_date":"2026-02-26 18:00:00","start_date_details":{"year":"2026","month":"02","day":"26","hour":"18","minutes":"00","seconds":"00"},"end_date":"2026-02-26 20:00:00","end_date_details":{"year":"2026","month":"02","day":"26","hour":"20","minutes":"00","seconds":"00"},"utc_start_date":"2026-02-26 17:00:00","utc_start_date_details":{"year":"2026","month":"02","day":"26","hour":"17","minutes":"00","seconds":"00"},"utc_end_date":"2026-02-26 19:00:00","utc_end_date_details":{"year":"2026","month":"02","day":"26","hour":"19","minutes":"00","seconds":"00"},"timezone":"Europe\/Madrid","timezone_abbr":"CET","cost":"","cost_details":{"currency_symbol":"","currency_code":"","currency_position":"prefix","values":[]},"website":"","show_map":true,"show_map_link":true,"hide_from_listings":false,"sticky":false,"featured":false,"categories":[],"tags":[],"venue":[],"organizer":[],"json_ld":{"@context":"http:\/\/schema.org","@type":"Event","name":"Presentaci\u00f3n M\u00e1s Vecinas","description":"&lt;p&gt;De la Asociaci\u00f3n M\u00e1s Mujeres Creativas. Asiste la Vicepresidenta del CACV, Carmen Carret\u00f3n. Alicante.&lt;\/p&gt;\\n","url":"https:\/\/cdacv.es\/es\/agenda\/presentacion-mas-vecinas\/","eventAttendanceMode":"https:\/\/schema.org\/OfflineEventAttendanceMode","startDate":"2026-02-26T18:00:00+01:00","endDate":"2026-02-26T20:00:00+01:00","location":false,"organizer":false,"performer":"Organization"}}