{"id":4577,"global_id":"cdacv.es\/es\/?id=4577","global_id_lineage":["cdacv.es\/es\/?id=4577"],"author":"1","status":"publish","date":"2025-12-15 16:09:57","date_utc":"2025-12-15 15:09:57","modified":"2025-12-15 16:09:57","modified_utc":"2025-12-15 15:09:57","url":"https:\/\/cdacv.es\/es\/agenda\/comision-de-medios-de-comunicacion-publicos-7\/","rest_url":"https:\/\/cdacv.es\/es\/wp-json\/tribe\/events\/v1\/events\/4577","title":"Comisi\u00f3n de Medios de Comunicaci\u00f3n P\u00fablicos","description":"<ul>\n<li>Por videoconferencia<\/li>\n<\/ul>","excerpt":"","slug":"comision-de-medios-de-comunicacion-publicos-7","image":false,"all_day":false,"start_date":"2025-12-11 09:30:00","start_date_details":{"year":"2025","month":"12","day":"11","hour":"09","minutes":"30","seconds":"00"},"end_date":"2025-12-11 10:00:00","end_date_details":{"year":"2025","month":"12","day":"11","hour":"10","minutes":"00","seconds":"00"},"utc_start_date":"2025-12-11 08:30:00","utc_start_date_details":{"year":"2025","month":"12","day":"11","hour":"08","minutes":"30","seconds":"00"},"utc_end_date":"2025-12-11 09:00:00","utc_end_date_details":{"year":"2025","month":"12","day":"11","hour":"09","minutes":"00","seconds":"00"},"timezone":"Europe\/Madrid","timezone_abbr":"CET","cost":"","cost_details":{"currency_symbol":"","currency_code":"","currency_position":"prefix","values":[]},"website":"","show_map":true,"show_map_link":true,"hide_from_listings":false,"sticky":false,"featured":false,"categories":[],"tags":[],"venue":[],"organizer":[],"json_ld":{"@context":"http:\/\/schema.org","@type":"Event","name":"Comisi\u00f3n de Medios de Comunicaci\u00f3n P\u00fablicos","description":"&lt;p&gt;Por videoconferencia&lt;\/p&gt;\\n","url":"https:\/\/cdacv.es\/es\/agenda\/comision-de-medios-de-comunicacion-publicos-7\/","eventAttendanceMode":"https:\/\/schema.org\/OfflineEventAttendanceMode","startDate":"2025-12-11T09:30:00+01:00","endDate":"2025-12-11T10:00:00+01:00","location":false,"organizer":false,"performer":"Organization"}}