{"id":4535,"global_id":"cdacv.es\/es\/?id=4535","global_id_lineage":["cdacv.es\/es\/?id=4535"],"author":"1","status":"publish","date":"2025-12-04 21:43:38","date_utc":"2025-12-04 20:43:38","modified":"2025-12-04 21:43:38","modified_utc":"2025-12-04 20:43:38","url":"https:\/\/cdacv.es\/es\/agenda\/comision-sobre-el-caracter-formativo-de-los-medios-de-comunicacion-y-derechos-de-la-ciudadania-13\/","rest_url":"https:\/\/cdacv.es\/es\/wp-json\/tribe\/events\/v1\/events\/4535","title":"Comisi\u00f3n sobre el Car\u00e1cter Formativo de los Medios de Comunicaci\u00f3n y Derechos de la Ciudadan\u00eda","description":"<ul>\n<li>Por videoconferencia<\/li>\n<\/ul>","excerpt":"","slug":"comision-sobre-el-caracter-formativo-de-los-medios-de-comunicacion-y-derechos-de-la-ciudadania-13","image":false,"all_day":false,"start_date":"2025-12-04 10:30:00","start_date_details":{"year":"2025","month":"12","day":"04","hour":"10","minutes":"30","seconds":"00"},"end_date":"2025-12-04 11:00:00","end_date_details":{"year":"2025","month":"12","day":"04","hour":"11","minutes":"00","seconds":"00"},"utc_start_date":"2025-12-04 09:30:00","utc_start_date_details":{"year":"2025","month":"12","day":"04","hour":"09","minutes":"30","seconds":"00"},"utc_end_date":"2025-12-04 10:00:00","utc_end_date_details":{"year":"2025","month":"12","day":"04","hour":"10","minutes":"00","seconds":"00"},"timezone":"Europe\/Madrid","timezone_abbr":"CET","cost":"","cost_details":{"currency_symbol":"","currency_code":"","currency_position":"prefix","values":[]},"website":"","show_map":true,"show_map_link":true,"hide_from_listings":false,"sticky":false,"featured":false,"categories":[],"tags":[],"venue":[],"organizer":[],"json_ld":{"@context":"http:\/\/schema.org","@type":"Event","name":"Comisi\u00f3n sobre el Car\u00e1cter Formativo de los Medios de Comunicaci\u00f3n y Derechos de la Ciudadan\u00eda","description":"&lt;p&gt;Por videoconferencia&lt;\/p&gt;\\n","url":"https:\/\/cdacv.es\/es\/agenda\/comision-sobre-el-caracter-formativo-de-los-medios-de-comunicacion-y-derechos-de-la-ciudadania-13\/","eventAttendanceMode":"https:\/\/schema.org\/OfflineEventAttendanceMode","startDate":"2025-12-04T10:30:00+01:00","endDate":"2025-12-04T11:00:00+01:00","location":false,"organizer":false,"performer":"Organization"}}