{"id":3703,"global_id":"cdacv.es\/es\/?id=3703","global_id_lineage":["cdacv.es\/es\/?id=3703"],"author":"1","status":"publish","date":"2025-07-10 08:04:07","date_utc":"2025-07-10 06:04:07","modified":"2025-07-10 08:04:07","modified_utc":"2025-07-10 06:04:07","url":"https:\/\/cdacv.es\/es\/agenda\/reunion-del-presidente-del-cacv-jose-maria-vidal-con-el-director-general-de-comunicacion-y-promocion-institucional-francisco-daniel-gonzalez-perez\/","rest_url":"https:\/\/cdacv.es\/es\/wp-json\/tribe\/events\/v1\/events\/3703","title":"Reuni\u00f3n del Presidente del CACV, Jos\u00e9 Mar\u00eda Vidal, con el Director General de Comunicaci\u00f3n y Promoci\u00f3n Institucional, Francisco Daniel Gonz\u00e1lez P\u00e9rez","description":"<ul>\n<li>En la Sede de la Generalitat Valenciana<\/li>\n<\/ul>","excerpt":"","slug":"reunion-del-presidente-del-cacv-jose-maria-vidal-con-el-director-general-de-comunicacion-y-promocion-institucional-francisco-daniel-gonzalez-perez","image":false,"all_day":false,"start_date":"2025-07-09 13:00:00","start_date_details":{"year":"2025","month":"07","day":"09","hour":"13","minutes":"00","seconds":"00"},"end_date":"2025-07-09 14:00:00","end_date_details":{"year":"2025","month":"07","day":"09","hour":"14","minutes":"00","seconds":"00"},"utc_start_date":"2025-07-09 11:00:00","utc_start_date_details":{"year":"2025","month":"07","day":"09","hour":"11","minutes":"00","seconds":"00"},"utc_end_date":"2025-07-09 12:00:00","utc_end_date_details":{"year":"2025","month":"07","day":"09","hour":"12","minutes":"00","seconds":"00"},"timezone":"Europe\/Madrid","timezone_abbr":"CEST","cost":"","cost_details":{"currency_symbol":"","currency_code":"","currency_position":"prefix","values":[]},"website":"","show_map":true,"show_map_link":true,"hide_from_listings":false,"sticky":false,"featured":false,"categories":[],"tags":[],"venue":[],"organizer":[],"json_ld":{"@context":"http:\/\/schema.org","@type":"Event","name":"Reuni\u00f3n del Presidente del CACV, Jos\u00e9 Mar\u00eda Vidal, con el Director General de Comunicaci\u00f3n y Promoci\u00f3n Institucional, Francisco Daniel Gonz\u00e1lez P\u00e9rez","description":"&lt;p&gt;En la Sede de la Generalitat Valenciana&lt;\/p&gt;\\n","url":"https:\/\/cdacv.es\/es\/agenda\/reunion-del-presidente-del-cacv-jose-maria-vidal-con-el-director-general-de-comunicacion-y-promocion-institucional-francisco-daniel-gonzalez-perez\/","eventAttendanceMode":"https:\/\/schema.org\/OfflineEventAttendanceMode","startDate":"2025-07-09T13:00:00+02:00","endDate":"2025-07-09T14:00:00+02:00","location":false,"organizer":false,"performer":"Organization"}}