{"id":1702,"global_id":"cdacv.es\/es\/?id=1702","global_id_lineage":["cdacv.es\/es\/?id=1702"],"author":"1","status":"publish","date":"2024-05-08 13:29:52","date_utc":"2024-05-08 13:29:52","modified":"2024-05-08 13:29:52","modified_utc":"2024-05-08 13:29:52","url":"https:\/\/cdacv.es\/es\/agenda\/reunion-del-presidente-del-consell-de-laudiovisual-de-la-comunitat-valenciana-jose-maria-vidal-beltran-con-la-delegada-del-consell-en-castellon-susana-fabregat-carrasquer\/","rest_url":"https:\/\/cdacv.es\/es\/wp-json\/tribe\/events\/v1\/events\/1702","title":"Reuni\u00f3n del Presidente del Consell de l\u2019Audiovisual de la Comunitat Valenciana, Jos\u00e9 Mar\u00eda Vidal Beltr\u00e1n, con la Delegada del Consell en Castell\u00f3n, Susana Fabregat Carrasquer","description":"","excerpt":"","slug":"reunion-del-presidente-del-consell-de-laudiovisual-de-la-comunitat-valenciana-jose-maria-vidal-beltran-con-la-delegada-del-consell-en-castellon-susana-fabregat-carrasquer","image":false,"all_day":false,"start_date":"2024-05-09 13:30:00","start_date_details":{"year":"2024","month":"05","day":"09","hour":"13","minutes":"30","seconds":"00"},"end_date":"2024-05-09 14:30:00","end_date_details":{"year":"2024","month":"05","day":"09","hour":"14","minutes":"30","seconds":"00"},"utc_start_date":"2024-05-09 13:30:00","utc_start_date_details":{"year":"2024","month":"05","day":"09","hour":"13","minutes":"30","seconds":"00"},"utc_end_date":"2024-05-09 14:30:00","utc_end_date_details":{"year":"2024","month":"05","day":"09","hour":"14","minutes":"30","seconds":"00"},"timezone":"UTC+0","timezone_abbr":"UTC+0","cost":"","cost_details":{"currency_symbol":"","currency_code":"","currency_position":"prefix","values":[]},"website":"","show_map":true,"show_map_link":true,"hide_from_listings":false,"sticky":false,"featured":false,"categories":[],"tags":[],"venue":[],"organizer":[],"json_ld":{"@context":"http:\/\/schema.org","@type":"Event","name":"Reuni\u00f3n del Presidente del Consell de l\u2019Audiovisual de la Comunitat Valenciana, Jos\u00e9 Mar\u00eda Vidal Beltr\u00e1n, con la Delegada del Consell en Castell\u00f3n, Susana Fabregat Carrasquer","description":"","url":"https:\/\/cdacv.es\/es\/agenda\/reunion-del-presidente-del-consell-de-laudiovisual-de-la-comunitat-valenciana-jose-maria-vidal-beltran-con-la-delegada-del-consell-en-castellon-susana-fabregat-carrasquer\/","eventAttendanceMode":"https:\/\/schema.org\/OfflineEventAttendanceMode","startDate":"2024-05-09T13:30:00+00:00","endDate":"2024-05-09T14:30:00+00:00","location":false,"organizer":false,"performer":"Organization"}}